{"id":25707,"date":"2020-11-29T09:20:42","date_gmt":"2020-11-29T08:20:42","guid":{"rendered":"http:\/\/www.monempresarial.com\/2020\/11\/29\/como-acelerar-la-transformacion-digital-de-las-empresas\/"},"modified":"2025-09-24T11:13:23","modified_gmt":"2025-09-24T09:13:23","slug":"la-viabilitat-del-decreixement-al-nostre-mon","status":"publish","type":"post","link":"https:\/\/www.monempresarial.com\/ca\/2020\/11\/29\/la-viabilitat-del-decreixement-al-nostre-mon\/","title":{"rendered":"La viabilitat del decreixement al nostre m\u00f3n"},"content":{"rendered":"<h4 style=\"color: #602d11;\"><img decoding=\"async\" loading=\"lazy\" class=\"size-full wp-image-25678 alignleft\" src=\"https:\/\/www.monempresarial.com\/wp-content\/uploads\/2020\/11\/Alejandro-Santana-Mariscal-2.jpg\" alt=\"\" width=\"283\" height=\"268\" \/>Un tema que avui adquireix important rellev\u00e0ncia per als governs i el m\u00f3n empresarial \u00e9s la necessitat que els pa\u00efsos mantinguin un creixement econ\u00f2mic sostingut. Aix\u00f2 es deu a l&#8217;associaci\u00f3 que es fa del creixement econ\u00f2mic amb les activitats productives d&#8217;un pa\u00eds. Si es creix econ\u00f2micament, s&#8217;assumeix que aix\u00f2 genera ingressos, llocs de treball i, en conseq\u00fc\u00e8ncia, un millor nivell de vida.<\/h4>\n<h4><span style=\"color: #663300; font-weight: bold; text-transform: uppercase;\"><strong>Alejandro Santana Mariscal. <\/strong><\/span><strong>Professor Col\u00b7laborador del Departament de Societat, Pol\u00edtica i Sostenibilitat d\u2019ESADE.<\/strong><\/h4>\n<hr style=\"color: #b72126;\" \/>\n<p>No obstant aix\u00f2, no podem oblidar que aquest creixement ha de ser sostingut i, tamb\u00e9 sostenible en el temps, ja que vivim en un planeta on els recursos s\u00f3n limitats. Aix\u00f2 ens porta a considerar-ne els aspectes ecol\u00f2gics, ja que aquests interactuen amb els processos d&#8217;industrialitzaci\u00f3 i els tecnol\u00f2gics. En quin sentit? Els models de producci\u00f3 que hem utilitzat en les \u00faltimes d\u00e8cades han provocat alts nivells de contaminaci\u00f3, una generaci\u00f3 de deixalles t\u00f2xiques i un esgotament irracional dels recursos del planeta. Aix\u00f2 no facilita la sostenibilitat del creixement econ\u00f2mic en el futur. Per contra, suggereix replantejar-se els fonaments biof\u00edsics del proc\u00e9s econ\u00f2mic basat en l&#8217;extracci\u00f3 dels recursos del planeta.<\/p>\n<p>Una proposta interessant per solucionar aquest problema \u00e9s la idea del decreixement, que es planteja com una alternativa per evitar danys ecol\u00f2gics, ja que se centra a limitar intencionalment l&#8217;escala d&#8217;activitat econ\u00f2mica i reduir-la per fer-la compatible amb els l\u00edmits biof\u00edsics del planeta. Aix\u00f2 implica adaptar els models de producci\u00f3, per\u00f2 no suggereix que es deixi de cr\u00e9ixer econ\u00f2micament.<\/p>\n<p>Per contra, el decreixement suggereix vincular adequadament les activitats econ\u00f2miques amb els ecosistemes del planeta. Per aix\u00f2, seria molt \u00fatil i important que el sector empresarial es replantegi la seva activitat per contribuir a la preservaci\u00f3 del nostre planeta.<\/p>\n<blockquote>\n<h2><span style=\"color: #602d11;\">Crec, finalment, que aquesta proposta no suggereix limitar l&#8217;activitat empresarial. Ans al contrari, proposa pensar de forma innovadora com es poden posar en marxa noves activitats empresarials que convisquin amb els ecosistemes del planeta. Aix\u00f2 \u00e9s una demanda social que s&#8217;ha de tenir en compte per facilitar la nostra coexist\u00e8ncia en aquest planeta. <\/span><\/h2>\n<\/blockquote>\n","protected":false},"excerpt":{"rendered":"<p>Un tema que avui adquireix important rellev\u00e0ncia per als governs i el m\u00f3n empresarial \u00e9s la necessitat que els pa\u00efsos mantinguin un creixement econ\u00f2mic sostingut. Aix\u00f2 es deu a l&#8217;associaci\u00f3 que es fa del creixement econ\u00f2mic amb les activitats productives d&#8217;un pa\u00eds. Si es creix econ\u00f2micament, s&#8217;assumeix que aix\u00f2 genera ingressos, llocs de treball i, [&hellip;]<\/p>\n","protected":false},"author":1,"featured_media":25682,"comment_status":"closed","ping_status":"closed","sticky":false,"template":"","format":"standard","meta":{"_mi_skip_tracking":false,"mc4wp_mailchimp_campaign":[],"jnews-multi-image_gallery":[],"jnews_single_post":[],"jnews_primary_category":[]},"categories":[10846,10816,8311],"tags":[402,1865,4840,5117,6269,8303,8312],"_links":{"self":[{"href":"https:\/\/www.monempresarial.com\/ca\/wp-json\/wp\/v2\/posts\/25707"}],"collection":[{"href":"https:\/\/www.monempresarial.com\/ca\/wp-json\/wp\/v2\/posts"}],"about":[{"href":"https:\/\/www.monempresarial.com\/ca\/wp-json\/wp\/v2\/types\/post"}],"author":[{"embeddable":true,"href":"https:\/\/www.monempresarial.com\/ca\/wp-json\/wp\/v2\/users\/1"}],"replies":[{"embeddable":true,"href":"https:\/\/www.monempresarial.com\/ca\/wp-json\/wp\/v2\/comments?post=25707"}],"version-history":[{"count":1,"href":"https:\/\/www.monempresarial.com\/ca\/wp-json\/wp\/v2\/posts\/25707\/revisions"}],"predecessor-version":[{"id":47667,"href":"https:\/\/www.monempresarial.com\/ca\/wp-json\/wp\/v2\/posts\/25707\/revisions\/47667"}],"wp:featuredmedia":[{"embeddable":true,"href":"https:\/\/www.monempresarial.com\/ca\/wp-json\/wp\/v2\/media\/25682"}],"wp:attachment":[{"href":"https:\/\/www.monempresarial.com\/ca\/wp-json\/wp\/v2\/media?parent=25707"}],"wp:term":[{"taxonomy":"category","embeddable":true,"href":"https:\/\/www.monempresarial.com\/ca\/wp-json\/wp\/v2\/categories?post=25707"},{"taxonomy":"post_tag","embeddable":true,"href":"https:\/\/www.monempresarial.com\/ca\/wp-json\/wp\/v2\/tags?post=25707"}],"curies":[{"name":"wp","href":"https:\/\/api.w.org\/{rel}","templated":true}]}}