{"id":25991,"date":"2020-12-16T13:53:37","date_gmt":"2020-12-16T12:53:37","guid":{"rendered":"http:\/\/www.monempresarial.com\/2020\/12\/16\/entrevista-a-antoni-canete-secretario-general-de-pimec-presidente-de-la-pmcm-y-vicepresidente-portavoz-de-la-plataforma-pymes\/"},"modified":"2025-06-06T10:05:55","modified_gmt":"2025-06-06T08:05:55","slug":"entrevista-a-kike-sarasola-president-i-fundador-de-room-mate-group","status":"publish","type":"post","link":"https:\/\/www.monempresarial.com\/ca\/2020\/12\/16\/entrevista-a-kike-sarasola-president-i-fundador-de-room-mate-group\/","title":{"rendered":"Entrevista a Kike Sarasola. President i fundador de Room Mate Group"},"content":{"rendered":"<p><strong>Malgrat que l\u2019hostaleria \u00e9s un dels sectors m\u00e9s perjudicats per l\u2019impacte econ\u00f2mic de la Covid-19, Kike Sarasola ofereix, al mal temps, la seva millor cara. I \u00e9s que els reptes no espanten a aquest emprenedor nat h\u00e0bil a superar obstacles (tamb\u00e9 a cavall, gr\u00e0cies al seu passat com a genet) que confia que la pand\u00e8mia ens far\u00e0 sortir-ne \u201cm\u00e9s refor\u00e7ats que mai\u201d.<\/strong><\/p>\n<h4>Text: <a style=\"color: #9d9c9c;\" href=\"http:\/\/monempresarial.com\/author\/ebouisset\/\">E<span style=\"color: #9d9c9c;\">mma Bouiss<\/span>et\u00a0<\/a>\u00a0 Fotos: <span style=\"color: #9d9c9c;\">Room Mate Group<\/span><\/h4>\n<hr style=\"color: #b72126;\" \/>\n<h1 style=\"text-align: center;\"><span style=\"color: #9d9c9c;\"><strong><img decoding=\"async\" loading=\"lazy\" class=\"wp-image-25971 aligncenter\" src=\"https:\/\/www.monempresarial.com\/wp-content\/uploads\/2020\/12\/kike-sarasola-Room-Mate-5132.jpg\" alt=\"\" width=\"800\" height=\"509\" srcset=\"https:\/\/www.monempresarial.com\/wp-content\/uploads\/2020\/12\/kike-sarasola-Room-Mate-5132.jpg 1075w, https:\/\/www.monempresarial.com\/wp-content\/uploads\/2020\/12\/kike-sarasola-Room-Mate-5132-300x191.jpg 300w, https:\/\/www.monempresarial.com\/wp-content\/uploads\/2020\/12\/kike-sarasola-Room-Mate-5132-1024x652.jpg 1024w, https:\/\/www.monempresarial.com\/wp-content\/uploads\/2020\/12\/kike-sarasola-Room-Mate-5132-300x191@2x.jpg 600w\" sizes=\"(max-width: 800px) 100vw, 800px\" \/>\u201cEstem davant d&#8217;una oportunitat hist\u00f2rica per<br \/>\n<\/strong><\/span><span style=\"color: #9d9c9c;\"><strong>reinventarnos i aconseguir un sector tur\u00edstic de m\u00e9s qualitat, m\u00e9s sostenible i digital&#8221;<\/strong><\/span><\/h1>\n<p><strong><span style=\"color: #9d9c9c;\"><img decoding=\"async\" loading=\"lazy\" class=\"wp-image-25982 alignleft\" src=\"https:\/\/www.monempresarial.com\/wp-content\/uploads\/2020\/12\/cuadro-kike-cat-1.jpg\" alt=\"\" width=\"475\" height=\"356\" srcset=\"https:\/\/www.monempresarial.com\/wp-content\/uploads\/2020\/12\/cuadro-kike-cat-1.jpg 674w, https:\/\/www.monempresarial.com\/wp-content\/uploads\/2020\/12\/cuadro-kike-cat-1-300x225.jpg 300w, https:\/\/www.monempresarial.com\/wp-content\/uploads\/2020\/12\/cuadro-kike-cat-1-300x225@2x.jpg 600w\" sizes=\"(max-width: 475px) 100vw, 475px\" \/>D\u2019hotels i apartaments tur\u00edstics, n&#8217;hi ha molts. Qu\u00e8 \u00e9s el que fa de Room Mate i Be Mate una opci\u00f3 especial?<\/span> <\/strong><br \/>\nA Room Mate Group les persones estan sempre al centre de totes les nostres decisions. Per aix\u00f2, vam ser pioners, a Room Mate Hotels, d\u2019oferir Wifi gratu\u00eft als nostres clients i esmorzars fins a les 12 del mat\u00ed. Nosaltres creiem que la millor manera de viatjar \u00e9s visitant amics, per aix\u00f2 cada un dels nostres hotels t\u00e9 una cara, un nom i una personalitat, que es veu, a m\u00e9s, reflectida en el disseny. Aix\u00ed, per exemple, quan visites Nova York coneixes la casa de la Grace, a Madrid la de\u00a0 l\u2019\u00d3scar o la Macarena, a Mil\u00e0 la dela \u00a0Giulia i a Rotterdam la d\u2019en Bruno.<br \/>\nEn el cas de Be Mate, tamb\u00e9 vam ser la primera cadena hotelera de veure una oportunitat de mercat amb l&#8217;aparici\u00f3 d&#8217;Airbnb. Alguns hotelers ho veien com una amena\u00e7a i nosaltres, de nou, en pensar en els nostres clients, vam entendre que ens permetia d\u2019oferir-los una nova opci\u00f3 d&#8217;allotjament: la llibertat d&#8217;un apartament amb la qualitat i els serveis d&#8217;un hotel.<\/p>\n<p><span style=\"color: #9d9c9c;\"><strong>Des del seu llan\u00e7ament, el 2005, per\u00f2, hem viscut dues grans crisis econ\u00f2miques. \u00bfVost\u00e8 \u00e9s dels que veu el got mig ple o mig buit?<\/strong><\/span><br \/>\nS\u00f3c optimista per naturalesa i per aix\u00f2 em prenc aquesta situaci\u00f3 com un repte per sortir m\u00e9s refor\u00e7ats que mai. Penso que estem, per tant, davant d&#8217;una oportunitat hist\u00f2rica per reinventar-nos, per aconseguir un sector tur\u00edstic de m\u00e9s qualitat, m\u00e9s sostenible i digital. Ha arribat el moment de decidir quins turistes ens interessa que vinguin: turistes de qualitat o turisme a volum. Hem de buscar, per exemple, els viatgers que s\u00f3n a \u00c0sia i als Estats Units, que s\u00f3n els de major qualitat i els que aporten diners a tota la cadena de valor.<\/p>\n<blockquote>\n<h2><span style=\"color: #9d9c9c;\">\u201cA Be Mate, vam ser la primera cadena hotelera de veure una oportunitat de mercat amb l&#8217;aparici\u00f3 d&#8217;Airbnb.\u201d<\/span><\/h2>\n<\/blockquote>\n<p><span style=\"color: #9d9c9c;\"><strong>La magnitud de l&#8217;actual crisi del coronavirus, no obstant, \u00e9s tal que Exceltur calcula que el sector tur\u00edstic espanyol perdr\u00e0 -al tancament del 2020- 98.753 milions d&#8217;euros, i els experts auguren que caldr\u00e0 esperar l\u2019any 2024 per aconseguir una recuperaci\u00f3 total. Quina ser\u00e0 l&#8217;estrat\u00e8gia de Room Mate i Be Mate a Espanya per sortejar els tres o quatre anys complicats que encara tenim per davant per aconseguir-ho?<\/strong><\/span><br \/>\nFer previsions ara mateix a m\u00e9s d&#8217;unes setmanes vista \u00e9s molt dif\u00edcil. El comportament dels clients \u00e9s impredictible i tot dependr\u00e0 dels avan\u00e7os de la vacuna, la taxa d&#8217;incid\u00e8ncia per \u00e0rea geogr\u00e0fica o les pol\u00edtiques que aplicar\u00e0 cada govern o administraci\u00f3 auton\u00f2mica (quarantenes, prohibici\u00f3 de viatges, confinaments totals o parcials, etc.).<br \/>\nJo no puc plantejar-me pensar en una recuperaci\u00f3 a tres o quatre anys, jo estic treballant amb el focus en el 2021. Hem de replantejar tot el que hem fet fins ara i decidir quina ser\u00e0 la nostra prioritat. Jo ho tinc clar: hem de tornar la confian\u00e7a sanit\u00e0ria perqu\u00e8 tots tornem a viatjar. En el nostre cas, les persones sempre han estat la nostra prioritat i ara hem de garantir la seguretat dels nostres clients i dels meus <em>roomies<\/em>. Per aix\u00f2, en col\u00b7laboraci\u00f3 amb Quir\u00f3nprevenci\u00f3n, som la primera cadena hotelera a realitzar proves Covid-19 gratu\u00eftes per als nostres clients (vegeu pe\u00e7a complement\u00e0ria).<\/p>\n<p><span style=\"color: #9d9c9c;\"><strong>Creu que els 24.000 milions d&#8217;euros que el Govern ha destinat a reactivar el turisme espanyol seran suficients per rescatar efectivament el sector? Quines serien les seves demandes a l&#8217;executiu espanyol?<\/strong><\/span><br \/>\nLa realitat exigeix que parlem amb total claredat: estem en una situaci\u00f3 preocupant. Hem de prendre decisions aviat i fer-ho de manera conjunta. \u00c9s necess\u00e0ria una col\u00b7laboraci\u00f3 publicoprivada per dissenyar junts un pla de recuperaci\u00f3 del sector que sigui intel\u00b7ligent i just. \u00c9s prioritari per a la nostra superviv\u00e8ncia que es realitzi un repartiment correcte dels fons de recuperaci\u00f3 europea.<br \/>\nA m\u00e9s, el Govern, a l&#8217;igual que en altres pa\u00efsos, hauria de demanar que es facin tests en origen abans d&#8217;arribar al nostre pa\u00eds. Hem de ser capa\u00e7os d&#8217;a\u00efllar a les persones infectades i segons els experts, les proves s\u00f3n la millor soluci\u00f3.<\/p>\n<p><span style=\"color: #9d9c9c;\"><strong>Vost\u00e8s tamb\u00e9 tenen establiments als Estats Units, Fran\u00e7a, It\u00e0lia, Turquia i en Pa\u00efsos Baixos. Com valoren les diferents gestions de la crisi que s&#8217;han fet des dels respectius governs?\u00a0<\/strong><\/span><br \/>\nNo m&#8217;agrada la cr\u00edtica si no \u00e9s constructiva. L&#8217;important no \u00e9s qu\u00e8 han fet malament als altres pa\u00efsos, sin\u00f3 qu\u00e8 han fet b\u00e9 i com podem copiar-los per sortir com m\u00e9s aviat d&#8217;aquesta crisi.<br \/>\nPer exemple: els aeroports de Par\u00eds han anunciat tests r\u00e0pids d&#8217;ant\u00edgens a la sortida. Per la seva banda, el corredor aeri entre Roma i Mil\u00e0 ha estat aplicant tamb\u00e9 tests a la sortida amb \u00e8xit. Tamb\u00e9 a Pakistan-Abu Dhabi estan fent servir tests i <em>preclearance<\/em> abans de la sortida.<\/p>\n<blockquote>\n<h2><span style=\"color: #9d9c9c;\">&#8220;Fer previsions ara mateix a m\u00e9s d&#8217;unes setmanes vista \u00e9s molt dif\u00edcil. El comportament dels clients \u00e9s impredictible i tot dependr\u00e0 dels avan\u00e7os de la vacuna o les pol\u00edtiques que aplicar\u00e0 cada govern o administraci\u00f3 auton\u00f2mica.\u201d<\/span><\/h2>\n<\/blockquote>\n<p><span style=\"color: #9d9c9c;\"><strong>Diria que superar aquesta pand\u00e8mia sense el cessament del negoci podria ser el seu major desafiament professional? Quins altres reptes, viscuts al llarg de la seva carrera, destacaria?<img decoding=\"async\" loading=\"lazy\" class=\"alignright wp-image-25986 size-full\" src=\"http:\/\/www.monempresarial.com\/wp-content\/uploads\/2020\/12\/cuadro-kike-3-cat-e1608283215605.jpg\" alt=\"\" width=\"195\" height=\"799\" srcset=\"https:\/\/www.monempresarial.com\/wp-content\/uploads\/2020\/12\/cuadro-kike-3-cat-e1608283215605.jpg 195w, https:\/\/www.monempresarial.com\/wp-content\/uploads\/2020\/12\/cuadro-kike-3-cat-e1608283215605-73x300.jpg 73w\" sizes=\"(max-width: 195px) 100vw, 195px\" \/><\/strong><\/span><br \/>\nAquest, sense cap mena de dubte, pot ser el repte m\u00e9s dif\u00edcil a qu\u00e8 ens hem enfrontat, perqu\u00e8 \u00e9s una pand\u00e8mia mundial que afecta tots els hotels que tenim a tot el m\u00f3n. He tingut tamb\u00e9 altres reptes molt importants en la meva carrera esportiva, per exemple, competir en tres Jocs Ol\u00edmpics.<\/p>\n<p><span style=\"color: #9d9c9c;\"><strong>Creu que ser fill d&#8217;empresaris ha jugat al seu favor a l&#8217;hora de sortejar les adversitats que comporta emprendre?<\/strong><\/span><br \/>\nHe tingut la sort que sempre he volgut ser emprenedor i vaig tenir un professor molt bo que va ser el meu pare, amb qui vaig comen\u00e7ar a treballar als 16 anys i en vaig aprendre molt.<\/p>\n<p><span style=\"color: #9d9c9c;\"><strong>Si pogu\u00e9s tornar enrere en el temps, \u00bfprendria les mateixes decisions?<\/strong><\/span><br \/>\nMirant enrere, sempre \u00e9s f\u00e0cil pensar que faria alguna cosa d&#8217;una altra manera, per\u00f2 jo no em penedeixo de res, perqu\u00e8 all\u00f2 dolent m&#8217;ha servit per aprendre. Fredament, diria que no canviaria res.<\/p>\n<p><strong><span style=\"color: #9d9c9c;\">A qui admira Kike Sarasola?<\/span> <\/strong><br \/>\nA Richard Branson, m\u2019encantaria con\u00e8ixer-lo en persona.<\/p>\n<p><span style=\"color: #9d9c9c;\"><strong>On el veurem d&#8217;aqu\u00ed a 10 anys?<\/strong><\/span><br \/>\nNo penso mai a tants anys vista. Pel meu passat com a genet ol\u00edmpic, sempre treballo amb plans a 4 anys, com quan entrenava per a les Olimp\u00edades.<\/p>\n<p>&nbsp;<\/p>\n","protected":false},"excerpt":{"rendered":"<p>Malgrat que l\u2019hostaleria \u00e9s un dels sectors m\u00e9s perjudicats per l\u2019impacte econ\u00f2mic de la Covid-19, Kike Sarasola ofereix, al mal temps, la seva millor cara. I \u00e9s que els reptes no espanten a aquest emprenedor nat h\u00e0bil a superar obstacles (tamb\u00e9 a cavall, gr\u00e0cies al seu passat com a genet) que confia que la pand\u00e8mia [&hellip;]<\/p>\n","protected":false},"author":1,"featured_media":25974,"comment_status":"closed","ping_status":"closed","sticky":false,"template":"","format":"standard","meta":{"_mi_skip_tracking":false,"mc4wp_mailchimp_campaign":[],"jnews-multi-image_gallery":[],"jnews_single_post":[],"jnews_primary_category":[]},"categories":[10820,10821,10824,2203],"tags":[2397,3263,4787,8197,8339,8345,8346,8347,2385],"_links":{"self":[{"href":"https:\/\/www.monempresarial.com\/ca\/wp-json\/wp\/v2\/posts\/25991"}],"collection":[{"href":"https:\/\/www.monempresarial.com\/ca\/wp-json\/wp\/v2\/posts"}],"about":[{"href":"https:\/\/www.monempresarial.com\/ca\/wp-json\/wp\/v2\/types\/post"}],"author":[{"embeddable":true,"href":"https:\/\/www.monempresarial.com\/ca\/wp-json\/wp\/v2\/users\/1"}],"replies":[{"embeddable":true,"href":"https:\/\/www.monempresarial.com\/ca\/wp-json\/wp\/v2\/comments?post=25991"}],"version-history":[{"count":1,"href":"https:\/\/www.monempresarial.com\/ca\/wp-json\/wp\/v2\/posts\/25991\/revisions"}],"predecessor-version":[{"id":46120,"href":"https:\/\/www.monempresarial.com\/ca\/wp-json\/wp\/v2\/posts\/25991\/revisions\/46120"}],"wp:featuredmedia":[{"embeddable":true,"href":"https:\/\/www.monempresarial.com\/ca\/wp-json\/wp\/v2\/media\/25974"}],"wp:attachment":[{"href":"https:\/\/www.monempresarial.com\/ca\/wp-json\/wp\/v2\/media?parent=25991"}],"wp:term":[{"taxonomy":"category","embeddable":true,"href":"https:\/\/www.monempresarial.com\/ca\/wp-json\/wp\/v2\/categories?post=25991"},{"taxonomy":"post_tag","embeddable":true,"href":"https:\/\/www.monempresarial.com\/ca\/wp-json\/wp\/v2\/tags?post=25991"}],"curies":[{"name":"wp","href":"https:\/\/api.w.org\/{rel}","templated":true}]}}