{"id":26055,"date":"2020-12-21T09:00:06","date_gmt":"2020-12-21T08:00:06","guid":{"rendered":"http:\/\/www.monempresarial.com\/?p=26055"},"modified":"2025-06-06T10:05:47","modified_gmt":"2025-06-06T08:05:47","slug":"entrevista-a-stella-kyriakides-comissaria-europea-de-salut-i-seguretat-alimentaria","status":"publish","type":"post","link":"https:\/\/www.monempresarial.com\/ca\/2020\/12\/21\/entrevista-a-stella-kyriakides-comissaria-europea-de-salut-i-seguretat-alimentaria\/","title":{"rendered":"Entrevista a Stella Kyriakides. Comiss\u00e0ria europea de Salut i Seguretat Aliment\u00e0ria"},"content":{"rendered":"<p><strong>Poques vegades es recordar\u00e0 tant el nom de la persona que ocupava la cartera de Sanitat a la Comissi\u00f3 Europea com el per\u00edode que li ha tocat exercir a Stella Kyriakides (Xipre, 1956). Psic\u00f2loga de professi\u00f3, especialitzada en desajustos psicol\u00f2gics d\u2019infants i adolescents, ha sigut una de les cares m\u00e9s visibles de l\u2019Executiu comunitari durant la pand\u00e8mia del coronavirus. El que normalment hauria sigut un mandat pl\u00e0cid, que es podria haver centrat a desenvolupar pol\u00edtiques com l\u2019estrat\u00e8gia europea contra el c\u00e0ncer, ha acabat per posar de relleu la falta de compet\u00e8ncies de la Uni\u00f3 Europea en Sanitat, unes compet\u00e8ncies a les quals, tot i aix\u00f2, no ambiciona d\u2019aspirar. Creu que la lluita contra els desafiaments com la pand\u00e8mia s\u2019ha de dur a terme des de una major coordinaci\u00f3, sense necessitat d\u2019envair responsabilitats dels governs nacionals.\u00a0<\/strong><\/p>\n<h4>Text: <span style=\"color: #9d9c9c;\">J\u00falia Manresa<\/span> \u00a0 Fotos: <span style=\"color: #9d9c9c;\"><strong>Comisi\u00f3n Europea<\/strong><\/span><\/h4>\n<hr style=\"color: #b72126;\" \/>\n<p><img decoding=\"async\" loading=\"lazy\" class=\"wp-image-26034 aligncenter\" src=\"https:\/\/www.monempresarial.com\/wp-content\/uploads\/2020\/12\/StellaKyriakides-ECServeiAudiovisual-PhotographerDatiBendo.jpg\" alt=\"\" width=\"762\" height=\"507\" srcset=\"https:\/\/www.monempresarial.com\/wp-content\/uploads\/2020\/12\/StellaKyriakides-ECServeiAudiovisual-PhotographerDatiBendo.jpg 960w, https:\/\/www.monempresarial.com\/wp-content\/uploads\/2020\/12\/StellaKyriakides-ECServeiAudiovisual-PhotographerDatiBendo-300x200.jpg 300w, https:\/\/www.monempresarial.com\/wp-content\/uploads\/2020\/12\/StellaKyriakides-ECServeiAudiovisual-PhotographerDatiBendo-252x167.jpg 252w, https:\/\/www.monempresarial.com\/wp-content\/uploads\/2020\/12\/StellaKyriakides-ECServeiAudiovisual-PhotographerDatiBendo-300x200@2x.jpg 600w, https:\/\/www.monempresarial.com\/wp-content\/uploads\/2020\/12\/StellaKyriakides-ECServeiAudiovisual-PhotographerDatiBendo-252x167@2x.jpg 504w\" sizes=\"(max-width: 762px) 100vw, 762px\" \/><\/p>\n<h1 style=\"text-align: center;\"><span style=\"color: #9d9c9c;\"><strong>\u201cNo ens podem permetre tenir una situaci\u00f3 en qu\u00e8 relaxar mesures durant el per\u00edode de Nadal provoqui un repunt en l\u2019any nou<\/strong><\/span><\/h1>\n<p><strong><span style=\"color: #9d9c9c;\">Com imagina les festes de Nadal a les llars europees?<\/span><\/strong><br \/>\nTots voldr\u00edem poder passar unes festes tan normals com sigui possible, poder viatjar i celebrar amb amics i fam\u00edlia, sobretot despr\u00e9s d\u2019aquest any tan dif\u00edcil. Tot i aix\u00f2, aquest any \u00e9s inevitable: el Nadal ha de ser diferent. Com ho ha sigut tot aquest 2020. Fins i tot si les mesures es relaxen, \u00e9s vital recalcar que la nostra disciplina i compliment de les mesures de Salut p\u00fablica es mantenen crucials i han de continuar. Per aix\u00f2, des de la Comissi\u00f3 Europea, hem presentat una guia perqu\u00e8 els estats membres puguin facilitar-ho de la manera m\u00e9s segura possible. Est\u00e0 clar que no ens podem permetre tenir una situaci\u00f3 en qu\u00e8 relaxar mesures durant el per\u00edode de Nadal provoqui un repunt en l\u2019any nou. Seria catastr\u00f2fic per als nostres sistemes sanitaris. Qualsevol decisi\u00f3 ha de tenir en compte aquestes consideracions.<\/p>\n<p><span style=\"color: #9d9c9c;\"><strong>At\u00e8s que la vacunaci\u00f3 massiva contra la Covid-19 encara trigar\u00e0 uns mesos a fer-se efectiva en molts pa\u00efsos, hi ha alguna alternativa a una altra ronda de confinaments a Europa per aturar noves onades del coronavirus?<\/strong><\/span><br \/>\nLa salut dels nostres ciutadans europeus hauria de ser sempre la nostra principal prioritat. La situaci\u00f3 a la UE continua sent molt fr\u00e0gil. L\u2019element com\u00fa \u00e9s que el virus est\u00e0 arreu i que circula de manera perillosa en les nostres comunitats. Per\u00f2 estem comen\u00e7ant a veure els resultats d\u2019unes mesures que s\u2019han pres de manera necess\u00e0ria. El nombre de noves infeccions est\u00e0 disminuint en molts pa\u00efsos i els hospitals estan sota menys pressi\u00f3. Aix\u00f2, per descomptat, \u00e9s encoratjador. No hi ha cap dubte que els confinaments s\u00f3n durs. S\u00f3n molt dif\u00edcils per als nostres ciutadans, per a les nostres economies i societats. Per\u00f2 han demostrat que s\u00f3n mesures efectives per evitar que la situaci\u00f3 se\u2019ns escapi de les mans i per poder salvar vides, que \u00e9s la nostra prioritat.<\/p>\n<blockquote>\n<h2><span style=\"color: #9d9c9c;\"><img decoding=\"async\" loading=\"lazy\" class=\" wp-image-26022 alignright\" src=\"http:\/\/www.monempresarial.com\/wp-content\/uploads\/2020\/12\/grfico-2-289x300.jpg\" alt=\"\" width=\"191\" height=\"198\" srcset=\"https:\/\/www.monempresarial.com\/wp-content\/uploads\/2020\/12\/grfico-2-289x300.jpg 289w, https:\/\/www.monempresarial.com\/wp-content\/uploads\/2020\/12\/grfico-2.jpg 300w\" sizes=\"(max-width: 191px) 100vw, 191px\" \/>\u201c\u00c9s cert que la cooperaci\u00f3 a nivell europeu s\u2019ha posat a prova de manera severa durant el principi d\u2019aquesta crisi. Per\u00f2 avui no estem on \u00e9rem a principis del 2020. Estem treballant m\u00e9s estretament que mai amb els estats membres i veiem una coordinaci\u00f3 sense precedents\u201d<\/span><\/h2>\n<\/blockquote>\n<p><span style=\"color: #9d9c9c;\"><strong>La segona onada de la pand\u00e8mia de coronavirus ha estat pitjor que la primera. Qu\u00e8 hauria pogut fer millor la Uni\u00f3 Europea per evitar-ho?<\/strong><\/span><br \/>\nAbans de l\u2019estiu, vam enviar un missatge clar: necessit\u00e0vem evitar el que ha passat. Vam ressaltar, aleshores, quan f\u00e8iem crides a augmentar la capacitat de fer testos i el seguiment dels contagis, que calia assegurar que hi havia prou estoc de medicines i equipament disponible, i tamb\u00e9 que es prepar\u00e9s la campanya de vacunaci\u00f3 de la grip de cara a l\u2019hivern\u2026 Tot aix\u00f2 s\u00f3n avisos que es mantenen v\u00e0lids avui. Sab\u00edem que les conseq\u00fc\u00e8ncies d\u2019un aixecament gradual de les restriccions i un increment dels viatges durant les vacances d\u2019estiu podria provocar el que va provocar, i vam demanar als estats membres de la Uni\u00f3 Europea que estiguessin preparats.<br \/>\nEl que \u00e9s important \u00e9s aprendre les lli\u00e7ons de totes aquestes experi\u00e8ncies. La q\u00fcesti\u00f3 m\u00e9s urgent ara mateix \u00e9s assegurar que continua el progr\u00e9s als estats, encara que sigui lent, que planifiquem de manera prudent el pr\u00f2xim per\u00edode de vacances per evitar nous rebrots i avan\u00e7ar-nos en els plans de vacunaci\u00f3 per poder complir amb els ciutadans i proporcionar-los una vacuna segura i efectiva el m\u00e9s aviat possible.<\/p>\n<blockquote>\n<h2><span style=\"color: #9d9c9c;\">\u00a0\u00a0<img decoding=\"async\" loading=\"lazy\" class=\"size-medium wp-image-26032 alignright\" src=\"https:\/\/www.monempresarial.com\/wp-content\/uploads\/2020\/12\/mapa-europa.jpg\" alt=\"\" width=\"239\" height=\"187\" \/>\u201cHem apr\u00e8s que no podem avan\u00e7ar sense coordinaci\u00f3 ni solidaritat quan es tracta de gestionar amenaces sanit\u00e0ries que traspassen fronteres. Hem apr\u00e8s que necessitem m\u00e9s Europa en l\u2019\u00e0rea de la Salut.\u201d<\/span><\/h2>\n<\/blockquote>\n<p><span style=\"color: #9d9c9c;\"><strong>Estaria d\u2019acord a afirmar que el principal problema d\u2019Europa durant la pand\u00e8mia ha sigut la falta de coordinaci\u00f3 entre els estats membres?<\/strong><\/span><br \/>\n\u00c9s cert que la cooperaci\u00f3 a nivell europeu s\u2019ha posat a prova de manera severa durant el principi d\u2019aquesta crisi. Per\u00f2 avui no estem on \u00e9rem a principis del 2020. Estem treballant m\u00e9s estretament que mai amb els estats membres i veiem una coordinaci\u00f3 sense precedents, ja sigui pel que fa als viatges, al transport de b\u00e9ns, a les licitacions conjuntes per aconseguir equipament i medicines, o l\u2019emblem\u00e0tica tasca d\u2019aconseguir vacunes per a tothom, per descomptat. Al llarg dels \u00faltims mesos, en aquest \u00e0mbit, la UE ha aconseguit un suport de tots els estats sense precedents malgrat no tenir compet\u00e8ncies en l\u2019\u00e0rea. De fet, s\u00f3n ara els governs de la Uni\u00f3, els que ens estan demanant que mirem m\u00e9s enll\u00e0 de les nostres compet\u00e8ncies i fem m\u00e9s. Com ja he vingut dient des de fa temps, necessitem m\u00e9s Europa en l\u2019\u00e0rea de la Salut p\u00fablica.<br \/>\nHores d\u2019ara, hauria hagut de quedar clar per a tothom que no es pot lluitar contra el virus des de l\u2019a\u00efllament nacional. Mirar endins no resol el problema. Els virus anul\u00b7len les fronteres. El que hem aconseguit (i aix\u00f2 \u00e9s clau, fins i tot diria que canvia les regles del joc) \u00e9s entendre que junts som m\u00e9s forts i que nom\u00e9s junts guanyarem aquesta lluita.<\/p>\n<p><span style=\"color: #9d9c9c;\"><strong>Ha apr\u00e8s alguna lli\u00e7\u00f3 la UE de la primera i la segona onada? Quines altres li queden per aprendre?<\/strong><\/span><br \/>\nDefinitivament n\u2019hem apr\u00e8s. Hem apr\u00e8s que no podem avan\u00e7ar sense coordinaci\u00f3 ni solidaritat quan es tracta de gestionar amenaces sanit\u00e0ries que traspassen fronteres. Hem apr\u00e8s que necessitem m\u00e9s Europa en l\u2019\u00e0rea de la Salut. La pand\u00e8mia ens ha emp\u00e8s a millorar la nostra preparaci\u00f3 i la nostra capacitat de resposta. Tamb\u00e9 ha emp\u00e8s els nostres ciutadans a demanar m\u00e9s Europa de la Salut. Aix\u00f2 \u00e9s el que nosaltres volem assegurar. El que tamb\u00e9 hem apr\u00e8s d\u2019aquesta experi\u00e8ncia tan dif\u00edcil \u00e9s que, amb els reptes, fins i tot amb els m\u00e9s dif\u00edcils, venen oportunitats. Com sempre ha fet en el passat, Europa aprendr\u00e0 de les lli\u00e7ons d\u2019aquesta crisi i en sortir\u00e0 m\u00e9s forta. \u00c9s per tots aquests motius que hem impulsat els primers blocs per a la construcci\u00f3 d\u2019una Uni\u00f3 Europea de la Salut. Es tracta de preparar-nos per afrontar amenaces sanit\u00e0ries conjuntament com una Uni\u00f3. Es tracta, tamb\u00e9, d\u2019enfortir els sistemes sanitaris europeus perqu\u00e8 puguin proporcionar millors serveis sanitaris per als ciutadans europeus en el seu dia a dia. Aix\u00f2 \u00e9s el que aquesta crisi ens ha demostrat i \u00e9s el que volem oferir als nostres ciutadans en els pr\u00f2xims mesos i anys.<\/p>\n<blockquote>\n<h2><span style=\"color: #9d9c9c;\">\u201cA trav\u00e9s de Next Generation EU, el pla de recuperaci\u00f3 i el pressupost europeu, 1,8 bilions d\u2019euros estaran disponibles per ajudar a reconstruir una Europa post Covid-19, per protegir els ciutadans del risc d\u2019atur i la p\u00e8rdua d\u2019ingressos.\u201d<\/span><\/h2>\n<\/blockquote>\n<p><span style=\"color: #9d9c9c;\"><strong>El Doctor Piot, assessor de la Comissi\u00f3 Europea, va afirmar que una tercera onada podria tornar a impactar Europa si no s\u2019actua a temps. Quin diria que ha sigut el principal obstacle a l\u2019hora de prevenir que la situaci\u00f3 es deterior\u00e9s: la fatiga dels ciutadans o les preocupacions dels governs sobre les conseq\u00fc\u00e8ncies econ\u00f2miques de la pand\u00e8mia?<\/strong><\/span><br \/>\nLa nostra prioritat, des de l\u2019inici de la pand\u00e8mia, ha sigut la de protegir els nostres ciutadans i salvar vides. Per a mi, la salut p\u00fablica sempre ha sigut el primer. La dicotomia entre salut i economia \u00e9s falsa, perqu\u00e8 no podem tenir economies sanes sense ciutadans sans. Per\u00f2 tamb\u00e9 reconeixem que les dif\u00edcils decisions que s\u2019han pres en l\u2019\u00e0mbit de la salut p\u00fablica han tingut alhora conseq\u00fc\u00e8ncies econ\u00f2miques molt importants. Innombrables ciutadans han perdut la seva feina i les fam\u00edlies s\u2019han vist obligades a tancar els negocis que havien trigat anys a construir. Per aix\u00f2, fem tot el possible per ajudar els estats membres a protegir els seus negocis, salvar llocs de treball i reconstruir l\u2019economia, incloent-hi una assist\u00e8ncia financera sense precedents mitjan\u00e7ant un ambici\u00f3s pla de recuperaci\u00f3. A trav\u00e9s de Next Generation EU, el pla de recuperaci\u00f3 i el pressupost europeu, 1,8 bilions d\u2019euros estaran disponibles per ajudar a reconstruir una Europa post Covid-19, per protegir els ciutadans del risc d\u2019atur i la p\u00e8rdua d\u2019ingressos.<\/p>\n<p><span style=\"color: #9d9c9c;\"><strong>La Comissi\u00f3 ha tirat endavant diverses iniciatives, sota les seves limitades capacitats en l\u2019\u00e0mbit sanitari, com ara les licitacions conjuntes, per\u00f2 tamb\u00e9 les negociacions amb farmac\u00e8utiques per assegurar l\u2019acc\u00e9s a una potencial vacuna. Com s\u2019ho far\u00e0 la Comissi\u00f3 Europea per assegurar que aquestes vacunes arriben a tots els estats de la UE per igual?<\/strong><\/span><br \/>\nTots els estats membres tindran acc\u00e9s a la vacuna al mateix temps i d\u2019acord amb la seva poblaci\u00f3. Aquesta \u00e9s una de les principals prioritats de l\u2019estrat\u00e8gia europea de vacunes. Estem fent tot el que est\u00e0 a les nostres mans per assegurar que les vacunes es produeixen tan r\u00e0pid i amb tanta seguretat com sigui possible. La campanya de vacunaci\u00f3 \u00e9s l\u2019altra cara de la moneda d\u2019aquest proc\u00e9s i cal estar preparats. No podem infravalorar la dimensi\u00f3 del repte i per aix\u00f2 treballem amb els estats membres per assegurar que tothom est\u00e0 llest per desplegar la campanya tan aviat com les vacunes estiguin disponibles, i que tots els governs tenen plans de vacunaci\u00f3 nacionals preparats.<\/p>\n<blockquote>\n<h2><span style=\"color: #9d9c9c;\"><img decoding=\"async\" loading=\"lazy\" class=\"wp-image-26030 size-full alignright\" src=\"https:\/\/www.monempresarial.com\/wp-content\/uploads\/2020\/12\/vacuna.jpg\" alt=\"\" width=\"219\" height=\"212\" \/>\u201cTots els estats membres tindran acc\u00e9s a la vacuna al mateix temps i d\u2019acord amb la seva poblaci\u00f3. Aquesta \u00e9s una de les principals prioritats de l\u2019estrat\u00e8gia europea de vacunes.\u201d<\/span><\/h2>\n<\/blockquote>\n<p><span style=\"color: #9d9c9c;\"><strong>Hi ha alguna garantia que no hi haur\u00e0 una nova falta d\u2019equipament o material m\u00e8dic, com ara mascaretes i ventiladors?<\/strong><\/span><br \/>\nEst\u00e0 clar que les prohibicions a les exportacions dins de la Uni\u00f3 Europea al principi de la pand\u00e8mia van ser insolid\u00e0ries. No nom\u00e9s van malmetre la necessitat que circulin els b\u00e9ns essencials a trav\u00e9s de les fronteres europees, sin\u00f3 que tamb\u00e9 van perjudicar la solidaritat i la cooperaci\u00f3, que \u00e9s crucial per superar crisis com aquesta. En un moment en qu\u00e8 ens dediquem a salvar vides, no \u00e9s l\u2019hora de prohibir exportacions de medicines que serveixen, justament, per complir aquesta funci\u00f3. La solidaritat i la cooperaci\u00f3 haurien de ser sempre principis rectors. Ara, per\u00f2, la situaci\u00f3 \u00e9s molt diferent. Tothom ha ent\u00e8s que som m\u00e9s forts si treballem junts i, ara, ens enfoquem a la ind\u00fastria i als mercats com una Uni\u00f3. D\u2019aquesta manera, tenim m\u00e9s oportunitats d\u2019estimular la producci\u00f3 i assegurar l\u2019acc\u00e9s a equipament vital per a tothom. Els estats no nom\u00e9s estan demostrant una solidaritat creixent amb els seus ve\u00efns, prenent pacients d\u2019altres pa\u00efsos, sin\u00f3 que tamb\u00e9 estan cedint personal sanitari i equipament a aquells que m\u00e9s ho necessiten. \u00c9s aix\u00ed com es gestiona una crisi transfronterera.<\/p>\n<p><strong><span style=\"color: #9d9c9c;\">Aquesta pand\u00e8mia tamb\u00e9 ha demostrat que la Comissi\u00f3 t\u00e9 poc marge d\u2019actuaci\u00f3 quan es tracta de problemes sanitaris perqu\u00e8 manquen compet\u00e8ncies. Hi ha de veritat una voluntat d\u2019anar m\u00e9s enll\u00e0 en la creaci\u00f3 d\u2019una Uni\u00f3 Europea de la Salut, com ha afirmat al llarg d\u2019aquesta entrevista?<\/span> <\/strong><br \/>\nAl llarg d\u2019aquesta pand\u00e8mia hem vist una crida creixent de la ciutadania i dels mateixos estats membres per tenir m\u00e9s Europa en l\u2019\u00e0mbit sanitari. Hem vist com de crucial \u00e9s la cooperaci\u00f3. S\u2019ha fet m\u00e9s evident, encara que, en temps de crisi, els ciutadans i els estats miren cap a la UE en busca d\u2019acci\u00f3 i suport, i esperen que aix\u00ed ho fem. La nostra estrat\u00e8gia de vacunaci\u00f3 europea ja ha demostrat el que es pot aconseguir si treballem junts. \u00c9s emblem\u00e0tic d\u2019una UE que compleix amb els ciutadans i un pla d\u2019acci\u00f3 per al futur. Es tracta de superar tab\u00fas sobre les compet\u00e8ncies en l\u2019\u00e0mbit sanitari i centrar-nos en obtenir resultats en temps de crisi.<br \/>\nUna Uni\u00f3 Europea de la Salut m\u00e9s forta \u00e9s l\u2019extensi\u00f3 d\u2019aquest enfocament. Ja hem presentat els primers blocs de construcci\u00f3 en aquest sentit per tenir ag\u00e8ncies europees m\u00e9s fortes i una legislaci\u00f3 m\u00e9s potent per poder actuar a l\u2019hora de donar suport als governs. Tamb\u00e9 hi ha altres iniciatives, com l\u2019estrat\u00e8gia farmac\u00e8utica per a Europa, presentada recentment, o el pla europeu de lluita contra el c\u00e0ncer que presentar\u00e9 a principis de l\u2019any que ve, i que s\u00f3n pilars fonamentals per a la nostra futura Uni\u00f3 de la Salut refor\u00e7ada.<\/p>\n<blockquote>\n<h2><span style=\"color: #9d9c9c;\"><img decoding=\"async\" loading=\"lazy\" class=\"size-medium wp-image-26036 alignright\" src=\"https:\/\/www.monempresarial.com\/wp-content\/uploads\/2020\/12\/manos.jpg\" alt=\"\" width=\"145\" height=\"145\" \/>\u201cTothom ha ent\u00e8s que som m\u00e9s forts si treballem junts i ara ens enfoquem a la ind\u00fastria i als mercats com una Uni\u00f3.\u201d<\/span><\/h2>\n<\/blockquote>\n<p><span style=\"color: #9d9c9c;\"><strong>De quines maneres podria centralitzar compet\u00e8ncies en l\u2019\u00e0mbit sanitari la Comissi\u00f3 Europea per poder actuar m\u00e9s r\u00e0pidament en una situaci\u00f3 futura que fos similar a la pand\u00e8mia del coronavirus?<\/strong><\/span><br \/>\nLa situaci\u00f3 a la qual ens enfrontem va de persones, no de compet\u00e8ncies. La nostra visi\u00f3 per a una Uni\u00f3 Europea de la Salut no busca centralitzar compet\u00e8ncies sanit\u00e0ries, ans al contrari. La cosa no va dels Tractats de la UE ni de compet\u00e8ncies, sin\u00f3 de coordinaci\u00f3 i solidaritat, principis que han demostrat el seu valor durant aquesta crisi. Es tracta d\u2019enfortir la nostra pr\u00f2pia capacitat de poder ajudar els estats de la Uni\u00f3 en temps de crisi, mentre tamb\u00e9 proporcionem una millor assist\u00e8ncia sanit\u00e0ria di\u00e0ria a la ciutadania.<br \/>\nD\u2019una manera m\u00e9s concreta, ens assegurarem que podem anticipar millor els riscos sanitaris, que podem detectar malalties emergents i respondre en temps real, en comptes de quan ja \u00e9s massa tard. Per fer-ho, ens assegurarem que les nostres dues ag\u00e8ncies europees que han estat al capdavant de la nostra feina, el Centre Europeu de Control i Prevenci\u00f3 de Malalties (ECDC) i l\u2019Ag\u00e8ncia Europea del Medicament (EMA), tenen la capacitat necess\u00e0ria per jugar un rol actiu quan els necessitem. Tamb\u00e9 es crear\u00e0 una nova Autoritat de Resposta a les Emerg\u00e8ncies Sanit\u00e0ries a nivell europeu. Mentre fem tot aix\u00f2, continuarem respectant les responsabilitats de tots els estats membres en les seves pol\u00edtiques sanit\u00e0ries, l\u2019organitzaci\u00f3 dels seus serveis de Salut i d\u2019atenci\u00f3 m\u00e8dica. No estem canviant res d\u2019aix\u00f2. Hem de recordar que els virus no es fixen en les compet\u00e8ncies. Farem tot el que puguem per protegir els nostres ciutadans, perqu\u00e8 aquesta pand\u00e8mia va clarament m\u00e9s enll\u00e0 de les fronteres.<\/p>\n","protected":false},"excerpt":{"rendered":"<p>Poques vegades es recordar\u00e0 tant el nom de la persona que ocupava la cartera de Sanitat a la Comissi\u00f3 Europea com el per\u00edode que li ha tocat exercir a Stella Kyriakides (Xipre, 1956). Psic\u00f2loga de professi\u00f3, especialitzada en desajustos psicol\u00f2gics d\u2019infants i adolescents, ha sigut una de les cares m\u00e9s visibles de l\u2019Executiu comunitari durant [&hellip;]<\/p>\n","protected":false},"author":1,"featured_media":26018,"comment_status":"closed","ping_status":"closed","sticky":false,"template":"","format":"standard","meta":{"_mi_skip_tracking":false,"mc4wp_mailchimp_campaign":[],"jnews-multi-image_gallery":[],"jnews_single_post":[],"jnews_primary_category":[]},"categories":[10820,10821,10824,2203],"tags":[142,170,179,708,4397,6159,8314,8348],"_links":{"self":[{"href":"https:\/\/www.monempresarial.com\/ca\/wp-json\/wp\/v2\/posts\/26055"}],"collection":[{"href":"https:\/\/www.monempresarial.com\/ca\/wp-json\/wp\/v2\/posts"}],"about":[{"href":"https:\/\/www.monempresarial.com\/ca\/wp-json\/wp\/v2\/types\/post"}],"author":[{"embeddable":true,"href":"https:\/\/www.monempresarial.com\/ca\/wp-json\/wp\/v2\/users\/1"}],"replies":[{"embeddable":true,"href":"https:\/\/www.monempresarial.com\/ca\/wp-json\/wp\/v2\/comments?post=26055"}],"version-history":[{"count":1,"href":"https:\/\/www.monempresarial.com\/ca\/wp-json\/wp\/v2\/posts\/26055\/revisions"}],"predecessor-version":[{"id":46119,"href":"https:\/\/www.monempresarial.com\/ca\/wp-json\/wp\/v2\/posts\/26055\/revisions\/46119"}],"wp:featuredmedia":[{"embeddable":true,"href":"https:\/\/www.monempresarial.com\/ca\/wp-json\/wp\/v2\/media\/26018"}],"wp:attachment":[{"href":"https:\/\/www.monempresarial.com\/ca\/wp-json\/wp\/v2\/media?parent=26055"}],"wp:term":[{"taxonomy":"category","embeddable":true,"href":"https:\/\/www.monempresarial.com\/ca\/wp-json\/wp\/v2\/categories?post=26055"},{"taxonomy":"post_tag","embeddable":true,"href":"https:\/\/www.monempresarial.com\/ca\/wp-json\/wp\/v2\/tags?post=26055"}],"curies":[{"name":"wp","href":"https:\/\/api.w.org\/{rel}","templated":true}]}}