{"id":26487,"date":"2021-01-12T11:40:12","date_gmt":"2021-01-12T10:40:12","guid":{"rendered":"http:\/\/www.monempresarial.com\/?p=26487"},"modified":"2025-09-24T11:11:50","modified_gmt":"2025-09-24T09:11:50","slug":"la-necessaria-digitalitzacio-del-sector-sanitari","status":"publish","type":"post","link":"https:\/\/www.monempresarial.com\/ca\/2021\/01\/12\/la-necessaria-digitalitzacio-del-sector-sanitari\/","title":{"rendered":"La necess\u00e0ria digitalitzaci\u00f3 del sector sanitari"},"content":{"rendered":"<p class=\"Default\"><b><span style=\"font-size: 11.0pt;\"><img decoding=\"async\" loading=\"lazy\" class=\" wp-image-26490 alignleft\" src=\"http:\/\/www.monempresarial.com\/wp-content\/uploads\/2021\/01\/0082-212x300.jpg\" alt=\"\" width=\"178\" height=\"253\" srcset=\"https:\/\/www.monempresarial.com\/wp-content\/uploads\/2021\/01\/0082-212x300.jpg 212w, https:\/\/www.monempresarial.com\/wp-content\/uploads\/2021\/01\/0082.jpg 445w, https:\/\/www.monempresarial.com\/wp-content\/uploads\/2021\/01\/0082-212x300@2x.jpg 424w\" sizes=\"(max-width: 178px) 100vw, 178px\" \/><\/span><\/b><\/p>\n<p><strong>Est\u00e0vem acostumats a presumir d&#8217;un dels millors sistemes de salut p\u00fablics del m\u00f3n. I arran de la pand\u00e8mia de la Covid-19, hem descobert que, tot i aix\u00ed, les fortaleses del sistema no han estat suficients per contenir-la. I ens preguntem: \u00bfqu\u00e8 ha pogut passar?<\/strong><\/p>\n<h4><span style=\"color: #ba8106; text-transform: uppercase;\"><strong>Juan Carlos S\u00e1nchez Rosado. <\/strong><\/span><strong>Health Industry Leader d\u2019IBM.<\/strong><\/h4>\n<hr style=\"color: #b72126;\" \/>\n<p>Probablement no n\u2019\u00e9rem conscients, per\u00f2 el nostre sistema sanitari ja estava sotm\u00e8s a un gran estr\u00e8s derivat d&#8217;una poblaci\u00f3 envellida amb creixents necessitats d&#8217;atenci\u00f3 m\u00e8dica, de nous tractaments i tecnologies sanit\u00e0ries cada vegada m\u00e9s costoses, a m\u00e9s de les expectatives i exig\u00e8ncies creixents dels pacients, cada vegada m\u00e9s ben formats i informats. No obstant aix\u00f2, un sistema tan complex ha estat cr\u00f2nicament infradotat en tecnologies d&#8217;informaci\u00f3. Segons l&#8217;informe <em>\u00cdndice SEIS<\/em> (Societat Espanyola d&#8217;Inform\u00e0tica Sanit\u00e0ria), el 2019 la despesa en TI va ser l\u20191,16% del total de la despesa sanit\u00e0ria, un 5,9% menys que el 2018, el que equival a 15\u20ac per persona protegida.<\/p>\n<p>Les tecnologies de la informaci\u00f3 s\u00f3n una eina fonamental per millorar l&#8217;efici\u00e8ncia i la qualitat dels processos, la productivitat i la satisfacci\u00f3 dels clients en tots els sectors. Tamb\u00e9 en sanitat, com demostra la gran difusi\u00f3 i \u00e8xit de la telemedicina durant la pand\u00e8mia. O en sentit invers, la dificultat de disposar de dades fiables i actualitzades sobre pacients, ens demostra que calen dades centralitzades per gestionar els nostres recursos sanitaris.<\/p>\n<blockquote>\n<h2 style=\"text-align: center;\"><span style=\"color: #602d11;\"><span style=\"color: #ba8106;\">Una decidida apuesta por la innovaci\u00f3n tecnol\u00f3gica en nuestro sistema sanitario favorecer\u00eda la implantaci\u00f3n de soluciones a problemas cr\u00f3nicos del sector, fomentar\u00eda el desarrollo de productos, soluciones y servicios en nuestro pa\u00eds, crear\u00eda empleo cualificado y servir\u00eda para retener y atraer talento<\/span><\/span><\/h2>\n<\/blockquote>\n<p><span style=\"color: #ba8106;\"><strong>POR PRIMER COP <span style=\"color: #ba8106;\">A LA HI<\/span>ST\u00d2RIA<\/strong><\/span><br \/>\n<img decoding=\"async\" loading=\"lazy\" class=\"alignright wp-image-26499 \" src=\"http:\/\/www.monempresarial.com\/wp-content\/uploads\/2021\/01\/Sin-t\u00edtulo-2-CAT.jpg\" alt=\"\" width=\"326\" height=\"415\" srcset=\"https:\/\/www.monempresarial.com\/wp-content\/uploads\/2021\/01\/Sin-t\u00edtulo-2-CAT.jpg 357w, https:\/\/www.monempresarial.com\/wp-content\/uploads\/2021\/01\/Sin-t\u00edtulo-2-CAT-235x300.jpg 235w\" sizes=\"(max-width: 326px) 100vw, 326px\" \/>D&#8217;altra banda, assistim a una revoluci\u00f3 tecnol\u00f2gica sense precedents. La possibilitat de tractar dades massius (<em>big data<\/em>), la intel\u00b7lig\u00e8ncia artificial (IA), l&#8217;Internet de les Coses (IoT), <em>Blockchain<\/em>, 5G i les infraestructures de <em>Cloud<\/em> H\u00edbrida estan revolucionant tots els sectors i impulsant models de negoci impensables anteriorment. Les noves tecnologies permeten de millorar l&#8217;assist\u00e8ncia i l&#8217;accessibilitat alhora que es reduexien costos i s\u2019impulsa la recerca i l&#8217;activitat econ\u00f2mica. I aix\u00f2 no \u00e9s sanitat-ficci\u00f3, sin\u00f3 una realitat en la qual des d\u2019IBM col\u00b7laborem en nombrosos casos. Vegem-ne alguns exemples:<\/p>\n<p style=\"padding-left: 40px;\"><span style=\"color: #ba8106;\">.<\/span> La <span style=\"color: #ba8106;\"><strong>interoperabilitat entre els sistemes dels diferents prove\u00efdors sanitaris<\/strong><\/span> (i sociosanitaris) permet als pacients i als professionals (pr\u00e8via autoritzaci\u00f3 del pacient) d\u2019accedir a les dades de salut, en format \u00fanic, independentment d&#8217;on es generin, la qual cosa redunda en millors diagn\u00f2stics, menys proves repetides i processos integrals de cura a trav\u00e9s de l\u2019atenci\u00f3 prim\u00e0ria, hospitals, farm\u00e0cies, resid\u00e8ncies, etc.<\/p>\n<p style=\"padding-left: 40px;\"><span style=\"color: #ba8106;\">. <\/span>La gesti\u00f3 de pacients cr\u00f2nics i gent gran es veu molt beneficiada <span style=\"color: #ba8106;\"><strong>combinant telemedicina amb agents cognitius<\/strong> <\/span>que els atenguin les 24 hores del dia, <span style=\"color: #ba8106;\"><strong>i dispositius de seguiment de par\u00e0metres vitals<\/strong><\/span> que, mitjan\u00e7ant IA, detectin els esdeveniments rellevants i llancin les actuacions adequades en cada situaci\u00f3, amb alertes i recordatoris.<\/p>\n<p style=\"padding-left: 40px;\"><span style=\"color: #ba8106;\">. <\/span>Els <span style=\"color: #ba8106;\"><strong>algoritmes d\u2019IA<\/strong><\/span> tenen m\u00faltiples aplicacions, des de l&#8217;optimitzaci\u00f3 de processos (previsi\u00f3 avan\u00e7ada de necessitats, triatges de pacients), al suport a la diagnosi, la personalitzaci\u00f3 de tractaments i, en investigaci\u00f3, acc\u00e9s avan\u00e7at a literatura cient\u00edfica o, fins i tot, la supercomputaci\u00f3 per a la identificaci\u00f3 de nous medicaments.<\/p>\n<p style=\"padding-left: 40px;\"><span style=\"color: #ba8106;\">. L&#8217;<strong>hospital intel\u00b7ligent<\/strong><\/span> que, aplicant IA a la informaci\u00f3 dels sensors i aparells de l\u2019hospital, permet millorar l&#8217;experi\u00e8ncia de pacients i professionals, reduir costos, millorar l&#8217;efici\u00e8ncia de les operacions i optimitzar el manteniment dels equips i instal\u00b7lacions.<\/p>\n<p>Una decidida aposta per la innovaci\u00f3 tecnol\u00f2gica en el nostre sistema sanitari afavoriria la implantaci\u00f3 de solucions a problemes cr\u00f2nics de el sector, fomentaria el desenvolupament de productes, solucions i serveis al nostre pa\u00eds, crearia ocupaci\u00f3 qualificada i serviria per retenir i atreure talent. Altres pa\u00efsos del nostre entorn, com Finl\u00e0ndia i Israel, fa temps van llan\u00e7ar projectes nacionals de salut digital, i s&#8217;estan posicionant com a refer\u00e8ncies internacionals en innovaci\u00f3 en salut. I ara, amb el pla de reconstrucci\u00f3 europeu, se&#8217;ns obre una oportunitat que no podem deixar passar, la d&#8217;apostar de forma clara per digitalitzar el nostre sistema sanitari.<\/p>\n","protected":false},"excerpt":{"rendered":"<p>Est\u00e0vem acostumats a presumir d&#8217;un dels millors sistemes de salut p\u00fablics del m\u00f3n. I arran de la pand\u00e8mia de la Covid-19, hem descobert que, tot i aix\u00ed, les fortaleses del sistema no han estat suficients per contenir-la. I ens preguntem: \u00bfqu\u00e8 ha pogut passar? Juan Carlos S\u00e1nchez Rosado. Health Industry Leader d\u2019IBM. Probablement no n\u2019\u00e9rem [&hellip;]<\/p>\n","protected":false},"author":1,"featured_media":26492,"comment_status":"open","ping_status":"open","sticky":false,"template":"","format":"standard","meta":{"_mi_skip_tracking":false,"mc4wp_mailchimp_campaign":[],"jnews-multi-image_gallery":[],"jnews_single_post":[],"jnews_primary_category":[]},"categories":[7408],"tags":[1135,1713,1714,2385,5496,8314,896],"_links":{"self":[{"href":"https:\/\/www.monempresarial.com\/ca\/wp-json\/wp\/v2\/posts\/26487"}],"collection":[{"href":"https:\/\/www.monempresarial.com\/ca\/wp-json\/wp\/v2\/posts"}],"about":[{"href":"https:\/\/www.monempresarial.com\/ca\/wp-json\/wp\/v2\/types\/post"}],"author":[{"embeddable":true,"href":"https:\/\/www.monempresarial.com\/ca\/wp-json\/wp\/v2\/users\/1"}],"replies":[{"embeddable":true,"href":"https:\/\/www.monempresarial.com\/ca\/wp-json\/wp\/v2\/comments?post=26487"}],"version-history":[{"count":1,"href":"https:\/\/www.monempresarial.com\/ca\/wp-json\/wp\/v2\/posts\/26487\/revisions"}],"predecessor-version":[{"id":47656,"href":"https:\/\/www.monempresarial.com\/ca\/wp-json\/wp\/v2\/posts\/26487\/revisions\/47656"}],"wp:featuredmedia":[{"embeddable":true,"href":"https:\/\/www.monempresarial.com\/ca\/wp-json\/wp\/v2\/media\/26492"}],"wp:attachment":[{"href":"https:\/\/www.monempresarial.com\/ca\/wp-json\/wp\/v2\/media?parent=26487"}],"wp:term":[{"taxonomy":"category","embeddable":true,"href":"https:\/\/www.monempresarial.com\/ca\/wp-json\/wp\/v2\/categories?post=26487"},{"taxonomy":"post_tag","embeddable":true,"href":"https:\/\/www.monempresarial.com\/ca\/wp-json\/wp\/v2\/tags?post=26487"}],"curies":[{"name":"wp","href":"https:\/\/api.w.org\/{rel}","templated":true}]}}