{"id":27101,"date":"2021-03-10T09:00:56","date_gmt":"2021-03-10T08:00:56","guid":{"rendered":"http:\/\/www.monempresarial.com\/2021\/03\/09\/el-great-reset-de-las-economias-avanzadas-en-la-epoca-postpandemia-a-traves-de-un-nuevo-capitalismo-inclusivo-liderado-por-pymes-y-autonomos\/"},"modified":"2025-07-16T12:53:38","modified_gmt":"2025-07-16T10:53:38","slug":"el-great-reset-de-les-economies-avancades-en-lepoca-postpandemia-a-traves-dun-nou-capitalisme-inclusiu-liderat-per-pimes-i-autonoms","status":"publish","type":"post","link":"https:\/\/www.monempresarial.com\/ca\/2021\/03\/10\/el-great-reset-de-les-economies-avancades-en-lepoca-postpandemia-a-traves-dun-nou-capitalisme-inclusiu-liderat-per-pimes-i-autonoms\/","title":{"rendered":"El Great Reset de les economies avan\u00e7ades en l&#8217;\u00e8poca postpand\u00e8mia a trav\u00e9s d&#8217;un nou capitalisme inclusiu liderat per pimes i aut\u00f2noms"},"content":{"rendered":"<p><strong>La Plataforma Pymes, organitzaci\u00f3 empresarial d&#8217;organitzacions de pimes i aut\u00f2noms d&#8217;\u00e0mbit estatal a Espanya, va n\u00e9ixer amb un clar objectiu: la defensa, des de l&#8217;\u00e0mbit empresarial, de la necessitat d&#8217;un canvi de l&#8217;actual model capitalista neocl\u00e0ssic, rendista i extractiu per un capitalisme inclusiu, basat, entre altres q\u00fcestions, en la formaci\u00f3 justa de preus i la compet\u00e8ncia.<\/strong><\/p>\n<h4><strong>Coordinaci\u00f3<\/strong>: <span style=\"color: #719f8c;\"> JOS\u00c9 LUIS ROCA CASTILLO. <span style=\"color: #000000;\">President de la Plataforma Pymes.\u00a0<\/span><\/span><\/h4>\n<hr \/>\n<p><img decoding=\"async\" loading=\"lazy\" class=\"aligncenter wp-image-27106 size-full\" src=\"https:\/\/www.monempresarial.com\/wp-content\/uploads\/2021\/03\/1cat.jpg\" alt=\"\" width=\"614\" height=\"792\" srcset=\"https:\/\/www.monempresarial.com\/wp-content\/uploads\/2021\/03\/1cat.jpg 614w, https:\/\/www.monempresarial.com\/wp-content\/uploads\/2021\/03\/1cat-233x300.jpg 233w, https:\/\/www.monempresarial.com\/wp-content\/uploads\/2021\/03\/1cat-233x300@2x.jpg 466w\" sizes=\"(max-width: 614px) 100vw, 614px\" \/><\/p>\n<p><span style=\"color: #719f8c;\"><strong>UNA REFORMA NECESS\u00c0RIA<\/strong><\/span><br \/>\nL&#8217;esgotament de l&#8217;actual model capitalista ha estat referenciat, amb m\u00e9s o menys intensitat, de manera acad\u00e8mica, des de finals de 2018 i en diversos instants, per l&#8217;OCDE, l&#8217;FMI, el Banc Mundial i, fins i tot, el F\u00f2rum Econ\u00f2mic Mundial (WEF, Davos ), aix\u00ed com altres agents actius dominants en aquest capitalisme neocl\u00e0ssic. Aquests \u00faltims pretendrien, davant la gravetat de l&#8217;actual context econ\u00f2mic, social i pol\u00edtic, i amb l&#8217;\u00e0nim d&#8217;intentar contenir el creixent descontentament social, revestir aquest model capitalista imperant d&#8217;una certa aparen\u00e7a de canvi superficial, sense cap mena de dubte, segons la Plataforma, insuficient.<br \/>\nTamb\u00e9 alguns mitjans de comunicaci\u00f3 econ\u00f2mics tan reconeguts com el Financial Times, des del mes de setembre del 2019 i en diversos editorials, s&#8217;haurien posicionat sobre la necessitat de reformar l&#8217;actual model imperant de capitalisme, introduint pinzellades sobre aquest nou model, coincidents, en part, amb les esbossades per la Plataforma Pymes.<br \/>\nEn aquesta partida d&#8217;escacs, que s&#8217;estaria disputant de manera soterrada i al marge de l&#8217;opini\u00f3 p\u00fablica de masses, per\u00f2 d&#8217;una gran transcend\u00e8ncia pel que fa al futur econ\u00f2mic del m\u00f3n, al voltant d&#8217;una nova concepci\u00f3 del capitalisme i precipitat pels efectes adversos de tot tipus de la pand\u00e8mia, el F\u00f2rum Econ\u00f2mic Mundial hauria llan\u00e7at per a l&#8217;any 2021 un profund proc\u00e9s de reflexi\u00f3 sobre el model capitalista, conegut com &#8220;The Great Reset&#8221;, en el qual la Plataforma far\u00e0 tot el possible, en la mesura de les seves humils possibilitats, exercint la seva responsabilitat, per traslladar el seu model de capitalisme inclusiu.<\/p>\n<blockquote>\n<h4><span style=\"color: #719f8c;\"><img decoding=\"async\" loading=\"lazy\" class=\"wp-image-27084 alignright\" src=\"https:\/\/www.monempresarial.com\/wp-content\/uploads\/2021\/03\/destacado-1-291x300.jpg\" alt=\"\" width=\"145\" height=\"149\" srcset=\"https:\/\/www.monempresarial.com\/wp-content\/uploads\/2021\/03\/destacado-1-291x300.jpg 291w, https:\/\/www.monempresarial.com\/wp-content\/uploads\/2021\/03\/destacado-1.jpg 319w\" sizes=\"(max-width: 145px) 100vw, 145px\" \/>Per a la Plataforma, l&#8217;actual recessi\u00f3 econ\u00f2mica (&#8230;) no seria conseq\u00fc\u00e8ncia de la crisi de Salut P\u00fablica desfermada per la Covid-19, sin\u00f3 que el virus, actuant a manera de &#8220;Cigne Negre&#8221;, hauria contribu\u00eft a explicitar dos problemes grav\u00edssims de les economies avan\u00e7ades, com s\u00f3n la falta de productivitat i l&#8217;excessiu endeutament privat i p\u00fablic<\/span><\/h4>\n<\/blockquote>\n<p><span style=\"color: #719f8c;\"><strong>UNA RECUPERACI\u00d3 AMB DOS PR<span style=\"color: #719f8c;\">OBLEMES GR<\/span>EUS OCULTS<\/strong><\/span><br \/>\nEn l&#8217;era post Covid-19, denominada Nova Normalitat en l&#8217;accepci\u00f3 donada per l&#8217;OMS, la UE i el Govern d&#8217;Espanya o, com a la Plataforma li agrada de definir, com a Nova Realitat, seguint la l\u00ednia marcada pel BCE, es requerir\u00e0 que pimes i aut\u00f2noms, fent una passa endavant i exercint un nou tipus de responsabilitat, realitzin una profunda an\u00e0lisi extr\u00ednseca de la situaci\u00f3 econ\u00f2mica, social, pol\u00edtica i de Salut P\u00fablica, davant la cru\u00eflla hist\u00f2rica en qu\u00e8 ens trobem. I, s\u00ed, tamb\u00e9 de Salut P\u00fablica, ja que, sense seguretat o reducci\u00f3 dels riscos en aquesta \u00faltima, <strong>ser\u00e0 impossible iniciar el cam\u00ed de la recuperaci\u00f3 econ\u00f2mica, la qual no estar\u00e0 exempta de patiment i sacrificis, i que precisar\u00e0 d&#8217;un termini al voltant dels deu anys.<\/strong><\/p>\n<p>En aquesta l\u00ednia d&#8217;an\u00e0lisi extr\u00ednseca, per a la Plataforma, l&#8217;actual recessi\u00f3 econ\u00f2mica, regnant en totes les economies avan\u00e7ades mundials, entre elles les de la UE, no seria conseq\u00fc\u00e8ncia de la crisi de Salut P\u00fablica desfermada per la Covid-19, sin\u00f3 que el virus, actuant a manera de &#8220;Cigne Negre&#8221;, hauria contribu\u00eft a explicitar dos problemes grav\u00edssims de les economies avan\u00e7ades, com s\u00f3n <strong>la falta de productivitat i l&#8217;excessiu endeutament privat i p\u00fablic<\/strong> que, una aberrant pol\u00edtica monet\u00e0ria dels bancs centrals mundials, iniciada el 2014 amb una reducci\u00f3 de tipus d&#8217;inter\u00e8s i expansi\u00f3 de balan\u00e7os, hauria mantingut oculta des del 2008.<\/p>\n<p>L&#8217;ocupaci\u00f3 \u00fanicament de la pol\u00edtica monet\u00e0ria &#8220;only game in the town&#8221; per a la soluci\u00f3 de la Gran Recessi\u00f3 iniciada el 2008, hauria ocultat aquests dos greus problemes econ\u00f2mics, anteriorment ressenyats, actuant com un fals efecte placebo, financiaritzant l&#8217;economia i allunyant-la dels seus fonamentals econ\u00f2mics, i postergant el necessari debat cap a un nou model econ\u00f2mic capitalista. En aquest sentit, el virus, al marge de l&#8217;evident dany causat a la Salut Publica, estaria contribuint a la inajornable necessitat d&#8217;emprendre la reconversi\u00f3 del model capitalista, postergada des del 2008.<\/p>\n<p>La irrupci\u00f3 de la Covid-19, i d&#8217;altres futures alertes de Salut P\u00fablica provocades per altres virus, suposar\u00e0 la constataci\u00f3 de l&#8217;arribada, per quedar-se, de la necessitat d&#8217;implementaci\u00f3 de mesures <em>Non Pharmaceutical Interventions<\/em> (NPI) com, per exemple, la suspensi\u00f3 de la presencialitat d\u2019activitats productives no essencials, desenvolupades fonamentalment per pimes i aut\u00f2noms, en l&#8217;accepci\u00f3 donada Ecdc europeu, com a instrument, juntament amb les terap\u00e8utiques i d&#8217;immunitzaci\u00f3 mitjan\u00e7ant vacunes, per combatre aquests riscos de Salut P\u00fablica.<\/p>\n<blockquote>\n<h4><span style=\"color: #719f8c;\"><img decoding=\"async\" loading=\"lazy\" class=\"wp-image-27086 alignright\" src=\"https:\/\/www.monempresarial.com\/wp-content\/uploads\/2021\/03\/destacado-2-300x256.jpg\" alt=\"\" width=\"172\" height=\"147\" srcset=\"https:\/\/www.monempresarial.com\/wp-content\/uploads\/2021\/03\/destacado-2-300x256.jpg 300w, https:\/\/www.monempresarial.com\/wp-content\/uploads\/2021\/03\/destacado-2.jpg 396w\" sizes=\"(max-width: 172px) 100vw, 172px\" \/>En el cas d&#8217;Espanya, per abordar la lluita contra el virus des de l&#8217;\u00e0mbit de Salut P\u00fablica i la disposici\u00f3 de marge econ\u00f2mic per implementar mesures NPI, es necessitaria de refor\u00e7ar-ne la molt deteriorada conjuntura econ\u00f2mica, arrossegada des del 2008. I aix\u00f2 passaria per un rescat econ\u00f2mic i financer amb estricta condicionalitat, llargament postergat des del rescat del seu sistema financer el 2012, a c\u00e0rrec d&#8217;organismes econ\u00f2mics internacionals, i la cessi\u00f3 de la seva sobirania econ\u00f2mica, de forma temporal, a organismes internacionals<\/span><\/h4>\n<\/blockquote>\n<p>I, sens dubte, la imposici\u00f3 d&#8217;aquestes NPI requerir\u00e0 de l&#8217;exist\u00e8ncia de marge econ\u00f2mic, tant de super\u00e0vit com d&#8217;endeutament, en les diferents economies avan\u00e7ades per compensar amb pol\u00edtiques fiscals expansives, a pimes i aut\u00f2noms, de la suspensi\u00f3 temporal obligat\u00f2ria de les seves activitats productives no essencials, que el capitalisme neocl\u00e0ssic, rendista o extractiu, ha demostrat, amb escreix, com a incapa\u00e7 d&#8217;aconseguir. En aquest esfor\u00e7 fiscal de compensaci\u00f3 a pimes i aut\u00f2noms, mentre les activitats essencials, no subjectes a suspensi\u00f3 d&#8217;activitat productiva, siguin realitzades per oligopolis de rendes excessives, hauran de contribuir amb una major aportaci\u00f3 fiscal aquests \u00faltims.<\/p>\n<p><span style=\"color: #719f8c;\"><strong>UN MODEL ESGOTAT<\/strong><\/span><br \/>\nEn el context descrit pr\u00e8viament, conv\u00e9 emfatitzar la crisi social, econ\u00f2mica i pol\u00edtica que les economies avan\u00e7ades venen patint des del 2012, com a conseq\u00fc\u00e8ncia de l&#8217;esgotament evident d&#8217;aquest model capitalista neocl\u00e0ssic que, des de l&#8217;aband\u00f3 de la pol\u00edtica monet\u00e0ria de l&#8217;est\u00e0ndard d&#8217;or, va enfonsar les seves arrels en l&#8217;expansi\u00f3 monet\u00e0ria dels sistemes monetaris fiat sense cap suport per una veritable economia productiva.<br \/>\nAix\u00ed, en el cas d&#8217;Espanya, per abordar la lluita contra el virus des de l&#8217;\u00e0mbit de Salut P\u00fablica i la disposici\u00f3 de marge econ\u00f2mic per implementar mesures NPI, es necessitaria de refor\u00e7ar-ne la molt deteriorada conjuntura econ\u00f2mica, arrossegada des del 2008. I aix\u00f2 passaria per un rescat econ\u00f2mic i financer amb estricta condicionalitat, llargament postergat des del rescat del seu sistema financer el 2012, a c\u00e0rrec d&#8217;organismes econ\u00f2mics internacionals, i la cessi\u00f3 de la seva sobirania econ\u00f2mica, de forma temporal, a organismes internacionals. El rescat amb condicionalitat hauria de ser el desencadenant de l&#8217;adveniment d&#8217;un capitalisme inclusiu per a l&#8217;economia espanyola que, entre altres \u00e8xits, permetria afrontar amb m\u00e9s solv\u00e8ncia econ\u00f2mica riscos de Salut P\u00fablica com el provocat per la Covid-19.<\/p>\n<p><span style=\"color: #719f8c;\"><strong>QU\u00c8 \u00c9S EL CAPITALISME INCLUSIU?<\/strong><\/span><br \/>\nFins ara, al llarg d&#8217;aquest article, ens hem referit, en diverses ocasions, a la necessitat d&#8217;il\u00b7luminar un nou model capitalista que substitueixi l&#8217;imperant actualment. I a aquest afany est\u00e0 dedicada en cos i \u00e0nima l&#8217;organitzaci\u00f3 empresarial de pimes i aut\u00f2noms, Plataforma Pymes, advocant per un nou capitalisme inclusiu que a la llarga es converteixi en la millor eina per a un nou tipus de defensa dels interessos econ\u00f2mics de les pimes i aut\u00f2noms.<br \/>\nPer\u00f2 conv\u00e9 definir amb precisi\u00f3 el terme capitalisme inclusiu per tal de no confondre\u2019l amb altres succedanis com podria ser el tan gastat creixement inclusiu. Aix\u00ed, el capitalisme inclusiu s&#8217;ent\u00e9n:<\/p>\n<p>\u2022 En oposici\u00f3, tant al capitalisme neocl\u00e0ssic-financer, clientelar, rendista i extractiu, de rendes excessives, com a l&#8217;anticapitalisme ideol\u00f2gic.<br \/>\n\u2022 Establert sobre una economia de mercat social, compromesa amb el seu entorn, basada en la igualtat d&#8217;oportunitats i no en l&#8217;igualitarisme i en l&#8217;eliminaci\u00f3 de posicions de domini de mercat.<br \/>\n\u2022 Recolzat en un creixement econ\u00f2mic sostenible i just per a totes les empreses, davant dels interessos establerts per un capitalisme neocl\u00e0ssic, afavoridor de superstars firms, oligopolis i monopolis (the winner takes it -almost- all) les rendes excessives dels quals incrementen els costos de producci\u00f3 de les pimes.<br \/>\n\u2022 Que impulsi la compet\u00e8ncia, ess\u00e8ncia del lliure mercat.<br \/>\n\u2022 Que contribueixi a la redistribuci\u00f3 de rendes entre la poblaci\u00f3 de manera ex ante, que aposta per la formaci\u00f3 justa de preus, en lloc de la tradicionalment utilitzada forma ex post, a trav\u00e9s de vies impositives i ajudes p\u00fabliques que moltes vegades actua a mode de responsabilitat social corporativa.<br \/>\n\u2022 I que atorgui a pimes i aut\u00f2noms el paper principal que els correspon.<\/p>\n<p>Tot aix\u00f2 redundaria en la millora de la productivitat i el despalanquejament financer, afavorint, amb aix\u00f2, l&#8217;inter\u00e8s general.<br \/>\nEn aquest afany per la defensa del capitalisme inclusiu, el moviment de la Plataforma Pymes, encara que poc conegut encara, est\u00e0 conven\u00e7ut d&#8217;estar situat al capdavant de la innovaci\u00f3 europea i mundial, ja que fins ara cap altra organitzaci\u00f3 empresarial de pimes i aut\u00f2noms hauria identificat aquesta q\u00fcesti\u00f3 com a essencial.<br \/>\nLa nostra organitzaci\u00f3 empresarial seria conscient que la seva obstinaci\u00f3 aniria m\u00e9s enll\u00e0 de les fronteres nacionals, i per tenir alguna possibilitat d&#8217;\u00e8xit, hauria de convertir-se en un moviment supraestatal i, d&#8217;aqu\u00ed, que aspir\u00e9s al fet que, en la seva relaci\u00f3 amb SME United, organitzaci\u00f3 europea de patronals de pimes i aut\u00f2noms, aquesta \u00faltima s&#8217;incorpor\u00e9s al vaixell del capitalisme inclusiu, contribuint aix\u00f2 a crear un moviment mundial d&#8217;organitzacions empresarials de pimes i aut\u00f2noms.<\/p>\n<p><img decoding=\"async\" loading=\"lazy\" class=\"aligncenter wp-image-27108 size-full\" src=\"https:\/\/www.monempresarial.com\/wp-content\/uploads\/2021\/03\/cuadro-cat.jpg\" alt=\"\" width=\"674\" height=\"670\" srcset=\"https:\/\/www.monempresarial.com\/wp-content\/uploads\/2021\/03\/cuadro-cat.jpg 674w, https:\/\/www.monempresarial.com\/wp-content\/uploads\/2021\/03\/cuadro-cat-150x150@2x.jpg 300w, https:\/\/www.monempresarial.com\/wp-content\/uploads\/2021\/03\/cuadro-cat-150x150.jpg 150w, https:\/\/www.monempresarial.com\/wp-content\/uploads\/2021\/03\/cuadro-cat-300x298@2x.jpg 600w\" sizes=\"(max-width: 674px) 100vw, 674px\" \/><\/p>\n","protected":false},"excerpt":{"rendered":"<p>La Plataforma Pymes, organitzaci\u00f3 empresarial d&#8217;organitzacions de pimes i aut\u00f2noms d&#8217;\u00e0mbit estatal a Espanya, va n\u00e9ixer amb un clar objectiu: la defensa, des de l&#8217;\u00e0mbit empresarial, de la necessitat d&#8217;un canvi de l&#8217;actual model capitalista neocl\u00e0ssic, rendista i extractiu per un capitalisme inclusiu, basat, entre altres q\u00fcestions, en la formaci\u00f3 justa de preus i la compet\u00e8ncia.<\/p>\n","protected":false},"author":86,"featured_media":27095,"comment_status":"closed","ping_status":"closed","sticky":false,"template":"","format":"standard","meta":{"_mi_skip_tracking":false,"mc4wp_mailchimp_campaign":[],"jnews-multi-image_gallery":[],"jnews_single_post":{"source_name":"","source_url":"","via_name":"","via_url":"","override_template":"0","override":[{"template":"1","single_blog_custom":"","parallax":"1","fullscreen":"1","layout":"right-sidebar","sidebar":"default-sidebar","second_sidebar":"default-sidebar","sticky_sidebar":"1","share_position":"bottom","share_float_style":"share-monocrhome","show_share_counter":"1","show_view_counter":"1","show_featured":"1","show_post_meta":"1","show_post_author":"1","show_post_author_image":"1","show_post_date":"1","post_date_format":"default","post_date_format_custom":"Y\/m\/d","show_post_category":"0","show_post_reading_time":"1","post_reading_time_wpm":"300","show_zoom_button":"0","zoom_button_out_step":"2","zoom_button_in_step":"3","show_post_tag":"1","show_prev_next_post":"0","show_popup_post":"1","number_popup_post":"2","show_author_box":"1","show_post_related":"1","show_inline_post_related":"1"}],"override_image_size":"0","image_override":[{"single_post_thumbnail_size":"crop-715","single_post_gallery_size":"crop-500"}],"trending_post":"0","trending_post_position":"meta","trending_post_label":"Trending","sponsored_post":"0","sponsored_post_label":"Sponsored by","sponsored_post_name":"","sponsored_post_url":"","sponsored_post_logo_enable":"0","sponsored_post_logo":"","sponsored_post_desc":"","disable_ad":"0"},"jnews_primary_category":{"id":"10827","hide":""}},"categories":[9,10827,10844,10815,10819,10828,7713],"tags":[7369,8415,8416,1231,2761,3950,6566],"_links":{"self":[{"href":"https:\/\/www.monempresarial.com\/ca\/wp-json\/wp\/v2\/posts\/27101"}],"collection":[{"href":"https:\/\/www.monempresarial.com\/ca\/wp-json\/wp\/v2\/posts"}],"about":[{"href":"https:\/\/www.monempresarial.com\/ca\/wp-json\/wp\/v2\/types\/post"}],"author":[{"embeddable":true,"href":"https:\/\/www.monempresarial.com\/ca\/wp-json\/wp\/v2\/users\/86"}],"replies":[{"embeddable":true,"href":"https:\/\/www.monempresarial.com\/ca\/wp-json\/wp\/v2\/comments?post=27101"}],"version-history":[{"count":3,"href":"https:\/\/www.monempresarial.com\/ca\/wp-json\/wp\/v2\/posts\/27101\/revisions"}],"predecessor-version":[{"id":46114,"href":"https:\/\/www.monempresarial.com\/ca\/wp-json\/wp\/v2\/posts\/27101\/revisions\/46114"}],"wp:featuredmedia":[{"embeddable":true,"href":"https:\/\/www.monempresarial.com\/ca\/wp-json\/wp\/v2\/media\/27095"}],"wp:attachment":[{"href":"https:\/\/www.monempresarial.com\/ca\/wp-json\/wp\/v2\/media?parent=27101"}],"wp:term":[{"taxonomy":"category","embeddable":true,"href":"https:\/\/www.monempresarial.com\/ca\/wp-json\/wp\/v2\/categories?post=27101"},{"taxonomy":"post_tag","embeddable":true,"href":"https:\/\/www.monempresarial.com\/ca\/wp-json\/wp\/v2\/tags?post=27101"}],"curies":[{"name":"wp","href":"https:\/\/api.w.org\/{rel}","templated":true}]}}