{"id":27459,"date":"2021-03-24T13:53:59","date_gmt":"2021-03-24T12:53:59","guid":{"rendered":"https:\/\/www.monempresarial.com\/?p=27459"},"modified":"2025-09-24T11:09:06","modified_gmt":"2025-09-24T09:09:06","slug":"la-col%c2%b7legiacio-voluntaria-es-obligatoria","status":"publish","type":"post","link":"https:\/\/www.monempresarial.com\/ca\/2021\/03\/24\/la-col%c2%b7legiacio-voluntaria-es-obligatoria\/","title":{"rendered":"La col\u00b7legiaci\u00f3 volunt\u00e0ria \u00e9s obligat\u00f2ria"},"content":{"rendered":"<h4 style=\"color: #602d11;\"><img decoding=\"async\" loading=\"lazy\" class=\"wp-image-27321 alignleft\" src=\"https:\/\/www.monempresarial.com\/wp-content\/uploads\/2021\/03\/Marc_2020-dreta.jpg\" alt=\"\" width=\"293\" height=\"204\" srcset=\"https:\/\/www.monempresarial.com\/wp-content\/uploads\/2021\/03\/Marc_2020-dreta.jpg 670w, https:\/\/www.monempresarial.com\/wp-content\/uploads\/2021\/03\/Marc_2020-dreta-300x209.jpg 300w, https:\/\/www.monempresarial.com\/wp-content\/uploads\/2021\/03\/Marc_2020-dreta-300x209@2x.jpg 600w\" sizes=\"(max-width: 293px) 100vw, 293px\" \/>Per llei, \u00e9s obligatori estar col\u00b7legiat per exercir una professi\u00f3 titulada. Per\u00f2 no sempre, ni de bon tros, s\u2019acompleix en la majoria de professions, ja que, entre m\u00e9s coses, hi ha un gran desconeixement de la q\u00fcesti\u00f3.<\/h4>\n<h4><span style=\"color: #663300; font-weight: bold; text-transform: uppercase;\">Miquel Darn\u00e9s i Cirera. <strong>President del Consell de Col\u00b7legis d\u2019Enginyers Graduats i Enginyers T\u00e8cnics Industrials de Catalunya.<\/strong><\/span><\/h4>\n<hr style=\"color: #b72126;\" \/>\n<p>Ja fa temps que corren aires liberalitzadors pels territoris europeus -la Llei \u00d2mnibus del Govern espanyol del 2010 n\u2019\u00e9s un bon exemple-, per\u00f2 no tot s\u2019ha de confiar a les forces del mercat. En determinades q\u00fcestions, com les que afecten directament a la salut i la seguretat de les persones, cal cercar l\u2019equilibri necessari entre la liberalitzaci\u00f3 i la regulaci\u00f3. Els col\u00b7legis professionals precisament van n\u00e0ixer per regular les professions titulades. Aix\u00ed doncs, metges, enginyers, arquitectes, advocats, etc., disposen d\u2019un col\u00b7legi professional on, segons la Llei catalana de col\u00b7legis professionals del 2006, cal estar-hi col\u00b7legiat per exercir la professi\u00f3.<\/p>\n<p>Malauradament, si exceptuem metges i advocats, en la resta de professions hi ha un gran malent\u00e8s a l\u2019hora de determinar qu\u00e8 vol dir exactament exercir la professi\u00f3, ja que no nom\u00e9s l\u2019exerceixen els qui son professionals liberals, com pensa molt gent. Tamb\u00e9 l\u2019exerceixen els qui estan en les empreses i l\u2019administraci\u00f3. Fins i tot, l\u2019article 15 de l\u2019esmentada llei diu que el r\u00e8gim disciplinari \u00e9s exercit per la Generalitat, en el cas de professionals que tinguin l\u2019obligaci\u00f3 d\u2019estar col\u00b7legiats i no la compleixin, o de les empreses i les entitats que contractin professionals en aquest sup\u00f2sit. Per tant, reconeix expl\u00edcitament que cal estar tamb\u00e9 col\u00b7legiat quan es treballa per a una empresa o entitat.<\/p>\n<blockquote>\n<h2><span style=\"color: #602d11;\">Dit aix\u00f2, els col\u00b7legis no perseguim ning\u00fa per no col\u00b7legiar-se. No \u00e9s la nostra feina -nom\u00e9s ho fem en cas d\u2019intrusisme denunciat i comprovat-, perqu\u00e8 pensem que estar col\u00b7legiat t\u00e9 prou valor com per no haver de fer-ho. Els col\u00b7legiats tenen clar que un professional t\u00e9 for\u00e7a possibilitats de fer m\u00e9s be la seva feina si pot comptar amb la protecci\u00f3, l\u2019assessorament, el <em>networking<\/em>, la formaci\u00f3, l\u2019actualitzaci\u00f3&#8230; del seu col\u00b7legi. I que una professi\u00f3 forta necessita un col\u00b7legi fort que la defensi.<\/span><\/h2>\n<\/blockquote>\n","protected":false},"excerpt":{"rendered":"<p>Por ley, es obligatorio estar colegiado para ejercer una profesi\u00f3n titulada. Pero no siempre, ni mucho menos, se cumple en la mayor\u00eda de profesiones, ya que, entre m\u00e1s cosas, hay un gran desconocimiento de la cuesti\u00f3n.<\/p>\n","protected":false},"author":1,"featured_media":27452,"comment_status":"open","ping_status":"open","sticky":false,"template":"","format":"standard","meta":{"_mi_skip_tracking":false,"mc4wp_mailchimp_campaign":[],"jnews-multi-image_gallery":[],"jnews_single_post":[],"jnews_primary_category":[]},"categories":[10817,10838,46],"tags":[8468,5885,6035],"_links":{"self":[{"href":"https:\/\/www.monempresarial.com\/ca\/wp-json\/wp\/v2\/posts\/27459"}],"collection":[{"href":"https:\/\/www.monempresarial.com\/ca\/wp-json\/wp\/v2\/posts"}],"about":[{"href":"https:\/\/www.monempresarial.com\/ca\/wp-json\/wp\/v2\/types\/post"}],"author":[{"embeddable":true,"href":"https:\/\/www.monempresarial.com\/ca\/wp-json\/wp\/v2\/users\/1"}],"replies":[{"embeddable":true,"href":"https:\/\/www.monempresarial.com\/ca\/wp-json\/wp\/v2\/comments?post=27459"}],"version-history":[{"count":1,"href":"https:\/\/www.monempresarial.com\/ca\/wp-json\/wp\/v2\/posts\/27459\/revisions"}],"predecessor-version":[{"id":47640,"href":"https:\/\/www.monempresarial.com\/ca\/wp-json\/wp\/v2\/posts\/27459\/revisions\/47640"}],"wp:featuredmedia":[{"embeddable":true,"href":"https:\/\/www.monempresarial.com\/ca\/wp-json\/wp\/v2\/media\/27452"}],"wp:attachment":[{"href":"https:\/\/www.monempresarial.com\/ca\/wp-json\/wp\/v2\/media?parent=27459"}],"wp:term":[{"taxonomy":"category","embeddable":true,"href":"https:\/\/www.monempresarial.com\/ca\/wp-json\/wp\/v2\/categories?post=27459"},{"taxonomy":"post_tag","embeddable":true,"href":"https:\/\/www.monempresarial.com\/ca\/wp-json\/wp\/v2\/tags?post=27459"}],"curies":[{"name":"wp","href":"https:\/\/api.w.org\/{rel}","templated":true}]}}