{"id":27510,"date":"2021-03-26T09:13:13","date_gmt":"2021-03-26T08:13:13","guid":{"rendered":"https:\/\/www.monempresarial.com\/2021\/03\/25\/la-economia-circular-en-europa-el-reto-de-cerrar-el-ciclo-de-vida-de-los-productos\/"},"modified":"2025-09-24T11:08:20","modified_gmt":"2025-09-24T09:08:20","slug":"leconomia-circular-a-europa-el-repte-de-tancar-el-cicle-de-vida-dels-productes","status":"publish","type":"post","link":"https:\/\/www.monempresarial.com\/ca\/2021\/03\/26\/leconomia-circular-a-europa-el-repte-de-tancar-el-cicle-de-vida-dels-productes\/","title":{"rendered":"L\u2019economia circular a Europa. El repte de tancar el cicle de vida dels productes"},"content":{"rendered":"<p><strong>El Pacte Verd Europeu \u00e9s una de les grans consignes de la Comissi\u00f3 Europea que lidera Ursula Von der Leyen. No s\u00f3n nom\u00e9s les exig\u00e8ncies de salvar el planeta de milers d\u2019estudiants que van sortir al carrer cada setmana l\u2019\u00faltim any les que han fet que les autoritats europees hagin situat al capdamunt de l\u2019agenda pol\u00edtica l\u2019emerg\u00e8ncia clim\u00e0tica i la transici\u00f3 ecol\u00f2gica. Tamb\u00e9 s\u00f3n cada vegada m\u00e9s les empreses i els actors econ\u00f2mics els que s\u2019han adonat que, en un m\u00f3n amb recursos finits, cal millorar-ne l\u2019efici\u00e8ncia, intentant obtenir-ne el m\u00e0xim rendiment, reaprofitant, reciclant i reconvertint. I aqu\u00ed \u00e9s on entra en joc l\u2019economia circular, una de les branques del Pacte Verd que vol impulsar una transformaci\u00f3 del model econ\u00f2mic actual en un de m\u00e9s eficient, que tanqui el cicle dels productes i redueixi al m\u00e0xim els residus i el desaprofitament. <\/strong><\/p>\n<h4>Text: <span style=\"color: #719f8c;\">J\u00falia Manresa Nogueras<\/span><\/h4>\n<hr \/>\n<p>Aix\u00f2 va de negocis. L\u2019economia circular hauria de ser el model econ\u00f2mic del futur, no nom\u00e9s per a Europa, sin\u00f3 per al m\u00f3n. Si ho fem b\u00e9, podem crear una economia sana per a les d\u00e8cades que venen i dins les fronteres que ens marca la natura\u201d, reblava el vicepresident de la Comissi\u00f3 Europea, Frans Timmermans, en l\u2019\u00faltima confer\u00e8ncia sobre economia circular impulsada per l\u2019Executiu comunitari. Segons Brussel\u00b7les, nom\u00e9s el 2016, les activitats considerades circulars (reparar, reutilitzar o reciclar) van generar 147.000 milions d\u2019euros en valor afegit i van suposar 17.500 milions en inversions, unes xifres encara molt petites, comparades amb els sectors que mouen l\u2019economia europea, per\u00f2 en clara expansi\u00f3. Brussel\u00b7les calcula que el PIB europeu pot augmentar un 0,5%, el 2030, nom\u00e9s aplicant mesures circulars a l\u2019economia, a m\u00e9s de crear 700.000 nous llocs de treball.<\/p>\n<blockquote>\n<h2><span style=\"color: #719f8c;\"><img decoding=\"async\" loading=\"lazy\" class=\"alignright wp-image-27496 \" src=\"https:\/\/www.monempresarial.com\/wp-content\/uploads\/2021\/03\/icono-europa-1-1.jpg\" alt=\"\" width=\"193\" height=\"199\" srcset=\"https:\/\/www.monempresarial.com\/wp-content\/uploads\/2021\/03\/icono-europa-1-1.jpg 325w, https:\/\/www.monempresarial.com\/wp-content\/uploads\/2021\/03\/icono-europa-1-1-290x300.jpg 290w\" sizes=\"(max-width: 193px) 100vw, 193px\" \/>Frans Timmermans, vicepresident de la Comissi\u00f3 Europea: \u201cL\u2019economia circular hauria de ser el model econ\u00f2mic del futur, no nom\u00e9s per a Europa, sin\u00f3 per al m\u00f3n. Si ho fem b\u00e9, podem crear una economia sana per a les d\u00e8cades que venen i dins les fronteres que ens marca la natura.\u201d<\/span><\/h2>\n<\/blockquote>\n<p><span style=\"color: #719f8c;\"><strong>La fi dels pl\u00e0stics d\u2019un sol \u00fas<\/strong><\/span><br \/>\nPer\u00f2 per entendre com es pot arribar a aquestes xifres, \u00e9s clau tenir una definici\u00f3 clara d\u2019economia circular, un concepte molt ampli que tamb\u00e9 s\u2019est\u00e0 descobrint a s\u00ed mateix a mida que creix. Tal com la descriu el centre d\u2019estudis del Parlament Europeu, l\u2019economia circular \u00e9s un model de producci\u00f3 i consum que implica compartir, cedir, reutilitzar, reparar, renovar i reciclar materials i productes tant temps com sigui possible amb l\u2019objectiu final d&#8217;estendre la vida dels productes i dels recursos existents. Un dels exemples pr\u00e0ctics m\u00e9s clar, impulsat des de Brussel\u00b7les, \u00e9s la prohibici\u00f3 dels pl\u00e0stics d\u2019un sol \u00fas a tota la Uni\u00f3 Europea, que entra en vigor aquest any i que vol acabar amb l\u2019exist\u00e8ncia dels bastonets per a les orelles o els vasos i envasos de pl\u00e0stic que nom\u00e9s serveixen per ser usats una vegada.<\/p>\n<p>Ara b\u00e9, una de les preocupacions principals davant aquesta transformaci\u00f3, com tamb\u00e9 en la transici\u00f3 verda en general, \u00e9s la destrucci\u00f3 de llocs de treball que pot provocar en un model d\u2019economia lineal. En aquest sentit, Brussel\u00b7les argumenta que el valor afegit que es generar\u00e0 amb el canvi, i les noves oportunitats de negoci que es vinculen a la circularitat, compensen les p\u00e8rdues. Per exemple, amb l\u2019emerg\u00e8ncia del disseny ecol\u00f2gic, el que la Comissi\u00f3 Europea anomena <em>Ecodesign<\/em>, que busca promoure la creaci\u00f3 de productes que siguin ecol\u00f2gics, reparables o reutilitzables des del seu naixement. I no nom\u00e9s productes energ\u00e8tics, sin\u00f3 qualsevol tipus de producte. Segons l\u2019\u00faltim informe de l\u2019Executiu comunitari en qu\u00e8 s\u2019analitza la implementaci\u00f3 del pla d\u2019acci\u00f3 d\u2019economia circular, hi ha clares oportunitats en sectors com l\u2019empaquetatge, els t\u00e8xtils i els mobles.<\/p>\n<h2><span style=\"color: #719f8c;\"><img decoding=\"async\" loading=\"lazy\" class=\"wp-image-27514 alignright\" src=\"https:\/\/www.monempresarial.com\/wp-content\/uploads\/2021\/03\/ICONO-EUROPA-2-CAT.jpg\" alt=\"\" width=\"209\" height=\"247\" srcset=\"https:\/\/www.monempresarial.com\/wp-content\/uploads\/2021\/03\/ICONO-EUROPA-2-CAT.jpg 517w, https:\/\/www.monempresarial.com\/wp-content\/uploads\/2021\/03\/ICONO-EUROPA-2-CAT-254x300.jpg 254w, https:\/\/www.monempresarial.com\/wp-content\/uploads\/2021\/03\/ICONO-EUROPA-2-CAT-254x300@2x.jpg 508w\" sizes=\"(max-width: 209px) 100vw, 209px\" \/><\/span><\/h2>\n<blockquote>\n<h2><span style=\"color: #719f8c;\">Brussel\u00b7les calcula que el PIB europeu pot augmentar un 0,5%, el 2030, nom\u00e9s aplicant mesures circulars a l\u2019economia, a m\u00e9s de crear 700.000 nous llocs de treball<\/span><\/h2>\n<\/blockquote>\n<p><span style=\"color: #719f8c;\"><strong>El dret a reparar<\/strong><\/span><br \/>\nEn aquest \u00e0mbit, hi ha un altre exemple concret que impulsa la Uni\u00f3 Europea i que ens serveix per posar cara i ulls a l\u2019economia circular: \u00e9s l\u2019anomenat \u201cdret a reparar\u201d. La Comissi\u00f3 Europea es va comprometre l\u2019any passat a impulsar, aquest 2021, una normativa que obligui que els productes electr\u00f2nics, com ara ordinadors port\u00e0tils, tel\u00e8fons m\u00f2bils o tauletes, siguin m\u00e9s f\u00e0cils de reparar. De fet, l\u2019Eurocambra ho va reclamar de nou, en una resoluci\u00f3 el novembre passat, en qu\u00e8 es demanava lluitar contra \u00abl\u2019obsolesc\u00e8ncia programada\u00bb, restringint les pr\u00e0ctiques empresarials i industrials que escurcen deliberadament la vida dels productes per alimentar la cadena de consum. L\u2019enquesta de l\u2019Eurobar\u00f2metre demostra que set de cada deu europeus prefereixen reparar els seus productes en comptes de canviar-los, i gaireb\u00e9 vuit de cada deu creuen que s\u2019ha d\u2019exigir a les empreses que facilitin la reparaci\u00f3 dels dispositius digitals o, com a m\u00ednim, que es permeti reempla\u00e7ar-ne parts concretes.<\/p>\n<blockquote>\n<h2><span style=\"color: #719f8c;\"><img decoding=\"async\" loading=\"lazy\" class=\"wp-image-27502 alignright\" src=\"https:\/\/www.monempresarial.com\/wp-content\/uploads\/2021\/03\/O.jpg\" alt=\"\" width=\"255\" height=\"154\" srcset=\"https:\/\/www.monempresarial.com\/wp-content\/uploads\/2021\/03\/O.jpg 459w, https:\/\/www.monempresarial.com\/wp-content\/uploads\/2021\/03\/O-300x180.jpg 300w, https:\/\/www.monempresarial.com\/wp-content\/uploads\/2021\/03\/O-333x200.jpg 333w\" sizes=\"(max-width: 255px) 100vw, 255px\" \/>Set de cada deu europeus prefereixen reparar els seus productes en comptes de canviar-los, i gaireb\u00e9 vuit de cada deu creuen que s\u2019ha d\u2019exigir a les empreses que facilitin la reparaci\u00f3 dels dispositius digitals<br \/>\n<\/span><\/h2>\n<\/blockquote>\n<p>Aquests s\u00f3n nom\u00e9s dos dels exemples d\u2019iniciatives europees que volen fer front al repte de tancar el cicle de vida dels productes i dels recursos des de la Uni\u00f3 Europea, per\u00f2 el pla d\u2019acci\u00f3 tamb\u00e9 busca reduir i reaprofitar els residus, tant en el sector alimentari, com urb\u00e0, industrial i energ\u00e8tic. Brussel\u00b7les tamb\u00e9 t\u00e9 diverses vies obertes per promoure la inversi\u00f3 en projectes com ara InvestEU, i fins i tot els Fons de Cohesi\u00f3 o de Transici\u00f3 Justa, que busquen promoure la transici\u00f3 verda de les economies europees que tenen m\u00e9s dificultats per fer els canvis necessaris.<\/p>\n<p><img decoding=\"async\" loading=\"lazy\" class=\"aligncenter size-full wp-image-27516\" src=\"https:\/\/www.monempresarial.com\/wp-content\/uploads\/2021\/03\/CUADRO-EURPOA-cat.jpg\" alt=\"\" width=\"836\" height=\"815\" srcset=\"https:\/\/www.monempresarial.com\/wp-content\/uploads\/2021\/03\/CUADRO-EURPOA-cat.jpg 836w, https:\/\/www.monempresarial.com\/wp-content\/uploads\/2021\/03\/CUADRO-EURPOA-cat-300x292.jpg 300w, https:\/\/www.monempresarial.com\/wp-content\/uploads\/2021\/03\/CUADRO-EURPOA-cat-300x292@2x.jpg 600w\" sizes=\"(max-width: 836px) 100vw, 836px\" \/><\/p>\n<p>&nbsp;<\/p>\n<p>&nbsp;<\/p>\n","protected":false},"excerpt":{"rendered":"<p>El Pacte Verd Europeu \u00e9s una de les grans consignes de la Comissi\u00f3 Europea que lidera Ursula Von der Leyen. No s\u00f3n nom\u00e9s les exig\u00e8ncies de salvar el planeta de milers d\u2019estudiants que van sortir al carrer cada setmana l\u2019\u00faltim any les que han fet que les autoritats europees hagin situat al capdamunt de l\u2019agenda pol\u00edtica l\u2019emerg\u00e8ncia clim\u00e0tica i la transici\u00f3 ecol\u00f2gica. Tamb\u00e9 s\u00f3n cada vegada m\u00e9s les empreses i els actors econ\u00f2mics els que s\u2019han adonat que, en un m\u00f3n amb recursos finits, cal millorar-ne l\u2019efici\u00e8ncia, intentant obtenir-ne el m\u00e0xim rendiment, reaprofitant, reciclant i reconvertint. I aqu\u00ed \u00e9s on entra en joc l\u2019economia circular, una de les branques del Pacte Verd que vol impulsar una transformaci\u00f3 del model econ\u00f2mic actual en un de m\u00e9s eficient, que tanqui el cicle dels productes i redueixi al m\u00e0xim els residus i el desaprofitament. <\/p>\n","protected":false},"author":1,"featured_media":27507,"comment_status":"closed","ping_status":"closed","sticky":false,"template":"","format":"standard","meta":{"_mi_skip_tracking":false,"mc4wp_mailchimp_campaign":[],"jnews-multi-image_gallery":[],"jnews_single_post":[],"jnews_primary_category":[]},"categories":[10839,10815,10843,12,19],"tags":[3072,4839,8488,8492,170,611,828,1135],"_links":{"self":[{"href":"https:\/\/www.monempresarial.com\/ca\/wp-json\/wp\/v2\/posts\/27510"}],"collection":[{"href":"https:\/\/www.monempresarial.com\/ca\/wp-json\/wp\/v2\/posts"}],"about":[{"href":"https:\/\/www.monempresarial.com\/ca\/wp-json\/wp\/v2\/types\/post"}],"author":[{"embeddable":true,"href":"https:\/\/www.monempresarial.com\/ca\/wp-json\/wp\/v2\/users\/1"}],"replies":[{"embeddable":true,"href":"https:\/\/www.monempresarial.com\/ca\/wp-json\/wp\/v2\/comments?post=27510"}],"version-history":[{"count":1,"href":"https:\/\/www.monempresarial.com\/ca\/wp-json\/wp\/v2\/posts\/27510\/revisions"}],"predecessor-version":[{"id":47636,"href":"https:\/\/www.monempresarial.com\/ca\/wp-json\/wp\/v2\/posts\/27510\/revisions\/47636"}],"wp:featuredmedia":[{"embeddable":true,"href":"https:\/\/www.monempresarial.com\/ca\/wp-json\/wp\/v2\/media\/27507"}],"wp:attachment":[{"href":"https:\/\/www.monempresarial.com\/ca\/wp-json\/wp\/v2\/media?parent=27510"}],"wp:term":[{"taxonomy":"category","embeddable":true,"href":"https:\/\/www.monempresarial.com\/ca\/wp-json\/wp\/v2\/categories?post=27510"},{"taxonomy":"post_tag","embeddable":true,"href":"https:\/\/www.monempresarial.com\/ca\/wp-json\/wp\/v2\/tags?post=27510"}],"curies":[{"name":"wp","href":"https:\/\/api.w.org\/{rel}","templated":true}]}}