{"id":2760,"date":"2015-02-12T08:00:27","date_gmt":"2015-02-12T07:00:27","guid":{"rendered":"http:\/\/monempresarial.com\/?p=2760"},"modified":"2025-09-25T12:23:42","modified_gmt":"2025-09-25T10:23:42","slug":"leducacio-en-valors","status":"publish","type":"post","link":"https:\/\/www.monempresarial.com\/ca\/2015\/02\/12\/leducacio-en-valors\/","title":{"rendered":"L&#8217;educaci\u00f3 en valors<\/span>"},"content":{"rendered":"<p><img decoding=\"async\" loading=\"lazy\" class=\"alignright size-full wp-image-2752\" src=\"http:\/\/monempresarial.com\/wp-content\/uploads\/2015\/02\/mon-empresarial_Ramon-Roch.png\" alt=\"Ramon Roch Noguera. Enginyer industrial, PDF IESE i director general de Fortriglobal\" width=\"150\" height=\"186\" \/><\/p>\n<h5 style=\"color: #638279;\">En la formaci\u00f3 de professionals l\u2019\u00e8tica \u00e9s una assignatura imprescindible, per\u00f2 alhora pendent de millora, perqu\u00e8 els estudiants esdevinguin treballadors amb valors i potencial. <\/h5>\n<\/p>\n<p><a style=\"color: #638279; font-size: 20px; text-transform: uppercase;\" href=\"http:\/\/monempresarial.com\/author\/rroch\/\">Ramon Roch Noguera.<\/a> Enginyer industrial, PDF IESE i director general de Fortriglobal. <\/p>\n<p>L\u2019horitz\u00f3 de crisi, canvi i globalitzaci\u00f3 en qu\u00e8 es troba el m\u00f3n fa que el tema de l\u2019educaci\u00f3 en valors adquireixi cada vegada m\u00e9s rellev\u00e0ncia. \u00c9s necessari que es formin professionals que siguin capa\u00e7os de reflexionar de manera \u00e8tica, i \u00e9s per aix\u00f2 que, a les universitats, una de les vessants m\u00e9s not\u00f2ries d\u2019investigaci\u00f3 dins el camp de l\u2019educaci\u00f3 en valors \u00e9s l\u2019\u00e8tica professional. <\/p>\n<p>Malgrat aix\u00f2, segons un estudi realitzat per l\u2019Aspen Institute sobre 2.000 graduats de les principals 13 escoles de negoci del m\u00f3n, \u201cl\u2019educaci\u00f3 en aquestes institucions no nom\u00e9s falla a l\u2019hora de millorar els valors morals dels estudiants, sin\u00f3 que els deteriora\u201d. <\/p>\n<p><img decoding=\"async\" loading=\"lazy\" class=\"alignleft size-full wp-image-2754\" src=\"http:\/\/monempresarial.com\/wp-content\/uploads\/2015\/02\/mon-empresarial-001_right-wrong.png\" alt=\"mon-empresarial-001_right-wrong\" width=\"359\" height=\"207\" srcset=\"https:\/\/www.monempresarial.com\/wp-content\/uploads\/2015\/02\/mon-empresarial-001_right-wrong.png 359w, https:\/\/www.monempresarial.com\/wp-content\/uploads\/2015\/02\/mon-empresarial-001_right-wrong-300x173.png 300w\" sizes=\"(max-width: 359px) 100vw, 359px\" \/>En efecte, la trista realitat de les universitats \u00e9s que estan formant \u201cprofessionals d\u2019\u00e8xit per a societats fracassades\u201d. Els esfor\u00e7os no s\u2019estan orientant cap a la construcci\u00f3 d\u2019un b\u00e9 espec\u00edfic que la societat requereix, sin\u00f3 cap al benefici econ\u00f2mic personal dels grups que tenen acc\u00e9s a la formaci\u00f3 universit\u00e0ria. <\/p>\n<p>Els dilemes \u00e8tics sempre estan presents en l\u2019acompliment de la professi\u00f3. Tanmateix, all\u00f2 que realment importa \u00e9s actuar sempre de manera coherent amb el que es pensa i no realitzar mai cap acci\u00f3 que faci que la moral o l\u2019\u00e8tica d\u2019un mateix es trenqui, ja que \u00e9s molt dif\u00edcil de tornar-la a reconstruir. Els futurs professionals han de ser conscients que quan arribin a exercir les seves carreres professionals tindran moltes responsabilitats a les seves mans i, llavors, hauran de ser capa\u00e7os de dirigir les situacions amb \u00e8tica i valors, tenint en compte el transfons moral i no nom\u00e9s el benestar econ\u00f2mic.<br \/>\n&nbsp;<br \/>\n\n<table id=\"tablepress-13\" class=\"tablepress tablepress-id-13\">\n<thead>\n<tr class=\"row-1 odd\">\n\t<th colspan=\"2\" class=\"column-1\"><span style=\"color: #ffffff; font-weight: bold; font-size:20px; text-transform:uppercase;\">L'empresa \u00e8tica<\/span><\/th>\n<\/tr>\n<\/thead>\n<tbody class=\"row-hover\">\n<tr class=\"row-2 even\">\n\t<td class=\"column-1\"><span style=\"color: #000000; font-weight: bold; text-transform:uppercase;\">Quan una persona amb valors<\/span> treballa en una empresa on l\u2019\u00e8tica es protegeix, aquest individu podr\u00e0 desenvolupar tot el seu potencial, i el seu grau de lleialtat ser\u00e0 inimaginable. Malgrat aix\u00f2, si es d\u00f3na el cas contrari, la companyia simplement tindr\u00e0 un mercenari que marxar\u00e0 quan arribi un millor postor. <\/td><td class=\"column-2\"><img src=\"http:\/\/monempresarial.com\/wp-content\/uploads\/2015\/02\/mon-empresarial_Codi-etic-300x197.png\" alt=\"mon-empresarial_Codi-etic\" width=\"300\" height=\"197\" class=\"alignright size-medium wp-image-2756\" \/><\/td>\n<\/tr>\n<\/tbody>\n<\/table>\n<!-- #tablepress-13 from cache --><\/p>\n","protected":false},"excerpt":{"rendered":"<p>En la formaci\u00f3 de professionals l\u2019\u00e8tica \u00e9s una assignatura imprescindible, per\u00f2 alhora pendent de millora, perqu\u00e8 els estudiants esdevinguin treballadors amb valors i potencial. Ramon Roch Noguera. Enginyer industrial, PDF IESE i director general de Fortriglobal. L\u2019horitz\u00f3 de crisi, canvi i globalitzaci\u00f3 en qu\u00e8 es troba el m\u00f3n fa que el tema de l\u2019educaci\u00f3 en [&hellip;]<\/p>\n","protected":false},"author":18,"featured_media":2758,"comment_status":"closed","ping_status":"open","sticky":false,"template":"","format":"standard","meta":{"_mi_skip_tracking":false,"mc4wp_mailchimp_campaign":[],"jnews-multi-image_gallery":[],"jnews_single_post":[],"jnews_primary_category":[]},"categories":[10,30],"tags":[],"_links":{"self":[{"href":"https:\/\/www.monempresarial.com\/ca\/wp-json\/wp\/v2\/posts\/2760"}],"collection":[{"href":"https:\/\/www.monempresarial.com\/ca\/wp-json\/wp\/v2\/posts"}],"about":[{"href":"https:\/\/www.monempresarial.com\/ca\/wp-json\/wp\/v2\/types\/post"}],"author":[{"embeddable":true,"href":"https:\/\/www.monempresarial.com\/ca\/wp-json\/wp\/v2\/users\/18"}],"replies":[{"embeddable":true,"href":"https:\/\/www.monempresarial.com\/ca\/wp-json\/wp\/v2\/comments?post=2760"}],"version-history":[{"count":1,"href":"https:\/\/www.monempresarial.com\/ca\/wp-json\/wp\/v2\/posts\/2760\/revisions"}],"predecessor-version":[{"id":48312,"href":"https:\/\/www.monempresarial.com\/ca\/wp-json\/wp\/v2\/posts\/2760\/revisions\/48312"}],"wp:featuredmedia":[{"embeddable":true,"href":"https:\/\/www.monempresarial.com\/ca\/wp-json\/wp\/v2\/media\/2758"}],"wp:attachment":[{"href":"https:\/\/www.monempresarial.com\/ca\/wp-json\/wp\/v2\/media?parent=2760"}],"wp:term":[{"taxonomy":"category","embeddable":true,"href":"https:\/\/www.monempresarial.com\/ca\/wp-json\/wp\/v2\/categories?post=2760"},{"taxonomy":"post_tag","embeddable":true,"href":"https:\/\/www.monempresarial.com\/ca\/wp-json\/wp\/v2\/tags?post=2760"}],"curies":[{"name":"wp","href":"https:\/\/api.w.org\/{rel}","templated":true}]}}