{"id":27717,"date":"2021-04-09T09:00:46","date_gmt":"2021-04-09T07:00:46","guid":{"rendered":"https:\/\/www.monempresarial.com\/2021\/03\/30\/pasa-la-duna\/"},"modified":"2025-09-24T11:07:38","modified_gmt":"2025-09-24T09:07:38","slug":"passa-la-duna","status":"publish","type":"post","link":"https:\/\/www.monempresarial.com\/ca\/2021\/04\/09\/passa-la-duna\/","title":{"rendered":"Passa la duna"},"content":{"rendered":"<p><strong><img decoding=\"async\" loading=\"lazy\" class=\"alignright wp-image-20942\" src=\"https:\/\/www.monempresarial.com\/wp-content\/uploads\/2019\/06\/MG_1083-retoc-OK-208x300.jpg\" alt=\"\" width=\"177\" height=\"255\" srcset=\"https:\/\/www.monempresarial.com\/wp-content\/uploads\/2019\/06\/MG_1083-retoc-OK-208x300.jpg 208w, https:\/\/www.monempresarial.com\/wp-content\/uploads\/2019\/06\/MG_1083-retoc-OK.jpg 567w, https:\/\/www.monempresarial.com\/wp-content\/uploads\/2019\/06\/MG_1083-retoc-OK-208x300@2x.jpg 416w\" sizes=\"(max-width: 177px) 100vw, 177px\" \/><\/strong><\/p>\n<p><strong>Davant de situacions cr\u00edtiques o de bloqueig, hem de convertir-nos en uns radicals del moment i avan\u00e7ar, costi el que costi.<\/strong><\/p>\n<h4><span style=\"color: #993366; text-transform: uppercase;\"><strong>Albert Bosch<\/strong>. <\/span>Aventurero <span style=\"color: #000000;\">y <\/span><span style=\"color: #993366;\"><span style=\"color: #000000;\">emprendedor.<\/span><\/span><\/h4>\n<hr style=\"color: #b72126;\" \/>\n<p>En uns moments en qu\u00e8 molts empresaris, aut\u00f2noms i professionals estan immersos en una aut\u00e8ntica &#8220;travessa del desert&#8221; a causa de la traum\u00e0tica situaci\u00f3 provocada per la Covid-19, vull recordar la meva experi\u00e8ncia en creuar el desert del S\u00e0hara, quan vaig participar en el Ral\u00b7li Dakar, la cursa de motor m\u00e9s dura del m\u00f3n.<br \/>\nDurant tota la meva joventut m&#8217;havia dedicat amb passi\u00f3 a la pr\u00e0ctica de l&#8217;alpinisme i del motociclisme de muntanya, i el meu gran somni era participar algun dia en el que es deia llavors el &#8220;Par\u00eds-Dakar&#8221;, una cursa\/aventura m\u00edtica en aquella \u00e8poca, que segueix sent, encara, molt especial a dia d&#8217;avui.<br \/>\nL&#8217;any 1998, amb 31 anys, vaig tenir l&#8217;oportunitat d&#8217;integrar-me, per fi, en un equip i fer realitat aquest gran somni. Vam estar entrenant, preparant les motos, organitzant l&#8217;equip i planificant milers de detalls durant mesos. I uns 15 dies abans d&#8217;iniciar la nostra gran aventura, ens van convocar a una reuni\u00f3 final a Sitges per motivar-nos i revisar-ne tots els punts clau.<\/p>\n<p><span style=\"color: #993366;\"><strong>EL VALOR D\u2019ABRA\u00c7AR ELS REPTES<\/strong><\/span><br \/>\nA aquesta trobada va assistir-hi Joan Porcar, el primer pilot espanyol de la hist\u00f2ria a participar al Dakar, i posse\u00efdor d\u2019una extensa experi\u00e8ncia per les seves m\u00faltiples participacions en la carrera. La seva comesa era fer-nos una xerrada. Ens va donar un munt de consells \u00fatils, per\u00f2 n\u2019hi va haver un que em va ajudar molt\u00edssim en aquell repte i m&#8217;ha servit, tamb\u00e9, en moltes altres i diverses ocasions: ens va dir que el desert \u00e9s realment molt complex, incert i dur en infinitat d&#8217;aspectes, per\u00f2 que hem de veure\u2019l amb tant de respecte com passi\u00f3, i que si l\u2019anem a creuar \u00e9s perqu\u00e8 hem decidit participar en un projecte ambici\u00f3s i de valor a la nostra vida, i aix\u00f2 comporta necess\u00e0riament conduir per terrenys dif\u00edcils i, fins i tot, extrems. Si no accept\u00e9ssim aquest desafiament i ens limit\u00e9ssim a fer nom\u00e9s coses f\u00e0cils, c\u00f2modes i segures, mai no ens trobar\u00edem en situacions d&#8217;estr\u00e8s i incertesa com al desert, per\u00f2 seria perqu\u00e8 haur\u00edem renunciat a lluitar pels nostres objectius; haur\u00edem optat pel cam\u00ed f\u00e0cil i, per tant, ens haur\u00edem resignat a la mediocritat.<br \/>\nPorcar tamb\u00e9 va destacar que, malgrat la seva duresa, el desert es pot gestionar; ser\u00edem capa\u00e7os de creuar-lo! Per\u00f2, a continuaci\u00f3, ens va parlar d&#8217;uns trams especialment cr\u00edtics: les &#8220;Dunes&#8221;, les muntanyes de sorra la dificultat de les quals \u00e9s m\u00e0xima i les possibilitats de quedar-s\u2019hi bloquejat i abandonar s\u00f3n alt\u00edssimes.<br \/>\nAix\u00ed, ens va advertir que, si b\u00e9 durant tota la nostra travessa haur\u00edem de donar el millor de nosaltres mateixos, en passar un grup de dunes (Erg), sens dubte, ens sentir\u00edem m\u00e9s d&#8217;una vegada pr\u00e0cticament incapa\u00e7os d&#8217;avan\u00e7ar: ens enfonsar\u00edem a la sorra infinitat de vegades, ens costaria hores de rec\u00f3rrer uns pocs metres, i percebr\u00edem com impossible arribar a la fi de l&#8217;etapa, perqu\u00e8 ens faltarien encara centenars de quil\u00f2metres i estar\u00edem pr\u00e0cticament estancats, atrapats en aquella trampa daurada.<br \/>\nI ens va explicar que aquest era el moment clau per al qual ens hav\u00edem estat preparant durant tant de temps. Tot l&#8217;entrenament, sobretot la preparaci\u00f3 mec\u00e0nica, tota la log\u00edstica i totes les nostres capacitats havien de prendre sentit en aquesta situaci\u00f3 de bloqueig. I all\u00e0 hav\u00edem d&#8217;utilitzar tota la nostra energia i entrenament f\u00edsic i mental per asserenar-nos, confiar en nosaltres i continuar avan\u00e7ant<\/p>\n<blockquote>\n<h2><span style=\"color: #993366;\"><img decoding=\"async\" loading=\"lazy\" class=\"alignright wp-image-27811 size-medium\" src=\"https:\/\/www.monempresarial.com\/wp-content\/uploads\/2021\/03\/ICONO-1-3-300x94.jpg\" alt=\"\" width=\"300\" height=\"94\" srcset=\"https:\/\/www.monempresarial.com\/wp-content\/uploads\/2021\/03\/ICONO-1-3-300x94.jpg 300w, https:\/\/www.monempresarial.com\/wp-content\/uploads\/2021\/03\/ICONO-1-3.jpg 627w, https:\/\/www.monempresarial.com\/wp-content\/uploads\/2021\/03\/ICONO-1-3-300x94@2x.jpg 600w\" sizes=\"(max-width: 300px) 100vw, 300px\" \/><\/span><\/h2>\n<h2><span style=\"color: #993366;\">La grandiositat d&#8217;un mar de dunes et tomba, sobretot si \u00e9s el primer cop que t&#8217;atreveixes a desafiar-lo (&#8230;). Per\u00f2 despr\u00e9s d&#8217;alguna d&#8217;aquestes dunes, el terreny canviar\u00e0, reapareixeran les pistes de terra dura i podr\u00e0s avan\u00e7ar a bona velocitat per aconseguir la fi de l&#8217;etapa<br \/>\n<\/span><\/h2>\n<\/blockquote>\n<p><span style=\"color: #993366;\"><strong>HEM DE CONCENTRAR-NOS EN L\u2019AQU\u00cd I ARA<\/strong><\/span><br \/>\nHav\u00edem de centrar-nos en aquest instant, convertir-nos en uns radicals d&#8217;aquest moment, i oblidar-nos pr\u00e0cticament de l&#8217;objectiu final o del &#8220;que queda&#8221;, i calmar-nos, sense deixar-nos dominar per l&#8217;estr\u00e8s o la&#8230; I avan\u00e7ar 1 metre, 10 metres, 100 metres; el que pogu\u00e9ssim. Descansar, recuperar forces i continuar avan\u00e7ant.<br \/>\nL&#8217;objectiu era passar la seg\u00fcent duna. Si ens qued\u00e0vem all\u00e0 estancats, l&#8217;abandonament i la derrota estava assegurada, per\u00f2 si la super\u00e0vem, tot i que potser hi hauria una altra o diverses dunes m\u00e9s, era la nostra \u00fanica oportunitat per poder tenir opcions de sobreviure en aquesta carrera i poder continuar amb la nostra travessa del desert fins la meta desitjada.<br \/>\nLa grandiositat d&#8217;un mar de dunes et tomba, sobretot si \u00e9s el primer cop que t&#8217;atreveixes a desafiar-lo, et desespera, t\u2019esgota i \u00e9s molt probable que perdis la connexi\u00f3 amb el sentit del projecte; amb aquell prop\u00f2sit que, un dia, ara molt lluny\u00e0, va inspirar la teva ment i el teu cor. Per\u00f2 despr\u00e9s d&#8217;alguna d&#8217;aquestes dunes, el terreny canviar\u00e0, reapareixeran les pistes de terra dura i podr\u00e0s avan\u00e7ar a bona velocitat per aconseguir la fi de l&#8217;etapa.<\/p>\n<p><span style=\"color: #993366;\"><strong>LA SATISFACCI\u00d3 PER HAVER-HO DONAT TOT<\/strong><\/span><br \/>\nUn cop al campament, encara que hi h\u00e0gim arribat molt tard, de nit i al l\u00edmit de les nostres forces, tindrem un temps de recuperaci\u00f3 i, sobretot, dormirem reconeixent-nos com uns lluitadors, com a pilots del desert que no tiren la tovallola, com a persones compromeses amb seva responsabilitat, com a individus plens de coratge, capacitat i convicci\u00f3 de continuar avan\u00e7ant cap als nostres objectius malgrat les circumst\u00e0ncies adverses.<br \/>\nI l&#8217;endem\u00e0, iniciarem una altra etapa de la nostra travessa del desert. I segurament tornarem a trobar algunes dunes dif\u00edcils que ens bloquejaran, per\u00f2 no tant, perqu\u00e8 haurem apr\u00e8s i millorat la nostra t\u00e8cnica per sortejar-les, i, sobretot, sabrem que som capa\u00e7os de fer-ho.<br \/>\nNo vivim en un m\u00f3n Disney, i, certament, \u00e9s possible que en algun d&#8217;aquests passos de dunes cometem algun error o alguna cosa es compliqui extremadament i h\u00e0gim d&#8217;abandonar. Per\u00f2 si aix\u00f2 passa, estarem orgullosos d&#8217;haver-ho donat tot, d\u2019all\u00f2 apr\u00e8s en la lluita, i aprofitarem tota l&#8217;experi\u00e8ncia per alimentar la nostra font de confian\u00e7a per afrontar noves aventures.<br \/>\nHi ha moments a la vida personal i, sobretot, a la vida professional o empresarial, en qu\u00e8 ens toca enfrontar-nos a situacions i obstacles molt m\u00e9s grans del que desitgem i del que ens veiem capa\u00e7os de superar. S\u00f3n moments en qu\u00e8 toca decidir si volem ser v\u00edctimes o lluitadors. S\u00f3n moments que forgen el nostre car\u00e0cter. S\u00f3n moments que ens fan mereixedors de tot el que hem constru\u00eft i de tot el que som capa\u00e7os de fer en el futur. S\u00f3n moments en qu\u00e8 l&#8217;\u00fanic que compta \u00e9s passar la seg\u00fcent duna.<br \/>\nSigui com sigui la teva situaci\u00f3 actual, passa la duna! i sent-te orgull\u00f3s de la gran travessa del desert que ets capa\u00e7 de fer.<\/p>\n<blockquote>\n<h2><span style=\"color: #993366;\"><img decoding=\"async\" loading=\"lazy\" class=\"alignright wp-image-27709\" src=\"https:\/\/www.monempresarial.com\/wp-content\/uploads\/2021\/03\/ICONO-2-2-298x300.jpg\" alt=\"\" width=\"166\" height=\"167\" srcset=\"https:\/\/www.monempresarial.com\/wp-content\/uploads\/2021\/03\/ICONO-2-2-298x300.jpg 298w, https:\/\/www.monempresarial.com\/wp-content\/uploads\/2021\/03\/ICONO-2-2-150x150.jpg 150w, https:\/\/www.monempresarial.com\/wp-content\/uploads\/2021\/03\/ICONO-2-2.jpg 490w, https:\/\/www.monempresarial.com\/wp-content\/uploads\/2021\/03\/ICONO-2-2-150x150@2x.jpg 300w\" sizes=\"(max-width: 166px) 100vw, 166px\" \/>Hi ha moments a la vida personal i, sobretot, a la vida professional o empresarial, en qu\u00e8 ens toca enfrontar-nos a situacions i obstacles molt m\u00e9s grans del que desitgem i del que ens veiem capa\u00e7os de superar. S\u00f3n moments en qu\u00e8 toca decidir si volem ser v\u00edctimes o lluitadors<\/span><\/h2>\n<\/blockquote>\n<p><strong>\u00a0<\/strong><\/p>\n","protected":false},"excerpt":{"rendered":"<p>Davant de situacions cr\u00edtiques o de bloqueig, hem de convertir-nos en uns radicals del moment i avan\u00e7ar, costi el que costi.<\/p>\n","protected":false},"author":35,"featured_media":27713,"comment_status":"closed","ping_status":"closed","sticky":false,"template":"","format":"standard","meta":{"_mi_skip_tracking":false,"mc4wp_mailchimp_campaign":[],"jnews-multi-image_gallery":[],"jnews_single_post":[],"jnews_primary_category":[]},"categories":[10830,11,10817,7824,4718],"tags":[435,556,1960,1969,2385,2397,2744,8532,8533,8534,8535],"_links":{"self":[{"href":"https:\/\/www.monempresarial.com\/ca\/wp-json\/wp\/v2\/posts\/27717"}],"collection":[{"href":"https:\/\/www.monempresarial.com\/ca\/wp-json\/wp\/v2\/posts"}],"about":[{"href":"https:\/\/www.monempresarial.com\/ca\/wp-json\/wp\/v2\/types\/post"}],"author":[{"embeddable":true,"href":"https:\/\/www.monempresarial.com\/ca\/wp-json\/wp\/v2\/users\/35"}],"replies":[{"embeddable":true,"href":"https:\/\/www.monempresarial.com\/ca\/wp-json\/wp\/v2\/comments?post=27717"}],"version-history":[{"count":1,"href":"https:\/\/www.monempresarial.com\/ca\/wp-json\/wp\/v2\/posts\/27717\/revisions"}],"predecessor-version":[{"id":47631,"href":"https:\/\/www.monempresarial.com\/ca\/wp-json\/wp\/v2\/posts\/27717\/revisions\/47631"}],"wp:featuredmedia":[{"embeddable":true,"href":"https:\/\/www.monempresarial.com\/ca\/wp-json\/wp\/v2\/media\/27713"}],"wp:attachment":[{"href":"https:\/\/www.monempresarial.com\/ca\/wp-json\/wp\/v2\/media?parent=27717"}],"wp:term":[{"taxonomy":"category","embeddable":true,"href":"https:\/\/www.monempresarial.com\/ca\/wp-json\/wp\/v2\/categories?post=27717"},{"taxonomy":"post_tag","embeddable":true,"href":"https:\/\/www.monempresarial.com\/ca\/wp-json\/wp\/v2\/tags?post=27717"}],"curies":[{"name":"wp","href":"https:\/\/api.w.org\/{rel}","templated":true}]}}