{"id":2889,"date":"2015-02-17T08:00:33","date_gmt":"2015-02-17T07:00:33","guid":{"rendered":"http:\/\/monempresarial.com\/?p=2889"},"modified":"2025-06-06T10:54:47","modified_gmt":"2025-06-06T08:54:47","slug":"omnium-cultural-53-anys-servei-llengua-catalana","status":"publish","type":"post","link":"https:\/\/www.monempresarial.com\/ca\/2015\/02\/17\/omnium-cultural-53-anys-servei-llengua-catalana\/","title":{"rendered":"\u00d2mnium Cultural.<\/span> 53 anys al servei de la llengua catalana, la cultura i el pa\u00eds"},"content":{"rendered":"<h4><img decoding=\"async\" loading=\"lazy\" class=\"alignright wp-image-2879\" src=\"http:\/\/monempresarial.com\/wp-content\/uploads\/2015\/02\/mon-empresarial-001_senyera.png\" alt=\"Senyera\" width=\"174\" height=\"118\" \/>Amb m\u00e9s de 44.000 socis repartits arreu del m\u00f3n, 33 seus territorials i 53 anys d\u2019hist\u00f2ria, \u00d2mnium Cultural s\u2019ha convertit en un referent entre les entitats que formen la societat civil catalana, no nom\u00e9s per la seva llarga traject\u00f2ria, sin\u00f3 tamb\u00e9 per la for\u00e7a amb qu\u00e8 ha liderat tot tipus de projectes.<\/h4>\n<h4>Text: <a style=\"color: #ae0f09;\" href=\"http:\/\/monempresarial.com\/author\/omajo\/\">Olivia Maj\u00f3<\/a><br \/>\nFotos: <span style=\"color: #ae0f09;\">Cedides<\/span><\/h4>\n<hr style=\"color: #b72126;\" \/>\n<p><span style=\"color: #ae0f09; font-weight: bold; text-transform: uppercase;\">Despr\u00e9s de l\u2019abolici\u00f3 de l\u2019Estatut l\u2019any 1932 i de la prohibici\u00f3 oficial del catal\u00e0 a la vida civil i religiosa,<\/span> durant els anys 40 i 50, la llengua catalana va sobreviure en la clandestinitat. Les coses van comen\u00e7ar a canviar, per\u00f2, als anys 60, quan grups de mecenes, intel\u2022lectuals i professionals independents van posar en marxa una s\u00e8rie d\u2019accions en defensa de la llengua i la cultura catalanes. Neix, aleshores, \u00d2mnium Cultural, l\u201911 de juliol del 1961, de la m\u00e0 de F\u00e8lix Millet i Maristany, Llu\u00eds Carulla, Joan B. Cendr\u00f3s, Pau Riera i Joan Vallv\u00e9.<br \/>\nEl seu objectiu era clar: crear una instituci\u00f3 per promoure la cultura catalana. Les seves primeres accions, en conseq\u00fc\u00e8ncia, van ser en aquest sentit: formaci\u00f3 de professors de llengua, lliurament del Premi d\u2019Honor de les Lletres Catalanes, inici de la campanya \u201cCultura en ruta\u201d (un gran bibliob\u00fas que recorria Catalunya venent llibres i discs en catal\u00e0)&#8230;<br \/>\nDespr\u00e9s de les primeres eleccions a la Generalitat, l\u2019any 1980, \u00d2mnium ja s\u2019havia convertit en un potent grup d\u2019opini\u00f3 amb un gran \u00e0mbit d\u2019influ\u00e8ncia, i l\u2019any 1992, coincidint amb els Jocs Ol\u00edmpics de Barcelona, va promoure la campanya \u201cFreedom for Catalonia\u201d per donar a con\u00e8ixer al m\u00f3n les aspiracions nacionals de Catalunya.<\/p>\n<blockquote>\n<h2 style=\"color: #ae0f09;\">\u00d2mnium Cultural va n\u00e9ixer l&#8217;11 de juliol del 1961 de la m\u00e0 de F\u00e8lix Millet i Maristany, Llu\u00eds Carulla, Joan B. Cendr\u00f3s, Pau Riera i Joan Vallv\u00e9<\/h2>\n<\/blockquote>\n<p><span style=\"color: #ae0f09; font-weight: bold; text-transform: uppercase;\">Paper clau en les mobilitzacions ciutadanes<\/span><br \/>\nAquest comprom\u00eds sobiranista s\u2019ha anat fent cada cop m\u00e9s notori. L\u2019any 2010, despr\u00e9s de la retallada de l\u2019Estatut de Catalunya per part del Tribunal Constitucional, \u00d2mnium va convocar una manifestaci\u00f3 sota el lema \u201cSom una naci\u00f3. Nosaltres decidim\u201d, que va congregar m\u00e9s d\u2019un mili\u00f3 de persones. Posteriorment, l\u2019entitat ha jugat un paper clau en les mobilitzacions ciutadanes massives organitzades cada 11 de setembre, aix\u00ed com en la consulta del passat 9 de novembre. Ara, conscients que encara queda molt cam\u00ed per rec\u00f3rrer,els integrants d\u2019\u00d2mnium segueixen treballant per a aconseguir que Catalunya esdevingui un estat independent.<\/p>\n<p><span style=\"color: #ae0f09; font-weight: bold; text-transform: uppercase;\">En menys de 100 paraules<\/span><br \/>\n\u00d2mnium Cultural \u00e9s una entitat sense \u00e0nim de lucre que porta m\u00e9s de 50 anys treballant per la promoci\u00f3 de la llengua, la cultura i la identitat nacional catalana. Els darrers anys, per\u00f2, el seu nom encara ha agafat m\u00e9s pes en els mitjans arran d\u2019haver-se convertit en un referent dins del moviment de la societat civil catalana pel seu paper al capdavant del proc\u00e9s sobiranista.<\/p>\n<div style=\"background-color: #ae0f09; text-align: center;\"><span style=\"color: #ffffff; font-weight: bold; font-size: 20px;\">Entrevista a<\/span> <span style=\"color: #000000; font-weight: bold; font-size: 20px;\">Muriel Casals, presidenta d\u2019\u00d2mnium Cultural<\/span><\/div>\n<p><a href=\"http:\/\/monempresarial.com\/wp-content\/uploads\/2015\/02\/monempresarial-001_muriel-casals1.png\"><img decoding=\"async\" loading=\"lazy\" class=\"wp-image-2999 alignright\" src=\"http:\/\/monempresarial.com\/wp-content\/uploads\/2015\/02\/monempresarial-001_muriel-casals1.png\" alt=\"\" width=\"286\" height=\"190\" srcset=\"https:\/\/www.monempresarial.com\/wp-content\/uploads\/2015\/02\/monempresarial-001_muriel-casals1.png 740w, https:\/\/www.monempresarial.com\/wp-content\/uploads\/2015\/02\/monempresarial-001_muriel-casals1-300x199.png 300w, https:\/\/www.monempresarial.com\/wp-content\/uploads\/2015\/02\/monempresarial-001_muriel-casals1-252x167.png 252w, https:\/\/www.monempresarial.com\/wp-content\/uploads\/2015\/02\/monempresarial-001_muriel-casals1-300x199@2x.png 600w, https:\/\/www.monempresarial.com\/wp-content\/uploads\/2015\/02\/monempresarial-001_muriel-casals1-252x167@2x.png 504w\" sizes=\"(max-width: 286px) 100vw, 286px\" \/><\/a><span style=\"color: #ae0f09; font-weight: bold;\">\u00d2mnium Cultural \u00e9s un dels referents al capdavant del proc\u00e9s sobiranista. Com han viscut internament tota aquesta evoluci\u00f3?<\/span><br \/>\nHem viscut molt intensament l\u2019acceleraci\u00f3 de la hist\u00f2ria els darrers anys. Hem debatut a tots els nivells quin ha de ser el paper d\u2019una entitat cultural, per concloure que el millor que podem fer ara per la llengua i la cultura \u00e9s treballar en favor de la independ\u00e8ncia. Per\u00f2 hem de fer-ho sense abandonar les nostres tasques habituals (activitats liter\u00e0ries i de cohesi\u00f3 social), cosa que implica un esfor\u00e7 extra assumit amb generositat.<\/p>\n<p><span style=\"color: #ae0f09; font-weight: bold;\">I l\u2019empresariat catal\u00e0, quin paper hi ha desenvolupat?<\/span><br \/>\nD\u2019empresaris, com de treballadors, n\u2019hi ha de tota mena, a Catalunya i arreu del m\u00f3n. En general, els petits i mitjans empresaris, que representen gran part del teixit productiu, s\u00f3n favorables a la independ\u00e8ncia. No oblidem que un dels motius per reivindicar la separaci\u00f3 \u00e9s, precisament, el mal tracte econ\u00f2mic que rep Catalunya. Els empresaris s\u00f3n perjudicats per la injusta manca d\u2019inversi\u00f3 p\u00fablica en infraestructures, que els situa en una condici\u00f3 m\u00e9s dura que els seus rivals en la compet\u00e8ncia internacional. Cada vegada m\u00e9s, el mercat al qual s\u2019adre\u00e7a la nostra producci\u00f3 \u00e9s el m\u00f3n.<\/p>\n<p><span style=\"color: #ae0f09; font-weight: bold;\">Considera, doncs, que una Catalunya independent ser\u00e0 m\u00e9s favorable a les pimes?<\/span><br \/>\nSens dubte. La pol\u00edtica espanyola est\u00e0 pensada en funci\u00f3 d\u2019all\u00f2 que conv\u00e9 a grans empreses lligades a les concessions, als enc\u00e0rrecs de l\u2019administraci\u00f3 o al prestigi \u201cnacional\u201d. Qualsevol canvi ser\u00e0 una millora. En una Catalunya independent, podrem tenir una pol\u00edtica econ\u00f2mica pensada per afavorir l\u2019activitat del pa\u00eds.<\/p>\n<p><span style=\"color: #ae0f09; font-weight: bold;\">En aquesta transici\u00f3, per\u00f2, les empreses catalanes poden trobar-se amb dificultats&#8230;<\/span><br \/>\nEls canvis generen incertesa i pot haver-hi uns moments de por per part dels inversors. Per\u00f2 els canvis tamb\u00e9 generen oportunitats, i aix\u00f2 els empresaris din\u00e0mics ho saben. Caldr\u00e0 tenir cura de respondre tots els interrogants pel que fa a regulacions comercials, laborals o financeres, i crear un clima de tranquil\u00b7litat.<\/p>\n<blockquote>\n<h2 style=\"color: #626366;\">\u201cEls canvis s\u00f3n tamb\u00e9 generadors d\u2019oportunitats i aix\u00f2 els empresaris din\u00e0mics ho saben.\u201d<\/h2>\n<\/blockquote>\n<p><span style=\"color: #ae0f09; font-weight: bold;\">Com creu que es faria el canvi de la fiscalitat espanyola a la catalana?<\/span><br \/>\nAmb molta suavitat, mostrant les millores i sense crear situacions dubtoses. Crec que tindrem un model fiscal m\u00e9s equitatiu, compatible amb l\u2019est\u00edmul a la iniciativa emprenedora, i que caldr\u00e0 pensar avantatges per a les actuacions que incrementen la riquesa del pa\u00eds, sobretot per a la creaci\u00f3 de llocs de treball.<\/p>\n<p><span style=\"color: #ae0f09; font-weight: bold;\">Parlem ara de les oportunitats. N\u2019hi haur\u00e0 de noves?<\/span><br \/>\nLa il\u2022lusi\u00f3 d\u2019uns ciutadans protagonistes de la creaci\u00f3 d\u2019un pa\u00eds nou i millor \u00e9s un element poder\u00f3s per fer cr\u00e9ixer la productivitat. Alguns dels nostres professionals actualment a l\u2019estranger voldran sumar-se a l\u2019aventura i faran pujar la qualitat mitjana del nostre mercat laboral.<\/p>\n<p><span style=\"color: #ae0f09; font-weight: bold;\">Un proc\u00e9s sobiranista tamb\u00e9 comporta reptes&#8230;<\/span><br \/>\nEl principal repte ser\u00e0 assegurar als que no volen la independ\u00e8ncia que la seva vida tamb\u00e9 ser\u00e0 m\u00e9s confortable i estimulant, que un pa\u00eds nou millorar\u00e0 el seu dia a dia i les seves oportunitats de futur. Viure en un pa\u00eds de persones satisfetes amb el seu entorn \u00e9s molt m\u00e9s agradable que conviure amb qui t\u00e9 massa motius de queixa, que \u00e9s el que passa ara. Per aix\u00f2, des de fa mesos, treballem per crear un clima de confian\u00e7a, entre ciutadans i governants, i escoltem i difonem tant les il\u00b7lusions dels catalans per un pa\u00eds nou com el criteri dels experts per davant dels arguments de la por.<\/p>\n<p><span style=\"color: #ae0f09; font-weight: bold;\">Per acabar, quin hauria de ser el paper d&#8217;\u00d2mnium en una Catalunya independent?<\/span><br \/>\nLa nostra feina de sempre: \u201cLlengua, cultura, pa\u00eds\u201d. Segurament ens tocar\u00e0 seguir treballant per incorporar la catalanitat a molts conciutadans que encara viuen aliens a la llengua i la cultura del que \u00e9s el seu pa\u00eds. Ajudarem, a trav\u00e9s de la cultura, a fer que tots siguem ciutadans amb els mateixos drets i deures.<\/p>\n","protected":false},"excerpt":{"rendered":"<p>Amb m\u00e9s de 44.000 socis repartits arreu del m\u00f3n, 33 seus territorials i 53 anys d\u2019hist\u00f2ria, \u00d2mnium Cultural s\u2019ha convertit en un referent entre les entitats que formen la societat civil catalana, no nom\u00e9s per la seva llarga traject\u00f2ria, sin\u00f3 tamb\u00e9 per la for\u00e7a amb qu\u00e8 ha liderat tot tipus de projectes.<\/p>\n","protected":false},"author":30,"featured_media":4717,"comment_status":"open","ping_status":"open","sticky":false,"template":"","format":"standard","meta":{"_mi_skip_tracking":false,"mc4wp_mailchimp_campaign":[],"jnews-multi-image_gallery":[],"jnews_single_post":[],"jnews_primary_category":[]},"categories":[10820,10821,9,10825,21],"tags":[116,126,127,128,129,130,131,113],"_links":{"self":[{"href":"https:\/\/www.monempresarial.com\/ca\/wp-json\/wp\/v2\/posts\/2889"}],"collection":[{"href":"https:\/\/www.monempresarial.com\/ca\/wp-json\/wp\/v2\/posts"}],"about":[{"href":"https:\/\/www.monempresarial.com\/ca\/wp-json\/wp\/v2\/types\/post"}],"author":[{"embeddable":true,"href":"https:\/\/www.monempresarial.com\/ca\/wp-json\/wp\/v2\/users\/30"}],"replies":[{"embeddable":true,"href":"https:\/\/www.monempresarial.com\/ca\/wp-json\/wp\/v2\/comments?post=2889"}],"version-history":[{"count":1,"href":"https:\/\/www.monempresarial.com\/ca\/wp-json\/wp\/v2\/posts\/2889\/revisions"}],"predecessor-version":[{"id":46320,"href":"https:\/\/www.monempresarial.com\/ca\/wp-json\/wp\/v2\/posts\/2889\/revisions\/46320"}],"wp:featuredmedia":[{"embeddable":true,"href":"https:\/\/www.monempresarial.com\/ca\/wp-json\/wp\/v2\/media\/4717"}],"wp:attachment":[{"href":"https:\/\/www.monempresarial.com\/ca\/wp-json\/wp\/v2\/media?parent=2889"}],"wp:term":[{"taxonomy":"category","embeddable":true,"href":"https:\/\/www.monempresarial.com\/ca\/wp-json\/wp\/v2\/categories?post=2889"},{"taxonomy":"post_tag","embeddable":true,"href":"https:\/\/www.monempresarial.com\/ca\/wp-json\/wp\/v2\/tags?post=2889"}],"curies":[{"name":"wp","href":"https:\/\/api.w.org\/{rel}","templated":true}]}}