{"id":3010,"date":"2015-02-23T08:00:32","date_gmt":"2015-02-23T07:00:32","guid":{"rendered":"http:\/\/monempresarial.com\/?p=3010"},"modified":"2025-09-16T11:50:02","modified_gmt":"2025-09-16T09:50:02","slug":"entrevista-kilian-jornet-corredor-muntanya","status":"publish","type":"post","link":"https:\/\/www.monempresarial.com\/ca\/2015\/02\/23\/entrevista-kilian-jornet-corredor-muntanya\/","title":{"rendered":"Entrevista a Kilian Jornet,<\/span> corredor de muntanya"},"content":{"rendered":"<h4 style=\"color: #000000;\">El t\u00e0ndem muntanya-Kilian Jornet \u00e9s gaireb\u00e9 indivisible, fins al punt que el corredor catal\u00e0 ha afirmat algun cop que \u201cdescobrir un cim o contemplar des d\u2019all\u00e0 la immensitat d\u2019una vall s\u00f3n la principal motivaci\u00f3\u201d de la carrera de fons que esdev\u00e9 la seva pr\u00f2pia vida. Una cursa apassionada on tamb\u00e9 hi tenen cabuda el comprom\u00eds social i el delit pel dibuix i la fotografia. I \u00e9s que si no hagu\u00e9s estat esportista, \u201csegurament hauria fet alguna cosa relacionada amb el disseny\u201d.<\/h4>\n<h4 style=\"color: #000000;\">Text: <a style=\"color: #999933;\" href=\"http:\/\/monempresarial.com\/author\/eescolan\/\">Esther Escol\u00e1n<\/a>\u00a0Fotos: <span style=\"color: #999933;\">Jordi Saragossa<\/span><\/h4>\n<hr style=\"color: #b72126;\" \/>\n<p><span style=\"color: #000000; font-weight: bold;\">Fins a on arriba el vincle real entre Kilian Jornet i la muntanya?<\/span><br \/>\n\u00c9s el lloc on he crescut i on visc i, per tant, forma part de mi i de la meva vida. \u00c9s el lloc on em sento b\u00e9, on pateixo i on he passat els pitjors moments, per\u00f2 tamb\u00e9 els m\u00e9s feli\u00e7os.<\/p>\n<p><span style=\"color: #000000; font-weight: bold;\">Mai no ha sentit, per\u00f2, la curiositat d\u2019explorar nous entorns o de viure d\u2019alguna altra manera?<\/span><br \/>\nNo. Els meus pares em van inculcar aquest amor per la muntanya i la natura. I \u00e9s m\u00e9s: a la ciutat no m\u2019hi acabo de sentir c\u00f2mode&#8230; Creuar un pas de vianants a Barcelona em resulta m\u00e9s complicat que pujar una aresta!<\/p>\n<blockquote>\n<h2 style=\"color: #999933; text-align: left;\">\u201cCreuar un pas de vianants a Barcelona em resulta m\u00e9s complicat que pujar una aresta!\u201d<\/h2>\n<\/blockquote>\n<p><span style=\"color: #000000; font-weight: bold;\">Entrena 1.000 hores l\u2019any, els set dies de la setmana. Quan descansa? Si \u00e9s que ho fa&#8230;<\/span><br \/>\nIntento descansar durant un parell de setmanes a l\u2019octubre, entre temporades [del novembre al maig, es dedica a l\u2019esqu\u00ed, i del maig a l\u2019octubre, a les curses de muntanya]. I dic \u2018intento\u2019 perqu\u00e8 al final sempre acabo fent alguna cosa!<\/p>\n<p><span style=\"color: #000000; font-weight: bold;\">Quina \u00e9s la part m\u00e9s dura d\u2019aquest entrenament tan exhaustiu?<\/span><br \/>\nEl fet de viatjar tant, que em deixa estar poc a temps a casa. Al final, per\u00f2, aix\u00f2 es compensa quan s\u2019aconsegueixen objectius o quan tinc l\u2019oportunitat de con\u00e8ixer gent fant\u00e0stica a la muntanya.<\/p>\n<p><span style=\"color: #000000; font-weight: bold;\">Molts atletes d\u2019elit confessen tenir un punt de superstici\u00f3 en els moments previs a la competici\u00f3. Vost\u00e8 segueix algun ritual?<\/span><br \/>\nLa veritat \u00e9s que no en tinc cap! Nom\u00e9s verificar que tot el material estigui a punt, i som-hi!<\/p>\n<blockquote>\n<h2 style=\"color: #999933;\">&#8220;Democr\u00e0cia vol dir que \u00e9s el poble qui decideix.&#8221;<\/h2>\n<\/blockquote>\n<p><span style=\"color: #000000; font-weight: bold;\">Despr\u00e9s d\u2019anys de batre r\u00e8cords i col\u2022leccionar \u00e8xits arreu del planeta, el 2011 pren forma el <i>Summits of my life<\/i>, el seu projecte m\u00e9s personal: per fi, Kilian Jornet ascendeix el Cerv\u00ed i el Mont Blanc. Qu\u00e8 representen per a vost\u00e8 aquests dos cims?<\/span><img decoding=\"async\" loading=\"lazy\" class=\"alignright size-thumbnail wp-image-3003\" src=\"http:\/\/monempresarial.com\/wp-content\/uploads\/2015\/02\/monempresarial-001_kilian-2.png\" alt=\"Kilian Jornet escalant\" width=\"359\" height=\"359\" \/><br \/>\nEl Cerv\u00ed \u00e9s, sens dubte, un dels reptes que m\u00e9s il\u2022lusi\u00f3 m\u2019ha fet completar. Vaig estar preparant-me durant un mes in situ, pujant-lo i baixant-lo deu cops per con\u00e8ixer-ne b\u00e9 la ruta i, al final, aconseguir-ho va ser un somni d\u2019inf\u00e0ncia fet realitat. El Mont Blanc tamb\u00e9 va ser especial: un cim que hav\u00edem fet moltes vegades i que coneix\u00edem b\u00e9 i que, a m\u00e9s, vaig compartir amb el meu amic Math\u00e9o Jacquemoud.<\/p>\n<p><span style=\"color: #000000; font-weight: bold;\">Per qu\u00e8 va emprendre aquesta aventura? <\/span><br \/>\nQuan tenia 17 anys vaig fer una llista amb totes les curses que volia guanyar algun dia. L\u2019any 2012 em vaig adonar que la majoria ja les havia completat, aix\u00ed que necessitava un nou repte. A mi m\u2019agrada anar a la muntanya lleuger, sense assist\u00e8ncia i amb el m\u00ednim material possible, i aleshores vaig recordar tots aquells cims que m\u2019havien inspirat des de sempre. Vaig pensar a engegar un projecte que combin\u00e9s la vessant esportiva amb els valors i la forma particular que tinc de veure la muntanya i&#8230; aqu\u00ed estem!<\/p>\n<p><span style=\"color: #000000; font-weight: bold;\">Com es veu d\u2019aqu\u00ed a 20 anys?<\/span><br \/>\nQuina pregunta m\u00e9s dif\u00edcil! Doncs suposo que continuar\u00e9 corrent cada cop m\u00e9s a poc a poc fins que un dia comenci a caminar, i el dia que ja no pugui caminar, parar\u00e9 a observar all\u00f2 que m\u2019envolta. M\u2019agrada anar pas a pas i, de moment, el futur m\u00e9s pr\u00f2xim em depara l\u2019ascensi\u00f3 a l\u2019Everest, aquest 2015. Despr\u00e9s d\u2019aix\u00f2, ja veurem!<\/p>\n<blockquote>\n<h2 style=\"color: #999933;\">\u201cA l\u2019Estat espanyol existeix un problema molt greu de corrupci\u00f3 i d\u2019impunitat.\u201d<\/h2>\n<\/blockquote>\n<p><span style=\"color: #000000; font-weight: bold;\">Fa uns mesos va mullar-se per l\u2019ELA, participant a l\u2019<i>Ice Bucket Challenge<\/i>. Els seus nominats van ser Mariano Rajoy, Emilio Bot\u00edn i el Rei, \u201cels qui tenen el poder f\u00e0ctic i econ\u00f2mic de veritat\u201d, va declarar aleshores. Si li pregunto com veu el Kilian Jornet ciutad\u00e0 la situaci\u00f3 que estem vivint actualment com a pa\u00eds, qu\u00e8 em respondria?<\/span><br \/>\nEvidentment, estic preocupat pel que passa al meu voltant. Des d\u2019un nivell m\u00e9s global \u2013medi ambient, racisme, sistema econ\u00f2mic o consumisme- fins al que succeeix al meu voltant i al voltant de la gent que m\u2019estimo. A l\u2019Estat espanyol existeix un problema molt greu de corrupci\u00f3 i d\u2019impunitat respecte a aix\u00f2. A m\u00e9s, tenim un sistema on el poble no hi t\u00e9 res a dir, i s\u00f3n les grans empreses i els lobbies els qui ho controlen tot. A nivell social, estem tornant enrere en comptes d\u2019avan\u00e7ar.<\/p>\n<p><span style=\"color: #000000; font-weight: bold;\">I quant a l\u2019etern conflicte d\u2019interessos entre Catalunya i Espanya, qu\u00e8 en podria destacar?<\/span><br \/>\nSi fos per mi, cremaria els passaports, els pa\u00efsos i les fronteres. Per\u00f2 el que est\u00e0 clar, veient el que est\u00e0 succeint a Espanya (a nivell pol\u00edtic, social, econ\u00f2mic i de manca de llibertats), el normal \u00e9s no voler formar-ne part. I alerta: no \u00e9s que Catalunya s\u2019allunyi d\u2019Espanya, sin\u00f3 que Espanya s\u2019allunya del segle XXI. En tot cas, \u2018democr\u00e0cia\u2019 vol dir que \u00e9s el poble qui decideix, i no el sistema qui decideix pel poble.<\/p>\n\n<table id=\"tablepress-19\" class=\"tablepress tablepress-id-19\">\n<thead>\n<tr class=\"row-1 odd\">\n\t<th colspan=\"2\" class=\"column-1\"><span style=\"color: #ffffff; font-weight: bold; font-size:20px;\">A FONS<\/span><\/th>\n<\/tr>\n<\/thead>\n<tbody class=\"row-hover\">\n<tr class=\"row-2 even\">\n\t<td class=\"column-1\"><figure id=\"attachment_3024\" aria-describedby=\"caption-attachment-3024\" style=\"width: 150px\" class=\"wp-caption alignleftt\"><img src=\"http:\/\/monempresarial.com\/wp-content\/uploads\/2015\/02\/monempresarial-001_kilian-tabla-150x150.png\" alt=\"Kilian Jornet\" width=\"220\" height=\"220\" class=\"size-thumbnail wp-image-3024\" \/><figcaption id=\"caption-attachment-3024\" class=\"wp-caption-text\">Foto: Arxiu Kilian Jornet<\/figcaption><\/figure><\/td><td class=\"column-2\">En Kilian Jornet va n\u00e9ixer a Sabadell l\u2019any 1987, per\u00f2 de seguida es va traslladar a viure amb la seva fam\u00edlia a un refugi de muntanya a Cap del Rec, a la Cerdanya, on el seu pare era guarda forestal. All\u00e0 va comen\u00e7ar a practicar esports de muntanya i de neu de manera amateur fins que, als 13 anys, va entrar al Centre de Tecnificaci\u00f3 d\u2019Esqu\u00ed de Muntanya, on va comen\u00e7ar a entrenar i participar en competicions d\u2019una manera m\u00e9s seriosa i planificada. Als 17, despr\u00e9s d\u2019acabar el batxillerat, va comen\u00e7ar els estudis d\u2019STAPS \u2013equivalent a l\u2019INEF- a Font Romeu, tamb\u00e9 a la Cerdanya, i des d\u2019aleshores no ha parat de rodar pel m\u00f3n competint i collint triomfs. <\/td>\n<\/tr>\n<tr class=\"row-3 odd\">\n\t<td colspan=\"2\" class=\"column-1\">Jornet ha batut r\u00e8cords al Kilimanjaro, al GR20 de C\u00f2rsega, a la Tahoe Rim Trail (on va c\u00f3rrer durant 38 hores seguides nom\u00e9s parant-ne una per dormir) o a la Transpirineaica. El 2011 va ser quatre cops campi\u00f3 del m\u00f3n de <i>trailrunning<\/i> i d\u2019esqu\u00ed de muntanya. I no nom\u00e9s aix\u00f2, ja que aquest atleta d\u2019elit, amant de la pintura i de la fotografia, tamb\u00e9 ha trobat temps per publicar dos llibres: <em>C\u00f3rrer o morir<\/em>, al 2009 i <em>La frontera invisible<\/em>, el 2012.<\/td>\n<\/tr>\n<\/tbody>\n<\/table>\n<!-- #tablepress-19 from cache -->\n","protected":false},"excerpt":{"rendered":"<p>El t\u00e0ndem muntanya-Kilian Jornet \u00e9s gaireb\u00e9 indivisible, fins al punt que el corredor catal\u00e0 ha afirmat algun cop que \u201cdescobrir un cim o contemplar des d\u2019all\u00e0 la immensitat d\u2019una vall s\u00f3n la principal motivaci\u00f3\u201d de la carrera de fons que esdev\u00e9 la seva pr\u00f2pia vida.<\/p>\n","protected":false},"author":1,"featured_media":3007,"comment_status":"open","ping_status":"open","sticky":false,"template":"","format":"standard","meta":{"_mi_skip_tracking":false,"mc4wp_mailchimp_campaign":[],"jnews-multi-image_gallery":[],"jnews_single_post":[],"jnews_primary_category":[]},"categories":[12,55],"tags":[112,116,164,165,166,167,168],"_links":{"self":[{"href":"https:\/\/www.monempresarial.com\/ca\/wp-json\/wp\/v2\/posts\/3010"}],"collection":[{"href":"https:\/\/www.monempresarial.com\/ca\/wp-json\/wp\/v2\/posts"}],"about":[{"href":"https:\/\/www.monempresarial.com\/ca\/wp-json\/wp\/v2\/types\/post"}],"author":[{"embeddable":true,"href":"https:\/\/www.monempresarial.com\/ca\/wp-json\/wp\/v2\/users\/1"}],"replies":[{"embeddable":true,"href":"https:\/\/www.monempresarial.com\/ca\/wp-json\/wp\/v2\/comments?post=3010"}],"version-history":[{"count":1,"href":"https:\/\/www.monempresarial.com\/ca\/wp-json\/wp\/v2\/posts\/3010\/revisions"}],"predecessor-version":[{"id":47135,"href":"https:\/\/www.monempresarial.com\/ca\/wp-json\/wp\/v2\/posts\/3010\/revisions\/47135"}],"wp:featuredmedia":[{"embeddable":true,"href":"https:\/\/www.monempresarial.com\/ca\/wp-json\/wp\/v2\/media\/3007"}],"wp:attachment":[{"href":"https:\/\/www.monempresarial.com\/ca\/wp-json\/wp\/v2\/media?parent=3010"}],"wp:term":[{"taxonomy":"category","embeddable":true,"href":"https:\/\/www.monempresarial.com\/ca\/wp-json\/wp\/v2\/categories?post=3010"},{"taxonomy":"post_tag","embeddable":true,"href":"https:\/\/www.monempresarial.com\/ca\/wp-json\/wp\/v2\/tags?post=3010"}],"curies":[{"name":"wp","href":"https:\/\/api.w.org\/{rel}","templated":true}]}}