{"id":3031,"date":"2015-02-24T08:00:35","date_gmt":"2015-02-24T07:00:35","guid":{"rendered":"http:\/\/monempresarial.com\/?p=3031"},"modified":"2025-09-16T11:49:45","modified_gmt":"2025-09-16T09:49:45","slug":"taxa-europea-a-les-transaccions-financeres-acords-i-desacords","status":"publish","type":"post","link":"https:\/\/www.monempresarial.com\/ca\/2015\/02\/24\/taxa-europea-a-les-transaccions-financeres-acords-i-desacords\/","title":{"rendered":"Taxa europea a les transaccions financeres: <\/span>acords i desacords"},"content":{"rendered":"<h4>Fa m\u00e9s de tres anys que Europa l\u2019arrossega i semblava que el 2015 havia de ser el seu any, per\u00f2 l\u2019\u00faltima reuni\u00f3 dels ministres d\u2019Economia de la Uni\u00f3 Europea del 2014 va ser una en\u00e8sima galleda d\u2019aigua freda per a l\u2019Impost sobre les Transaccions Financeres. Un impost conegut com a Taxa Tobin \u2013en refer\u00e8ncia a l\u2019impost sobre les transaccions amb divises que l\u2019economista James Tobin va proposar als anys 70\u2013 que pret\u00e9n frenar l\u2019especulaci\u00f3 i fer que la banca contribueixi als ingressos p\u00fablics gravant la compravenda de productes financers, com bons i accions. \u201cModerar\u00e0 el comportament irresponsable d\u2019alguns operadors del mercat\u201d, havia previst la Comissi\u00f3. Una irresponsabilitat del sistema financer que va ser la principal causa de l\u2019actual crisi i que, amb tot, ha rebut milers i milers de milions en ajudes p\u00fabliques des de 2008.<\/h4>\n<h4>Text: <a style=\"color: #719f8c;\" href=\"http:\/\/monempresarial.com\/author\/rcorrea\" target=\"_blank\" rel=\"noopener noreferrer\">Raquel Correa. Brussel\u00b7les<\/a><\/h4>\n<hr style=\"color: #b72126;\" \/>\n<p>La pol\u00edtica fiscal \u00e9s una de les que les capitals europees guarden amb m\u00e9s zel i m\u00e9s quan temen que un impost a la banca pugui provocar una fugida de capitals del pa\u00eds. Per aix\u00f2, al vaixell d\u2019aquest nou impost no hi han pujat els 28 estats membre, sin\u00f3 nom\u00e9s 11 \u2013entre els quals hi ha Alemanya, Espanya, Fran\u00e7a i It\u00e0lia, per\u00f2 no l\u2019euroesc\u00e8ptic Regne Unit, que sempre pret\u00e9n protegir els interessos de la City, ni el pseudoparad\u00eds fiscal Luxemburg-, gr\u00e0cies a un procediment que, en l\u2019argot europeu, es coneix com a cooperaci\u00f3 refor\u00e7ada i que permet a un grup d\u2019estats membre adoptar lleis europees que nom\u00e9s s\u2019aplicaran al seu territori.<\/p>\n<p><span style=\"color: #719f8c; font-weight: bold; text-transform: uppercase;\">Falta de qu\u00f2rum<\/span><br \/>\nSegons la proposta original de Brussel\u00b7les, la taxa hauria de gravar amb un 0,1% les transaccions d\u2019accions i bons, i amb un 0,01% les de derivats. Si es gravessin tots els instruments financers, la Comissi\u00f3 Europea calcula que es recaptarien entre 30.000 i 35.000 milions d\u2019euros l\u2019any. Per\u00f2 tot apunta que la versi\u00f3 final de la taxa ser\u00e0 poc m\u00e9s que una variant descafe\u00efnada de la proposta inicial \u2013i la recaptaci\u00f3 final, una versi\u00f3 redu\u00efda d\u2019aquestes xifres-.<br \/>\nD\u2019entrada, perqu\u00e8 l\u2019impost no gravar\u00e0 des del principi tots els instruments sin\u00f3 que l\u2019aplicaci\u00f3 ser\u00e0 gradual: en una primera fase, es gravaran nom\u00e9s les accions cotitzades i, posteriorment, la taxa es podr\u00e0 estendre a altres productes com els derivats. I aquest \u00e9s el principal escull que no es va poder salvar a l\u2019\u00faltim Ecofin: acordar quins derivats s\u2019haur\u00e0 de gravar.<br \/>\nOn tampoc no hi ha qu\u00f2rum \u00e9s a l\u2019hora de decidir quin criteri s\u2019haur\u00e0 de seguir quan toqui determinar qui ha de pagar l\u2019impost: si utilitzar el principi d\u2019emissi\u00f3 o el de resid\u00e8ncia. Ara com ara, hi ha qu\u00f2rum per prioritzar el principi d&#8217;emissi\u00f3, \u00e9s a dir, que pagui l&#8217;impost qui operi amb accions emeses en els 11 pa\u00efsos. La mesura beneficiaria els pa\u00efsos grans, que s\u00f3n els que tenen m\u00e9s companyies cotitzades, per\u00f2 perjudicaria els petits, que veurien molt redu\u00efda la seva recaptaci\u00f3. Per aix\u00f2, els pa\u00efsos petits demanen una correcci\u00f3 mitjan\u00e7ant el principi de resid\u00e8ncia, que proposa gravar les operacions en qu\u00e8 una de les parts resideixi en un dels 11 pa\u00efsos que aplica la taxa.<br \/>\nAmb tot aquest reguitzell de serrells pendents damunt la taula, ara sembla m\u00e9s dif\u00edcil que mai que durant aquest 2015 es llimin tots els desacords i la taxa es pugui comen\u00e7ar a aplicar l\u20191 de gener del 2016, tal com estava previst.<\/p>\n<blockquote>\n<h2 style=\"color: #719f8c;\">L\u2019impost s\u2019aplicar\u00e0 seguint el principi d&#8217;emissi\u00f3, \u00e9s a dir, que pagui l&#8217;impost qui operi amb accions emeses en els pa\u00efsos afins a la taxa. Un fet que beneficiaria els estats grans, que s\u00f3n els que tenen m\u00e9s companyies cotitzades, i perjudicaria els petits, que recaptaran molt poc<\/h2>\n<\/blockquote>\n<p><img decoding=\"async\" loading=\"lazy\" class=\"aligncenter wp-image-3039 \" src=\"http:\/\/monempresarial.com\/wp-content\/uploads\/2015\/02\/monempresarial-001_taxa-tobin-e1506068363729.png\" alt=\"Infografia Taxa Tobin\" width=\"677\" height=\"486\" srcset=\"https:\/\/www.monempresarial.com\/wp-content\/uploads\/2015\/02\/monempresarial-001_taxa-tobin-e1506068363729.png 750w, https:\/\/www.monempresarial.com\/wp-content\/uploads\/2015\/02\/monempresarial-001_taxa-tobin-e1506068363729-300x215.png 300w\" sizes=\"(max-width: 677px) 100vw, 677px\" \/><\/p>\n<p><span style=\"color: #719f8c; font-weight: bold;\">Llegeix tamb\u00e9:\u00a0<a href=\"http:\/\/monempresarial.com\/2015\/02\/19\/entrevista-cecilia-malmstrom-comissaria-europea-comerc\/\" target=\"_blank\" rel=\"noopener noreferrer\">Entrevista a Cecilia Malmstr\u00f6m, comiss\u00e0ria europea de Comer\u00e7<\/a><\/span><\/p>\n","protected":false},"excerpt":{"rendered":"<p>Fa m\u00e9s de tres anys que Europa l\u2019arrossega i semblava que el 2015 havia de ser el seu any, per\u00f2 l\u2019\u00faltima reuni\u00f3 dels ministres d\u2019Economia de la Uni\u00f3 Europea del 2014 va ser una en\u00e8sima galleda d\u2019aigua freda per a l\u2019Impost sobre les Transaccions Financeres. Un impost conegut com a Taxa Tobin \u2013en refer\u00e8ncia a [&hellip;]<\/p>\n","protected":false},"author":28,"featured_media":16014,"comment_status":"open","ping_status":"open","sticky":false,"template":"","format":"standard","meta":{"_mi_skip_tracking":false,"mc4wp_mailchimp_campaign":[],"jnews-multi-image_gallery":[],"jnews_single_post":[],"jnews_primary_category":[]},"categories":[10839,9,10815,10843,19],"tags":[171,172,173,174,143,146,169,170],"_links":{"self":[{"href":"https:\/\/www.monempresarial.com\/ca\/wp-json\/wp\/v2\/posts\/3031"}],"collection":[{"href":"https:\/\/www.monempresarial.com\/ca\/wp-json\/wp\/v2\/posts"}],"about":[{"href":"https:\/\/www.monempresarial.com\/ca\/wp-json\/wp\/v2\/types\/post"}],"author":[{"embeddable":true,"href":"https:\/\/www.monempresarial.com\/ca\/wp-json\/wp\/v2\/users\/28"}],"replies":[{"embeddable":true,"href":"https:\/\/www.monempresarial.com\/ca\/wp-json\/wp\/v2\/comments?post=3031"}],"version-history":[{"count":1,"href":"https:\/\/www.monempresarial.com\/ca\/wp-json\/wp\/v2\/posts\/3031\/revisions"}],"predecessor-version":[{"id":47133,"href":"https:\/\/www.monempresarial.com\/ca\/wp-json\/wp\/v2\/posts\/3031\/revisions\/47133"}],"wp:featuredmedia":[{"embeddable":true,"href":"https:\/\/www.monempresarial.com\/ca\/wp-json\/wp\/v2\/media\/16014"}],"wp:attachment":[{"href":"https:\/\/www.monempresarial.com\/ca\/wp-json\/wp\/v2\/media?parent=3031"}],"wp:term":[{"taxonomy":"category","embeddable":true,"href":"https:\/\/www.monempresarial.com\/ca\/wp-json\/wp\/v2\/categories?post=3031"},{"taxonomy":"post_tag","embeddable":true,"href":"https:\/\/www.monempresarial.com\/ca\/wp-json\/wp\/v2\/tags?post=3031"}],"curies":[{"name":"wp","href":"https:\/\/api.w.org\/{rel}","templated":true}]}}