{"id":3051,"date":"2015-02-25T08:00:46","date_gmt":"2015-02-25T07:00:46","guid":{"rendered":"http:\/\/monempresarial.com\/?p=3051"},"modified":"2025-06-06T10:54:25","modified_gmt":"2025-06-06T08:54:25","slug":"entrevista-miquel-valls-i-domenec-espadale","status":"publish","type":"post","link":"https:\/\/www.monempresarial.com\/ca\/2015\/02\/25\/entrevista-miquel-valls-i-domenec-espadale\/","title":{"rendered":"Entrevista a Miquel Valls  i Dom\u00e8nec Espadal\u00e9,<\/span> president i vicepresident del Consell General de Cambres de Catalunya"},"content":{"rendered":"<h4>El Consell de Cambres \u00e9s l\u2019organisme que coordina les activitats i els convenis amb l\u2019administraci\u00f3 de les 13 cambres de Comer\u00e7 i Ind\u00fastria de Catalunya. Parlem amb el seus m\u00e0xims representants per con\u00e8ixer de primera m\u00e0 el serveis i el funcionament d&#8217;aquesta entitat i prendre la temperatura a la realitat empresarial catalana.<\/h4>\n<h4>Text: <a style=\"color: #663366;\" href=\"http:\/\/monempresarial.com\/author\/mtorres\/\">Montse Torres<\/a>\u00a0Fotos: <span style=\"color: #663366;\">Cedides<\/span><\/h4>\n<hr style=\"color: #b72126;\" \/>\n<p><span style=\"font-weight: bold;\">Com han vist canviar i evolucionar les empreses catalanes en els \u00faltims anys? La crisi ha canviat el model empresarial catal\u00e0?<\/span><br \/>\n<span style=\"font-weight: bold;\">Miquel Valls:<\/span> Des d\u2019un punt de vista macroecon\u00f2mic hem viscut una crisi amb unes caracter\u00edstiques similars a les de la de 1929. Un tsunami ha passat damunt les nostres empreses i nom\u00e9s aquelles que estaven ben fonamentades, que tenien bones bases, bon producte, podien innovar i estaven ben finan\u00e7ades avui ho poden explicar. A m\u00e9s, les empreses que han sobreviscut s\u00f3n m\u00e9s fortes a escala internacional. I se n\u2019han creat moltes en sectors de futur, com ara les noves tecnologies, els sectors de les telecomunicacions, sectors comercials, venda de serveis&#8230;<br \/>\n<span style=\"font-weight: bold;\">Dom\u00e8nec Espadal\u00e9:<\/span>\u00a0Dep\u00e8n dels sectors. En el cas del de la construcci\u00f3, per exemple, l\u2019evoluci\u00f3 ha estat complexa i en els \u00faltims anys s\u2019ha redu\u00eft en un 80% la seva activitat. El comer\u00e7 tamb\u00e9 ha estat un dels grans perjudicats per la crisi per la davallada del consum intern, que encara ara no s\u2019ha recuperat totalment. El turisme s\u2019ha mantingut i el sector industrial ha estat el que millor ha resistit, sobretot gr\u00e0cies a l\u2019exportaci\u00f3. Cal incrementar l\u2019exportaci\u00f3 a pa\u00efsos tercers perqu\u00e8 a Europa hi ha pa\u00efsos amb dificultats.<\/p>\n<blockquote>\n<h2 style=\"color: #663366;\">\u201cLes empreses catalanes que han sobreviscut a la crisi s\u00f3n m\u00e9s fortes a escala internacional\u201d<\/h2>\n<\/blockquote>\n<figure id=\"attachment_3048\" aria-describedby=\"caption-attachment-3048\" style=\"width: 359px\" class=\"wp-caption alignleft\"><img decoding=\"async\" loading=\"lazy\" class=\"size-full wp-image-3048\" src=\"http:\/\/monempresarial.com\/wp-content\/uploads\/2015\/02\/monempresarial-011_miquel-valls.jpg\" alt=\"Miquel Valls, President del Consell General de Cambres de Catalunya\" width=\"359\" height=\"475\" srcset=\"https:\/\/www.monempresarial.com\/wp-content\/uploads\/2015\/02\/monempresarial-011_miquel-valls.jpg 359w, https:\/\/www.monempresarial.com\/wp-content\/uploads\/2015\/02\/monempresarial-011_miquel-valls-227x300.jpg 227w\" sizes=\"(max-width: 359px) 100vw, 359px\" \/><figcaption id=\"caption-attachment-3048\" class=\"wp-caption-text\">Oferir serveis de valor afegit \u00fatils per a les empreses, com ara els tr\u00e0mits d&#8217;internacionalitzaci\u00f3, s\u00f3n la ra\u00f3 de ser de les cambres, segons defensa Miquel Valls, el m\u00e0xim responsable d&#8217;aquests organismes a Catalunya.<\/figcaption><\/figure>\n<p><span style=\"font-weight: bold;\">Des del Consell de Cambres s\u2019insisteix molt en la import\u00e0ncia de la internacionalitzaci\u00f3. \u00c9s, potser, junt amb la innovaci\u00f3, un dels principals reptes de les empreses catalanes?<\/span><br \/>\n<span style=\"font-weight: bold;\">D. E.:<\/span> La internacionalitzaci\u00f3 \u00e9s un dels aspectes m\u00e9s importants. Des del Consell de Cambres centrem els nostres esfor\u00e7os i bona part de la nostra feina a ajudar les empreses a exportar i a internacionalitzar-se, ja que cada vegada m\u00e9s, les empreses catalanes obren seus a d\u2019altres pa\u00efsos. Creiem que s\u00f3n dos aspectes molt positius que han tingut un paper molt important a l\u2019hora de reduir els efectes de la crisi econ\u00f2mica i, per aix\u00f2, el gran repte de les cambres \u00e9s ajudar a obrir nous mercats, a buscar mercats exteriors i a conv\u00e8ncer els empresaris del fet que no hi empresa que no pugui fer-ho.<br \/>\n<span style=\"font-weight: bold;\">M.V.:<\/span> Quan comen\u00e7a la gran crisi es veu que el model de creixement sobre el qual es pot basar el futur de l\u2019economia catalana \u00e9s l\u2019exportaci\u00f3 i internacionalitzaci\u00f3 de les seves empreses. Amb l\u2019ajuda de les cambres i d\u2019altres institucions (com ACCI\u00d3, de la Generalitat de Catalunya) es va consolidant la import\u00e0ncia dels mercats internacionals en la mentalitat de tots els directius de les empreses.<\/p>\n<p><span style=\"font-weight: bold;\">Quin ser\u00e0 el paper de les cambres per aconseguir-ho?<\/span><br \/>\n<span style=\"font-weight: bold;\">M.V.:<\/span> Les cambres estan al servei de les empreses i la seva finalitat es servir a les empreses i ajudar-les en tres aspectes clau: internacionalitzaci\u00f3, formaci\u00f3 dels empresaris i innovaci\u00f3 i millora de la competitivitat. En aquest sentit, fins l\u2019any 2010 les cambres tenien un sistema de finan\u00e7ament a trav\u00e9s d\u2019unes aportacions obligat\u00f2ries per part d\u2019algunes empreses (no totes, les que facturaven m\u00e9s d\u2019un mili\u00f3 d\u2019euros i tenien beneficis). En contraprestaci\u00f3, les cambres donaven una s\u00e8rie de serveis gratu\u00efts en aquests tres camps. A partir de 2010, per\u00f2, hi ha un decret del Govern Zapatero que elimina aquesta quota obligat\u00f2ria i les cambres passen a dependre de les seves possibilitats de venda de serveis o dels possibles convenis finalistes que tinguin amb diferents administracions. A partir d\u2019abril de 2014, quan s\u2019aprova la Llei B\u00e0sica de les Cambres de Comer\u00e7 d\u2019Espanya, no s\u2019estableix un sistema fix de finan\u00e7ament, per\u00f2 s\u2019obre la porta a negociar amb el futur els sistemes de finan\u00e7ament.<\/p>\n\n<table id=\"tablepress-20\" class=\"tablepress tablepress-id-20\">\n<thead>\n<tr class=\"row-1 odd\">\n\t<th class=\"column-1\"><span style=\"color: #ffffff; font-weight: bold; font-size:20px; text-transform:uppercase;\">La dimensi\u00f3, el handicap de Catalunya vs Europa<\/span><\/th>\n<\/tr>\n<\/thead>\n<tbody class=\"row-hover\">\n<tr class=\"row-2 even\">\n\t<td class=\"column-1\"><span style=\"color: #000000; font-weight: bold; text-transform:uppercase;\">Com a membre de diferents organitzacions camerals internacionals, <\/span> com ara la World Chambers Federation o l\u2019Eurochambers, el m\u00e0xim responsable del Consell General de Cambres de Catalunya, Miquel Valls, considera que un dels grans handicaps de les empreses catalanes respecte de les d\u2019altres pa\u00efsos a l\u2019hora d\u2019internacionalitzar \u00e9s la dimensi\u00f3: \u201cMentre que una empresa alemanya de dimensi\u00f3 mitjana est\u00e0 per sobre dels 250 treballadors, per a nosaltres una empresa mitjana \u00e9s la que t\u00e9 m\u00e9s de 50 treballadors. La dimensi\u00f3 de les nostres empreses \u00e9s un dels handicaps m\u00e9s grans que tenim per sortir a l\u2019exterior i aquest \u00e9s un dels grans aspectes a millorar. \u00c9s una de les assignatures pendents de l\u2019economia catalana.\u201d<\/td>\n<\/tr>\n<\/tbody>\n<\/table>\n<!-- #tablepress-20 from cache -->\n<blockquote>\n<h2 style=\"color: #663366;\">\u201cLa manca d&#8217;inversions (de l&#8217;Estat) influeix en la competitivitat de les empreses\u201d<\/h2>\n<\/blockquote>\n<p><span style=\"font-weight: bold;\">Aleshores, el decret del president Zapatero ha suposat una estocada mortal per a les cambres de comer\u00e7?<\/span><br \/>\n<span style=\"font-weight: bold;\">M.V.:<\/span> No ha estat una estocada mortal perqu\u00e8 hem sobreviscut i estem m\u00e9s vives que mai. Per\u00f2 s\u00ed que ha suposat una adaptaci\u00f3 molt dura. Hem hagut de fer grans ajustos a les nostres plantilles de personal i hem hagut de treballar molt intensament per sobreviure en condicions molt dif\u00edcils durant els \u00faltims anys. Per\u00f2 ho hem aconseguit i aix\u00f2 ens ha fet m\u00e9s forts. Continuen existint les 81 cambres de comer\u00e7 que hi havia al comen\u00e7ament, el sistema ha resistit i aix\u00f2 t\u00e9 el seu m\u00e8rit perqu\u00e8 hi ha zones d\u2019Espanya on ho han passat molt malament.<\/p>\n<figure id=\"attachment_3046\" aria-describedby=\"caption-attachment-3046\" style=\"width: 359px\" class=\"wp-caption alignright\"><img decoding=\"async\" loading=\"lazy\" class=\"size-full wp-image-3046\" src=\"http:\/\/monempresarial.com\/wp-content\/uploads\/2015\/02\/monempresarial-011_domenec-espadale.jpg\" alt=\"Dom\u00e8nec Espadal\u00e9, Vicepresident del Consell General de Cambres de Catalunya\" width=\"359\" height=\"469\" srcset=\"https:\/\/www.monempresarial.com\/wp-content\/uploads\/2015\/02\/monempresarial-011_domenec-espadale.jpg 359w, https:\/\/www.monempresarial.com\/wp-content\/uploads\/2015\/02\/monempresarial-011_domenec-espadale-230x300.jpg 230w\" sizes=\"(max-width: 359px) 100vw, 359px\" \/><figcaption id=\"caption-attachment-3046\" class=\"wp-caption-text\">El vicepresident del Consell General de Cambres de Catalunya, Dom\u00e8nec Espadal\u00e9.<\/figcaption><\/figure>\n<p><span style=\"font-weight: bold;\">D. E.:<\/span> Jo tampoc no crec que hagi estat una estocada mortal, ja que hi ha molts pa\u00efsos \u2013especialment, els pa\u00efsos del nord d\u2019Europa- que estan en la mateixa situaci\u00f3, no tenen quotes obligat\u00f2ries i treballen en col\u2022laboraci\u00f3 amb l\u2019administraci\u00f3, de manera que aquesta sap que pot comptar amb les cambres per a la prestaci\u00f3 de serveis. En aquest sentit, crec que les cambres han de donar resposta a les necessitats de les empreses, sobretot en camps com la internacionalitzaci\u00f3, l\u2019emprenedoria, la creaci\u00f3 d\u2019empreses, la formaci\u00f3, el tribunal arbitral&#8230; S\u00f3n serveis que s\u2019han d\u2019anar implementant i han de servir per crear les noves cambres, menys ambicioses que fins ara, per\u00f2 amb objectius concrets.<\/p>\n<p><span style=\"font-weight: bold;\">Quines s\u00f3n, doncs, les principals fonts de finan\u00e7ament actuals de les cambres? <\/span><br \/>\n<span style=\"font-weight: bold;\">M.V.:<\/span> Les principals fonts de finan\u00e7ament s\u00f3n la venda de serveis de valor afegit, com els tr\u00e0mits d\u2019internacionalitzaci\u00f3, de comer\u00e7 exterior (certificats d\u2019origen&#8230; etc.), i convenis finalistes que fem amb determinades administracions.<br \/>\n<span style=\"font-weight: bold;\">D. E.:<\/span> Si abans el 70% dels ingressos de les cambres provenia de les quotes i el 30%, de la prestaci\u00f3 de serveis, ara s\u2019ha capgirat la situaci\u00f3.<\/p>\n<p><span style=\"font-weight: bold;\">Aquests canvis en el finan\u00e7ament han obligat a canviar la tipologia de serveis oferts? <\/span><br \/>\n<span style=\"font-weight: bold;\">M.V.:<\/span> Evidentment. Ara gaireb\u00e9 no oferim serveis gratu\u00efts, nom\u00e9s alguna cosa d\u2019informaci\u00f3, perqu\u00e8 hem de funcionar cobrint costos, i \u00e9s evident que aix\u00f2 suposa donar cada vegada m\u00e9s serveis de valor afegit \u00fatils per a les empreses, per\u00f2 que, al mateix temps, serveixin per defensar la superviv\u00e8ncia de les cambres.<\/p>\n\n<table id=\"tablepress-21\" class=\"tablepress tablepress-id-21\">\n<thead>\n<tr class=\"row-1 odd\">\n\t<th colspan=\"2\" class=\"column-1\"><span style=\"color: #ffffff; font-weight: bold; font-size:20px; text-transform:uppercase;\">Visi\u00f3 de futur<\/span><br \/>\n<\/th>\n<\/tr>\n<\/thead>\n<tbody class=\"row-hover\">\n<tr class=\"row-2 even\">\n\t<td colspan=\"2\" class=\"column-1\"><span style=\"color: #000000; font-weight: bold; text-transform:uppercase;\">Malgrat que des del Consell de Cambres s\u00f3n optimistes<\/span> respecte del creixement de l\u2019economia catalana (calculen superar la mitjana espanyola basant-se en la ind\u00fastria i el turisme i \u201c\u00e9s molt possible que pel segon semestre de l\u2019any es comenci a recuperar la construcci\u00f3\u201d, afirma el seu president, Miquel Valls, que afegeix que \u201cdiria que aix\u00f2 ens pot portar a un creixement superior al 2% del PIB\u201d), la manca d\u2019inversions de l\u2019Estat encara influeix negativament en la competitivitat de les empreses: \u201cA Girona, per exemple, els \u00faltims pressupostos suposen una inversi\u00f3 per c\u00e0pita de 70 euros per persona, quan hi ha altres zones d\u2019Espanya on s\u2019hi han destinat 400 euros. Aquesta manca d\u2019inversions influeix negativament\u201d, subratlla el seu vicepresident, Dom\u00e8nec Espadal\u00e9.<\/td>\n<\/tr>\n<\/tbody>\n<\/table>\n<!-- #tablepress-21 from cache -->\n","protected":false},"excerpt":{"rendered":"<p>El Consell de Cambres \u00e9s l\u2019organisme que coordina les activitats i els convenis amb l\u2019administraci\u00f3 de les 13 cambres de Comer\u00e7 i Ind\u00fastria de Catalunya. Parlem amb el seus m\u00e0xims representants per con\u00e8ixer de primera m\u00e0 el serveis i el funcionament d&#8217;aquesta entitat i prendre la temperatura a la realitat empresarial catalana. Text: Montse Torres\u00a0Fotos: [&hellip;]<\/p>\n","protected":false},"author":31,"featured_media":3122,"comment_status":"open","ping_status":"open","sticky":false,"template":"","format":"standard","meta":{"_mi_skip_tracking":false,"mc4wp_mailchimp_campaign":[],"jnews-multi-image_gallery":[],"jnews_single_post":[],"jnews_primary_category":[]},"categories":[9,10820,10821,23,10825],"tags":[112,116,175,176,177,178,179,180,181],"_links":{"self":[{"href":"https:\/\/www.monempresarial.com\/ca\/wp-json\/wp\/v2\/posts\/3051"}],"collection":[{"href":"https:\/\/www.monempresarial.com\/ca\/wp-json\/wp\/v2\/posts"}],"about":[{"href":"https:\/\/www.monempresarial.com\/ca\/wp-json\/wp\/v2\/types\/post"}],"author":[{"embeddable":true,"href":"https:\/\/www.monempresarial.com\/ca\/wp-json\/wp\/v2\/users\/31"}],"replies":[{"embeddable":true,"href":"https:\/\/www.monempresarial.com\/ca\/wp-json\/wp\/v2\/comments?post=3051"}],"version-history":[{"count":1,"href":"https:\/\/www.monempresarial.com\/ca\/wp-json\/wp\/v2\/posts\/3051\/revisions"}],"predecessor-version":[{"id":46319,"href":"https:\/\/www.monempresarial.com\/ca\/wp-json\/wp\/v2\/posts\/3051\/revisions\/46319"}],"wp:featuredmedia":[{"embeddable":true,"href":"https:\/\/www.monempresarial.com\/ca\/wp-json\/wp\/v2\/media\/3122"}],"wp:attachment":[{"href":"https:\/\/www.monempresarial.com\/ca\/wp-json\/wp\/v2\/media?parent=3051"}],"wp:term":[{"taxonomy":"category","embeddable":true,"href":"https:\/\/www.monempresarial.com\/ca\/wp-json\/wp\/v2\/categories?post=3051"},{"taxonomy":"post_tag","embeddable":true,"href":"https:\/\/www.monempresarial.com\/ca\/wp-json\/wp\/v2\/tags?post=3051"}],"curies":[{"name":"wp","href":"https:\/\/api.w.org\/{rel}","templated":true}]}}