{"id":30649,"date":"2021-05-25T09:09:45","date_gmt":"2021-05-25T07:09:45","guid":{"rendered":"https:\/\/www.monempresarial.com\/2021\/05\/10\/los-ods-y-la-contribucion-de-las-empresas\/"},"modified":"2025-09-24T11:05:53","modified_gmt":"2025-09-24T09:05:53","slug":"els-ods-i-la-contribucio-de-les-empreses","status":"publish","type":"post","link":"https:\/\/www.monempresarial.com\/ca\/2021\/05\/25\/els-ods-i-la-contribucio-de-les-empreses\/","title":{"rendered":"Els ODS i la contribuci\u00f3 de les empreses"},"content":{"rendered":"<p><span style=\"color: #663300;\"><strong><img decoding=\"async\" loading=\"lazy\" class=\"alignleft wp-image-30640\" src=\"https:\/\/www.monempresarial.com\/wp-content\/uploads\/2021\/05\/Angel-Pes.jpg\" alt=\"\" width=\"156\" height=\"268\" srcset=\"https:\/\/www.monempresarial.com\/wp-content\/uploads\/2021\/05\/Angel-Pes.jpg 405w, https:\/\/www.monempresarial.com\/wp-content\/uploads\/2021\/05\/Angel-Pes-175x300.jpg 175w, https:\/\/www.monempresarial.com\/wp-content\/uploads\/2021\/05\/Angel-Pes-175x300@2x.jpg 350w\" sizes=\"(max-width: 156px) 100vw, 156px\" \/><img decoding=\"async\" loading=\"lazy\" class=\"alignleft wp-image-30642\" src=\"https:\/\/www.monempresarial.com\/wp-content\/uploads\/2021\/05\/Angel-castineira.jpg\" alt=\"\" width=\"129\" height=\"268\" srcset=\"https:\/\/www.monempresarial.com\/wp-content\/uploads\/2021\/05\/Angel-castineira.jpg 233w, https:\/\/www.monempresarial.com\/wp-content\/uploads\/2021\/05\/Angel-castineira-144x300.jpg 144w\" sizes=\"(max-width: 129px) 100vw, 129px\" \/><span style=\"color: #663300;\">L\u2019Agen<\/span>da 2030 \u00e9s la millor resposta als desafiaments globals que ens afecten i les empreses hi juguen un paper fonamental si assumeixen la funci\u00f3 de liderar el canvi.<\/strong><\/span><\/p>\n<h4><span style=\"font-weight: bold; text-transform: uppercase;\"><span style=\"color: #663300;\">\u00c1ng<\/span><\/span><span style=\"color: #663300; font-weight: bold; text-transform: uppercase;\">el Pes. <\/span><strong>Director de l\u2019Observatori dels ODS de les empreses espanyoles i director del CEI.<\/strong><\/h4>\n<h4><span style=\"color: #663300; font-weight: bold; text-transform: uppercase;\">\u00c1ngel Casti\u00f1eira. <\/span><strong>Director de la c\u00e0tedra Lideratges i governan\u00e7a democr\u00e0tica d\u2019ESADE i director acad\u00e8mic de l\u2019Observatori dels ODS de les empresas espnayoles.<\/strong><\/h4>\n<hr style=\"color: #b72126;\" \/>\n<p><span style=\"color: #663300;\"><strong>Els ODS en l\u2019estrat\u00e8gia empresarial<\/strong><\/span><br \/>\nLes empreses pioneres assumeixen els ODS per responsabilitat i per sentit de l&#8217;oportunitat. S&#8217;han adonat que obren noves oportunitats, milloren la seva reputaci\u00f3 i enforteixen les relacions amb els seus principals interlocutors: clients, empleats i reguladors.<\/p>\n<p><span style=\"color: #663300;\"><strong>Oportunitats de l\u2019Agenda 2030 per a les empreses<\/strong><\/span><\/p>\n<ol>\n<li>Ofereix un marc global compartit pels seus grups d&#8217;inter\u00e8s: administraci\u00f3 p\u00fablica, organitzacions socials, empleats i clients.<\/li>\n<li>Millora l&#8217;efici\u00e8ncia de les empreses amb d&#8217;iniciatives vinculades amb la descarbonitzaci\u00f3, la digitalitzaci\u00f3 i l\u2019economia circular.<\/li>\n<li>Permet un millor posicionament de la companyia i n\u2019enforteix la reputaci\u00f3 corporativa.<\/li>\n<li>Contribueix a tenir empleats motivats per un prop\u00f2sit universal.<\/li>\n<li>Atrau inversors responsables i satisf\u00e0 consumidors responsables.<\/li>\n<li>Afavoreix l&#8217;acc\u00e9s a nous mercats.<\/li>\n<li>Amplia les possibilitats de col\u00b7laboraci\u00f3 amb el sector p\u00fablic.<\/li>\n<li>Afavoreix els acords i els negocis amb grans empreses.<\/li>\n<li>Accelera l&#8217;adaptaci\u00f3 a les noves regulacions.<\/li>\n<\/ol>\n<p><span style=\"color: #663300;\"><strong>Lideratge empresarial al segle XXI<\/strong><\/span><br \/>\nLa declaraci\u00f3 l&#8217;ONU sobre els ODS recollia la necessitat del lideratge de les empreses en la consecuci\u00f3 de l&#8217;Agenda 2030. Aquest lideratge es demostra fent compatible l&#8217;inter\u00e8s propi de les empreses amb la dimensi\u00f3 social i mediambiental de la seva activitat. L&#8217;Agenda 2030 relaciona el creixement amb els desafiaments que la societat afronta: la reducci\u00f3 de les desigualtats i la sostenibilitat del medi ambient.<\/p>\n<blockquote>\n<h2><span style=\"color: #602d11;\">Ens queden menys de deu anys per complir el comprom\u00eds de convertir-nos en \u00abla primera generaci\u00f3 que pot eliminar la pobresa, per\u00f2 potser tamb\u00e9 siguem l&#8217;\u00faltima que pot salvar el planeta\u00bb. El lideratge del sector p\u00fablic i de les empreses \u00e9s imprescindible per a generar l&#8217;impuls transformador que requereix l&#8217;Agenda 2030.<\/span><\/h2>\n<\/blockquote>\n","protected":false},"excerpt":{"rendered":"<p>L\u2019Agenda 2030 \u00e9s la millor resposta als desafiaments globals que ens afecten i les empreses hi juguen un paper fonamental si assumeixen la funci\u00f3 de liderar el canvi.<\/p>\n","protected":false},"author":1,"featured_media":30647,"comment_status":"closed","ping_status":"closed","sticky":false,"template":"","format":"standard","meta":{"_mi_skip_tracking":false,"mc4wp_mailchimp_campaign":[],"jnews-multi-image_gallery":[],"jnews_single_post":[],"jnews_primary_category":[]},"categories":[10847,10816,8311,37],"tags":[6269,7791,7918,10036,10037,436,826,1964,2748],"_links":{"self":[{"href":"https:\/\/www.monempresarial.com\/ca\/wp-json\/wp\/v2\/posts\/30649"}],"collection":[{"href":"https:\/\/www.monempresarial.com\/ca\/wp-json\/wp\/v2\/posts"}],"about":[{"href":"https:\/\/www.monempresarial.com\/ca\/wp-json\/wp\/v2\/types\/post"}],"author":[{"embeddable":true,"href":"https:\/\/www.monempresarial.com\/ca\/wp-json\/wp\/v2\/users\/1"}],"replies":[{"embeddable":true,"href":"https:\/\/www.monempresarial.com\/ca\/wp-json\/wp\/v2\/comments?post=30649"}],"version-history":[{"count":1,"href":"https:\/\/www.monempresarial.com\/ca\/wp-json\/wp\/v2\/posts\/30649\/revisions"}],"predecessor-version":[{"id":47621,"href":"https:\/\/www.monempresarial.com\/ca\/wp-json\/wp\/v2\/posts\/30649\/revisions\/47621"}],"wp:featuredmedia":[{"embeddable":true,"href":"https:\/\/www.monempresarial.com\/ca\/wp-json\/wp\/v2\/media\/30647"}],"wp:attachment":[{"href":"https:\/\/www.monempresarial.com\/ca\/wp-json\/wp\/v2\/media?parent=30649"}],"wp:term":[{"taxonomy":"category","embeddable":true,"href":"https:\/\/www.monempresarial.com\/ca\/wp-json\/wp\/v2\/categories?post=30649"},{"taxonomy":"post_tag","embeddable":true,"href":"https:\/\/www.monempresarial.com\/ca\/wp-json\/wp\/v2\/tags?post=30649"}],"curies":[{"name":"wp","href":"https:\/\/api.w.org\/{rel}","templated":true}]}}