{"id":30722,"date":"2021-05-26T09:13:45","date_gmt":"2021-05-26T07:13:45","guid":{"rendered":"https:\/\/www.monempresarial.com\/?p=30722"},"modified":"2025-09-24T11:05:46","modified_gmt":"2025-09-24T09:05:46","slug":"empresa-i-sostenibilitat-una-relacio-indissociable","status":"publish","type":"post","link":"https:\/\/www.monempresarial.com\/ca\/2021\/05\/26\/empresa-i-sostenibilitat-una-relacio-indissociable\/","title":{"rendered":"Empresa i sostenibilitat: una relaci\u00f3 indissociable"},"content":{"rendered":"<h4 style=\"color: #602d11;\"><span style=\"color: #602d11;\"><img decoding=\"async\" loading=\"lazy\" class=\"wp-image-30719 alignright\" src=\"https:\/\/www.monempresarial.com\/wp-content\/uploads\/2021\/05\/Elisenda-Ballester-11.jpg\" alt=\"\" width=\"179\" height=\"179\" srcset=\"https:\/\/www.monempresarial.com\/wp-content\/uploads\/2021\/05\/Elisenda-Ballester-11.jpg 425w, https:\/\/www.monempresarial.com\/wp-content\/uploads\/2021\/05\/Elisenda-Ballester-11-150x150@2x.jpg 300w, https:\/\/www.monempresarial.com\/wp-content\/uploads\/2021\/05\/Elisenda-Ballester-11-150x150.jpg 150w\" sizes=\"(max-width: 179px) 100vw, 179px\" \/>El comprom\u00eds amb la sostenibilitat \u00e9s cada vegada m\u00e9s gran i la societat demana a les empreses que apostin per models responsables amb el medi ambient. De fet, aquelles companyies que no s\u00e0piguen desenvolupar els seus negocis de manera sostenible, probablement no puguin assegurar-ne la superviv\u00e8ncia en el futur. Perqu\u00e8 les empreses ja no tenen nom\u00e9s un paper econ\u00f2mic com a generadores d&#8217;activitat o d\u2019ocupaci\u00f3, sin\u00f3 tamb\u00e9 social. Per\u00f2 com poden ser realment sostenibles?<\/span><\/h4>\n<h4><span style=\"color: #663300; font-weight: bold; text-transform: uppercase;\">Elisenda Ballester. <\/span><strong>Directora de Comunicaci\u00f3 Corporativa de Henkel Ib\u00e9rica.<\/strong><\/h4>\n<hr style=\"color: #b72126;\" \/>\n<p>Organismes internacionals de la talla de la Uni\u00f3 Europea o les Nacions Unides, governs i tamb\u00e9 moltes empreses ja han establert plans i objectius amb l&#8217;horitz\u00f3 posat en el mitj\u00e0 termini per tractar de revertir els grans problemes del planeta. En aquest sentit, els Objectius de Desenvolupament Sostenible s\u00f3n una bona base per guiar, de manera coordinada, l&#8217;acci\u00f3 mundial col\u00b7lectiva dels propers anys, tot establint, per primera vegada, uns objectius comuns, universalment aplicables i contrastables. Amb el desenvolupament d&#8217;accions encaminades a complir aquests objectius, a poc a poc, i entre tots, podrem revertir les cada vegada m\u00e9s visibles conseq\u00fc\u00e8ncies del canvi clim\u00e0tic. Per\u00f2 tamb\u00e9 \u00e9s cert que ser\u00e0 impossible fer-ho si les empreses no integren aquests objectius com a part indispensable de l&#8217;estrat\u00e8gia dels seus models de negoci.<\/p>\n<p>Un altre aspecte clau perqu\u00e8 la sostenibilitat sigui un pilar m\u00e9s de l&#8217;estrat\u00e8gia de la companyia \u00e9s que formi part del seu prop\u00f2sit i de la seva visi\u00f3. Perqu\u00e8 si aquest respecte pel medi ambient \u00e9s part de l&#8217;ADN de l&#8217;empresa, l&#8217;evoluci\u00f3 que experimenti anir\u00e0 sempre en paral\u00b7lel al desenvolupament sostenible.<\/p>\n<p>Finalment, comptar amb un comit\u00e8 espec\u00edfic de sostenibilitat que tingui representaci\u00f3 al Consell d&#8217;Administraci\u00f3 tamb\u00e9 ser\u00e0 imprescindible per activar no nom\u00e9s un pla que sigui realment ambici\u00f3s, sin\u00f3 que permetr\u00e0 realitzar, alhora, un seguiment dels objectius i els aven\u00e7os aconseguits. Cal recordar, en aquest sentit, la import\u00e0ncia de comptar amb un informe de sostenibilitat que reculli totes les mesures, plans i \u00e8xits en aquesta mat\u00e8ria, una mesura de transpar\u00e8ncia que a Henkel apliquem des de fa ja trenta anys, com a mostra del comprom\u00eds real i la voluntat de la companyia de contribuir positivament a la preservaci\u00f3 de l&#8217;entorn.<\/p>\n<blockquote>\n<h2><span style=\"color: #602d11;\"><strong>En definitiva, les empreses han d&#8217;accelerar la inclusi\u00f3 de la sostenibilitat i, ara m\u00e9s que mai, han de buscar un equilibri entre l&#8217;aspecte social, econ\u00f2mic i ambiental per actuar no nom\u00e9s com a entitats que generen valor econ\u00f2mic, sin\u00f3 tamb\u00e9 com a organismes socials que aporten valor a la societat.<\/strong><\/span><\/h2>\n<\/blockquote>\n","protected":false},"excerpt":{"rendered":"<p>El comprom\u00eds amb la sostenibilitat \u00e9s cada vegada m\u00e9s gran i la societat demana a les empreses que apostin per models responsables amb el medi ambient. De fet, aquelles companyies que no s\u00e0piguen desenvolupar els seus negocis de manera sostenible, probablement no puguin assegurar-ne la superviv\u00e8ncia en el futur. Perqu\u00e8 les empreses ja no tenen nom\u00e9s un paper econ\u00f2mic com a generadores d&#8217;activitat o d\u2019ocupaci\u00f3, sin\u00f3 tamb\u00e9 social. Per\u00f2 com poden ser realment sostenibles?<\/p>\n","protected":false},"author":1,"featured_media":30721,"comment_status":"open","ping_status":"open","sticky":false,"template":"","format":"standard","meta":{"_mi_skip_tracking":false,"mc4wp_mailchimp_campaign":[],"jnews-multi-image_gallery":[],"jnews_single_post":[],"jnews_primary_category":[]},"categories":[37,8033],"tags":[1576,10056,434,826,895,1135],"_links":{"self":[{"href":"https:\/\/www.monempresarial.com\/ca\/wp-json\/wp\/v2\/posts\/30722"}],"collection":[{"href":"https:\/\/www.monempresarial.com\/ca\/wp-json\/wp\/v2\/posts"}],"about":[{"href":"https:\/\/www.monempresarial.com\/ca\/wp-json\/wp\/v2\/types\/post"}],"author":[{"embeddable":true,"href":"https:\/\/www.monempresarial.com\/ca\/wp-json\/wp\/v2\/users\/1"}],"replies":[{"embeddable":true,"href":"https:\/\/www.monempresarial.com\/ca\/wp-json\/wp\/v2\/comments?post=30722"}],"version-history":[{"count":1,"href":"https:\/\/www.monempresarial.com\/ca\/wp-json\/wp\/v2\/posts\/30722\/revisions"}],"predecessor-version":[{"id":47620,"href":"https:\/\/www.monempresarial.com\/ca\/wp-json\/wp\/v2\/posts\/30722\/revisions\/47620"}],"wp:featuredmedia":[{"embeddable":true,"href":"https:\/\/www.monempresarial.com\/ca\/wp-json\/wp\/v2\/media\/30721"}],"wp:attachment":[{"href":"https:\/\/www.monempresarial.com\/ca\/wp-json\/wp\/v2\/media?parent=30722"}],"wp:term":[{"taxonomy":"category","embeddable":true,"href":"https:\/\/www.monempresarial.com\/ca\/wp-json\/wp\/v2\/categories?post=30722"},{"taxonomy":"post_tag","embeddable":true,"href":"https:\/\/www.monempresarial.com\/ca\/wp-json\/wp\/v2\/tags?post=30722"}],"curies":[{"name":"wp","href":"https:\/\/api.w.org\/{rel}","templated":true}]}}