{"id":30734,"date":"2021-05-27T09:37:07","date_gmt":"2021-05-27T07:37:07","guid":{"rendered":"https:\/\/www.monempresarial.com\/2021\/05\/10\/tiempos-de-adversidad-virtud-y-resiliencia\/"},"modified":"2025-09-24T11:05:24","modified_gmt":"2025-09-24T09:05:24","slug":"temps-dadversitat-virtut-i-resiliencia","status":"publish","type":"post","link":"https:\/\/www.monempresarial.com\/ca\/2021\/05\/27\/temps-dadversitat-virtut-i-resiliencia\/","title":{"rendered":"Temps d\u2019adversitat, virtut i resili\u00e8ncia"},"content":{"rendered":"<h4 style=\"color: #602d11;\"><span style=\"color: #602d11;\"><img decoding=\"async\" loading=\"lazy\" class=\"alignleft wp-image-30731\" src=\"https:\/\/www.monempresarial.com\/wp-content\/uploads\/2021\/05\/Angelica.jpg\" alt=\"\" width=\"136\" height=\"204\" srcset=\"https:\/\/www.monempresarial.com\/wp-content\/uploads\/2021\/05\/Angelica.jpg 677w, https:\/\/www.monempresarial.com\/wp-content\/uploads\/2021\/05\/Angelica-200x300.jpg 200w, https:\/\/www.monempresarial.com\/wp-content\/uploads\/2021\/05\/Angelica-200x300@2x.jpg 400w\" sizes=\"(max-width: 136px) 100vw, 136px\" \/>Que les situacions complicades que vivim ens fan aprendre i cr\u00e9ixer com a persones i com a professionals \u00e9s un fet, si b\u00e9 aix\u00f2 no passa sempre a tothom, i a algunes persones que estiguin passant per dificultats, tal vegada els molesti de llegir aquesta frase, orientada a mirar vers el &#8220;final&#8221; i no cap al &#8220;durant&#8221; d&#8217;una situaci\u00f3 complicada. <\/span><\/h4>\n<h4><span style=\"color: #663300; font-weight: bold; text-transform: uppercase;\">Ang\u00e9lica S\u00e1nchez Plaza.<\/span><strong>Directora de M\u00e0rqueting d\u2019Orange.<\/strong><\/h4>\n<hr style=\"color: #b72126;\" \/>\n<p>Ja ho deia Arist\u00f2til, en afirmar que \u201c\u00e9s en l&#8217;adversitat que surt a la llum la virtut\u201d. I \u00e9s que, algunes vegades, ens llancen a la piscina i no ens queda cap altra opci\u00f3 que sortir-ne nedant. Ara, a aquest fet l\u2019anomenem &#8220;resili\u00e8ncia&#8221; (que escur\u00e7a i sintetitza la frase aristot\u00e8lica), i m&#8217;atreveixo a dir que, m\u00e9s que una capacitat, \u00e9s una filosofia de vida a la qual acompanya el pragmatisme, l&#8217;optimisme i la paci\u00e8ncia.<\/p>\n<p><span style=\"color: #602d11;\">Pragmatisme<\/span>, perqu\u00e8 com m\u00e9s aviat assumim que patir per alguna cosa que va malament \u00e9s un proc\u00e9s que acaba, abans comen\u00e7arem a veure la llum en una situaci\u00f3 complicada. I l&#8217;important \u00e9s visualitzar-ne el final i el retorn a una situaci\u00f3 normal en la qual, possiblement, h\u00e0gim d\u2019haver modificat alguna cosa en la nostra vida.<\/p>\n<p><span style=\"color: #602d11;\">Optimisme<\/span>, perqu\u00e8 pensar en positiu ajuda que les dificultats siguin menys doloroses i, a m\u00e9s, perqu\u00e8 aix\u00ed atraiem coses positives: pensar que un proc\u00e9s dif\u00edcil ens conduir\u00e0 a trobar oportunitats ens aporta for\u00e7a i obre la nostra ment a futures possibilitats.<\/p>\n<p><span style=\"color: #602d11;\">Paci\u00e8ncia<\/span>, utilitzada en dues vessants: la primera, de manera que ens fa m\u00e9s conscients que les coses no ocorren de manera immediata, i que \u00e9s el pas el temps el que ho posa tot en ordre i ens fa entendre que les coses passen per alguna cosa i no passen per alguna cosa tamb\u00e9; i la segona, perqu\u00e8 ens condueix a un espai per a la reflexi\u00f3, una reflexi\u00f3 que ens ha de fer conscients que som capa\u00e7os de superar els reptes, d&#8217;adoptar canvis i d&#8217;aconseguir resultats.<\/p>\n<blockquote>\n<h2><span style=\"color: #602d11;\">En moments tan complexos com els actuals, o ens adaptem o ens adaptem. El fet d&#8217;ocupar-nos de buscar solucions i no tant de preocupar-nos i canviar la nostra actitud davant l&#8217;adversitat, ens ajudar\u00e0 a trobar camins de creixement.<\/span><\/h2>\n<\/blockquote>\n<p>Ang\u00e9lica S\u00e1nchez Plaza \u00e9s coautora de <em>Lo que aprendimos durante el confinamiento<\/em>.<\/p>\n","protected":false},"excerpt":{"rendered":"<p>En moments tan complexos com els actuals, o ens adaptem o ens adaptem. El fet d&#8217;ocupar-nos de buscar solucions i no tant de preocupar-nos i canviar la nostra actitud davant l&#8217;adversitat, ens ajudar\u00e0 a trobar camins de creixement.<\/p>\n","protected":false},"author":1,"featured_media":30728,"comment_status":"closed","ping_status":"closed","sticky":false,"template":"","format":"standard","meta":{"_mi_skip_tracking":false,"mc4wp_mailchimp_campaign":[],"jnews-multi-image_gallery":[],"jnews_single_post":[],"jnews_primary_category":[]},"categories":[980,10830,10817,37,4718],"tags":[270,1288,2847,2866,10059,10064,10065,10605],"_links":{"self":[{"href":"https:\/\/www.monempresarial.com\/ca\/wp-json\/wp\/v2\/posts\/30734"}],"collection":[{"href":"https:\/\/www.monempresarial.com\/ca\/wp-json\/wp\/v2\/posts"}],"about":[{"href":"https:\/\/www.monempresarial.com\/ca\/wp-json\/wp\/v2\/types\/post"}],"author":[{"embeddable":true,"href":"https:\/\/www.monempresarial.com\/ca\/wp-json\/wp\/v2\/users\/1"}],"replies":[{"embeddable":true,"href":"https:\/\/www.monempresarial.com\/ca\/wp-json\/wp\/v2\/comments?post=30734"}],"version-history":[{"count":1,"href":"https:\/\/www.monempresarial.com\/ca\/wp-json\/wp\/v2\/posts\/30734\/revisions"}],"predecessor-version":[{"id":47617,"href":"https:\/\/www.monempresarial.com\/ca\/wp-json\/wp\/v2\/posts\/30734\/revisions\/47617"}],"wp:featuredmedia":[{"embeddable":true,"href":"https:\/\/www.monempresarial.com\/ca\/wp-json\/wp\/v2\/media\/30728"}],"wp:attachment":[{"href":"https:\/\/www.monempresarial.com\/ca\/wp-json\/wp\/v2\/media?parent=30734"}],"wp:term":[{"taxonomy":"category","embeddable":true,"href":"https:\/\/www.monempresarial.com\/ca\/wp-json\/wp\/v2\/categories?post=30734"},{"taxonomy":"post_tag","embeddable":true,"href":"https:\/\/www.monempresarial.com\/ca\/wp-json\/wp\/v2\/tags?post=30734"}],"curies":[{"name":"wp","href":"https:\/\/api.w.org\/{rel}","templated":true}]}}