{"id":30810,"date":"2021-05-17T09:27:02","date_gmt":"2021-05-17T07:27:02","guid":{"rendered":"https:\/\/www.monempresarial.com\/2021\/05\/13\/el-comercio-internacional-como-crisol\/"},"modified":"2025-09-24T11:06:31","modified_gmt":"2025-09-24T09:06:31","slug":"el-comerc-internacional-com-a-gresol","status":"publish","type":"post","link":"https:\/\/www.monempresarial.com\/ca\/2021\/05\/17\/el-comerc-internacional-com-a-gresol\/","title":{"rendered":"El comer\u00e7 internacional com a gresol"},"content":{"rendered":"<p><strong><img decoding=\"async\" loading=\"lazy\" class=\"alignright wp-image-8621\" src=\"https:\/\/www.monempresarial.com\/wp-content\/uploads\/2016\/01\/mon-empresarial-005-joan-tugores.png\" alt=\"\" width=\"223\" height=\"213\" \/>El comer\u00e7 internacional est\u00e0 complementant el seu tradicional paper de motor de prosperitat amb el de gresol en el qual convergeixen unes altres dimensions especialment rellevants per al m\u00f3n global, des de les pugnes geopol\u00edtiques i tecnol\u00f2giques fins als temes sanitaris i mediambientals. <\/strong><\/p>\n<h4><span style=\"color: #829c92; text-transform: uppercase;\">Juan Tugores Ques. <\/span>Catedr\u00e0tic d&#8217;Economia de la Universitat de Barcelona.<\/h4>\n<hr style=\"color: #b72126;\" \/>\n<p>Els debats sobre el paper del comer\u00e7 internacional en el funcionament de les economies s\u00f3n antics. Des de la seva defensa com a font de la &#8220;riquesa de les nacions&#8221;, per part d&#8217;Adam Smith, i el seu paper de &#8220;motor de creixement&#8221;, a les cr\u00edtiques d&#8217;efectes col\u00b7laterals negatius que han tractat d&#8217;utilitzar-se com a justificaci\u00f3 per a rebutjos o proteccionismes, antics i recents. En tot cas, el seguiment de les dades del comer\u00e7 mundial s&#8217;ha convertit en un ingredient rellevant per a l&#8217;an\u00e0lisi de les causes i les conseq\u00fc\u00e8ncies de l&#8217;evoluci\u00f3 econ\u00f2mica. En els primers mesos del 2020, l&#8217;esclat de la pand\u00e8mia es va traduir en una caiguda dr\u00e0stica, que va superar inicialment fins i tot l&#8217;anomenat &#8220;gran col\u00b7lapse&#8221; del 2009 i la severa contracci\u00f3 de principis de la Gran Depressi\u00f3. Per\u00f2 a principis del 2021, les xifres estaven recuperant els nivells d&#8217;un any abans, anticipant, amb totes les cauteles, una recuperaci\u00f3 que semblava mostrar que les din\u00e0miques comercials es mantenien malgrat les apel\u00b7lacions a desconfiances o a retrocessos en la globalitzaci\u00f3. Parafrasejant Mark Twain, podria dir-se que, possiblement, &#8220;les not\u00edcies de la mort del comer\u00e7 internacional s&#8217;havien exagerat molt&#8221;.<\/p>\n<blockquote>\n<h2><span style=\"color: #829c92;\"><img decoding=\"async\" loading=\"lazy\" class=\"alignright wp-image-30797\" src=\"https:\/\/www.monempresarial.com\/wp-content\/uploads\/2021\/05\/icono-1.jpg\" alt=\"\" width=\"207\" height=\"185\" srcset=\"https:\/\/www.monempresarial.com\/wp-content\/uploads\/2021\/05\/icono-1.jpg 484w, https:\/\/www.monempresarial.com\/wp-content\/uploads\/2021\/05\/icono-1-300x268.jpg 300w\" sizes=\"(max-width: 207px) 100vw, 207px\" \/>El seguiment de les dades del comer\u00e7 mundial s&#8217;ha convertit en un ingredient rellevant per a l&#8217;an\u00e0lisi de les causes i les conseq\u00fc\u00e8ncies de l&#8217;evoluci\u00f3 econ\u00f2mica<\/span><\/h2>\n<\/blockquote>\n<p><span style=\"color: #829c92;\"><strong>LES REGLES COMERCIALS, EN EL PUNT DE MIRA<\/strong><\/span><br \/>\nPer\u00f2 m\u00e9s enll\u00e0 d&#8217;aquestes an\u00e0lisis de les dades m\u00e9s tradicionals, si alguna cosa mereix ser destacada en aquest 2021 \u00e9s com estan convergint diverses dimensions crucials de la nostra era en uns impactes destacats sobre els temes comercials. Un cas clar \u00e9s la creixent evid\u00e8ncia que l&#8217;anomenada &#8220;guerra comercial&#8221; des del 2018, especialment entre els Estats Units i la Xina, \u00e9s una vessant important, per\u00f2 &#8220;col\u00b7lateral&#8221;, de la pugna geoestrat\u00e8gica per l&#8217;hegemonia econ\u00f2mica i pol\u00edtica, i que t\u00e9 en les disputes tecnol\u00f2giques \u2013en \u00e0mbits que van des del 5G a la Intel\u00b7lig\u00e8ncia Artificial\u2013 unes altres clares manifestacions. La insist\u00e8ncia en els riscos d&#8217;una &#8220;fragmentaci\u00f3&#8221; comercial i tecnol\u00f2gica a escala mundial \u2013un tema sobre el qual insisteix la directora de l&#8217;FMI, K. Georgieva\u2013 \u00e9s un factor de preocupaci\u00f3 rellevant i un repte per a la conformaci\u00f3 del sistema comercial, econ\u00f2mic i sociopol\u00edtic mundial. Les &#8220;pressions&#8221; \u2013a vegades, no sempre, amb \u00e8xit\u2013 per evitar que la tecnologia Huawei sigui utilitzada per pa\u00efsos de l&#8217;\u00f2rbita occidental en contractes relacionats amb la defensa \u00e9s un cas conegut, per\u00f2 no l&#8217;\u00fanic, de restriccions tecnol\u00f2gico-econ\u00f2mico-estrat\u00e8giques, on es creuen les consideracions d&#8217;efici\u00e8ncia i les de poder. Consideracions de control de dades, de privacitat i de riscos de ciberseguretat compliquen encara m\u00e9s les coses. La nova directora de l&#8217;OMC, Okonjo Iweala, afronta el repte d&#8217;adequar les regles comercials per tractar de mantenir raonablement obert un sistema multilateral de comer\u00e7 en el qual convergeixen pressions i interessos d&#8217;\u00edndole extracomercial i extraecon\u00f2mica.<\/p>\n<blockquote>\n<h2><span style=\"color: #829c92;\">La insist\u00e8ncia en els riscos d&#8217;una &#8220;fragmentaci\u00f3&#8221; comercial i tecnol\u00f2gica a escala mundial \u2013un tema sobre el qual insisteix la directora de l&#8217;FMI, K. Georgieva\u2013 \u00e9s un factor de preocupaci\u00f3 rellevant i un repte per a la conformaci\u00f3 del sistema comercial, econ\u00f2mic i sociopol\u00edtic mundial<\/span><\/h2>\n<\/blockquote>\n<p><span style=\"color: #829c92;\"><strong>LA DISTRIBUCI\u00d3 DE LES VACUNES, UN TEMA CLAU<\/strong><\/span><br \/>\nEls temes relatius a salut global, centrals en l&#8217;escenari de pand\u00e8mia, tenen, aix\u00ed mateix, destacades connexions amb el sistema comercial. En els primers temps, van ser cr\u00edtics els problemes de subministraments internacionals d&#8217;equipaments m\u00e8dics i sanitaris, i en l&#8217;actualitat, el protagonisme el t\u00e9 el tema de les vacunes. La producci\u00f3 i la distribuci\u00f3 d&#8217;aquestes requereix de la participaci\u00f3 de m\u00faltiples prove\u00efdors d&#8217;<em>inputs<\/em>, cosa que ha convertit les &#8220;cadenes globals de valor o subministraments&#8221; de vacunes en objecte de gran atenci\u00f3. I aix\u00ed mateix, un cop produ\u00efdes, els mecanismes de distribuci\u00f3 estan mostrant importants &#8220;friccions&#8221; entre les empreses del sector i els poders p\u00fablics. Les cr\u00edtiques pel que fa a &#8220;incompliments de contractes&#8221; estan a l&#8217;ordre del dia, aix\u00ed com les discussions sobre el grau adequat de protecci\u00f3 de la &#8220;propietat intel\u00b7lectual&#8221; (patents incloses) de les vacunes i l&#8217;aplicaci\u00f3 d&#8217;eventuals mecanismes de flexibilitat per tractar d&#8217;assegurar que aquesta protecci\u00f3 no n\u2019obstaculitzi l\u2019arribada a tots els llocs del m\u00f3n, inclosos els de menor poder adquisitiu. Les controv\u00e8rsies en el marc dels TRIPS (temes comercials relacionats amb la propietat intel\u00b7lectual, en sigles angleses) a l&#8217;OMC semblen repetir, el 2021, pautes ja experimentades en altres moments, com ara els debats relatius als medicaments enfront del VIH i altres malalties infeccioses. La constataci\u00f3 que els pa\u00efsos de la Uni\u00f3 Europea van m\u00e9s lents, en les campanyes de vacunaci\u00f3, que d&#8217;altres, inclosos els Estats Units, es vincula, entre altres raons, a una certa &#8220;ingenu\u00eftat&#8221; respecte a decisions sobre centres de producci\u00f3 i control de la log\u00edstica. Relacionat amb aix\u00f2, o no, la UE llan\u00e7a, el 2021, una nova estrat\u00e8gia comercial en la qual anuncia una gran &#8220;assertivitat&#8221; davant d&#8217;incompliments per part d&#8217;altres actors internacionals. L&#8217;escala molt m\u00e9s gran de l&#8217;actual pand\u00e8mia fa passar a un singular primer pla aquests temes que, sens dubte, constituiran un aspecte central de la necess\u00e0ria reformulaci\u00f3 de les regles del sistema comercial mundial. Encara que l&#8217;Organitzaci\u00f3 Mundial del Comer\u00e7 i l&#8217;OCDE insisteixen en la import\u00e0ncia de mantenir oberts els fluxos comercials i el fluid funcionament de les cadenes globals de valor, especialment pel que fa a vacunes i altres productes medicosanitaris, la <em>realpolitik<\/em> no sempre sembla confirmar, per ara, aquesta confian\u00e7a.<\/p>\n<blockquote>\n<h2><span style=\"color: #829c92;\"><img decoding=\"async\" loading=\"lazy\" class=\"alignright wp-image-30799\" src=\"https:\/\/www.monempresarial.com\/wp-content\/uploads\/2021\/05\/icono-2.jpg\" alt=\"\" width=\"134\" height=\"215\" srcset=\"https:\/\/www.monempresarial.com\/wp-content\/uploads\/2021\/05\/icono-2.jpg 339w, https:\/\/www.monempresarial.com\/wp-content\/uploads\/2021\/05\/icono-2-187x300.jpg 187w\" sizes=\"(max-width: 134px) 100vw, 134px\" \/>Els temes relatius a salut global, centrals en l&#8217;escenari de pand\u00e8mia, tenen, aix\u00ed mateix, destacades connexions amb el sistema comercial. En els primers temps, van ser cr\u00edtics els problemes de subministraments internacionals d&#8217;equipaments m\u00e8dics i sanitaris, i en l&#8217;actualitat, el protagonisme el t\u00e9 el tema de les vacunes<\/span><\/h2>\n<\/blockquote>\n<p><span style=\"color: #829c92;\"><strong>\u00c9S POSSIBLE UN COMER\u00c7 VERD I GLOBAL?<\/strong><\/span><br \/>\nL&#8217;altra gran dimensi\u00f3 dels problemes globals connectada amb el comer\u00e7 \u00e9s la mediambiental. Les propostes, llan\u00e7ades des d&#8217;Europa i debatudes als Estats Units i d\u2019altres \u00e0rees, d&#8217;utilitzar mecanismes comercials per incentivar actuacions respectuoses amb el medi ambient, per la via d&#8217;establir una cosa semblant a aranzels \u2013\u201cajustos de frontera\u201d\u2013 a les importacions de productes en el proc\u00e9s de fabricaci\u00f3 de les quals no s&#8217;hagin respectat determinats est\u00e0ndards, \u00e9s ambiciosa, intel\u00b7ligent&#8230; i pol\u00e8mica. D&#8217;una banda, tracta d&#8217;evitar l&#8217;anomenat d\u00famping mediambiental associat al despla\u00e7ament de processos de producci\u00f3 contaminants a llocs amb regulacions m\u00e9s laxes. Una cosa essencial per evitar que les estrat\u00e8gies d&#8217;ampli abast com l&#8217;European Green Deal es vegin &#8220;cortocircuitades&#8221; per deslocalitzacions que, simplement, desplacin l&#8217;emissi\u00f3 de contaminaci\u00f3 d&#8217;un lloc a un altre&#8230; ignorant la dimensi\u00f3 intr\u00ednsecament global de la degradaci\u00f3 mediambiental, evitar la qual s&#8217;ha convertit en un &#8220;b\u00e9 p\u00fablic global&#8221; de primer ordre. Per\u00f2, d&#8217;altra banda, s&#8217;apunta a la necessitat d&#8217;aclarir aquestes figures comercials-mediambientals per evitar que puguin ser utilitzades com una coartada noble eventualment &#8220;capturada&#8221; per alguns sectors amb finalitats m\u00e9s proteccionistes que, efectivament, ecol\u00f2giques. De nou, emergeixen riscos d&#8217;unes &#8220;fragmentacions&#8221; en els fluxos comercials associades, ara, al tipus de regulacions mediambientals que els pa\u00efsos acabin assumint, si no s&#8217;avan\u00e7a, en paral\u00b7lel, en est\u00e0ndards consensuats amb raonable efectivitat a escala global.<\/p>\n<blockquote>\n<h2><span style=\"color: #829c92;\">Encara que l&#8217;Organitzaci\u00f3 Mundial de Comer\u00e7 i l&#8217;OCDE insisteixen en la import\u00e0ncia de mantenir oberts els fluxos comercials i el fluid funcionament de les cadenes globals de valor, especialment pel que fa a vacunes i altres productes medicosanitaris, la <em>realpolitik<\/em> no sempre sembla confirmar, per ara, aquesta confian\u00e7a<\/span><\/h2>\n<\/blockquote>\n<p><span style=\"color: #829c92;\"><strong>QUINA SER\u00c0 LA SORTIDA A LA CRISI?<\/strong><\/span><br \/>\nAquesta primavera del 2021 s\u00f3n encara mixtos els senyals sobre si l&#8217;escenari internacional es decantar\u00e0 cap a una sortida de la crisi de la pand\u00e8mia amb recuperaci\u00f3 dels ingredients de cooperaci\u00f3 i de multilateralisme degradats en els \u00faltims temps o, per contra, amb accentuaci\u00f3 de les apuntades tend\u00e8ncies a les &#8220;fragmentacions&#8221;.<br \/>\n\u00c9s cert que l&#8217;Administraci\u00f3 Biden ha perm\u00e8s l&#8217;elecci\u00f3 de la nova directora de l&#8217;OMC, malgrat les cr\u00edtiques explicitades per l&#8217;anterior govern dels Estats Units de ser una candidata &#8220;massa&#8221; propensa al multilateralisme. Per\u00f2 \u00e9s igualment cert que la nova Administraci\u00f3 insisteix en les refer\u00e8ncies al &#8220;buy American&#8221; (tracte prioritari per utilitzar productes nord-americans en les compres p\u00fabliques&#8230; i privades) com a complement de les ambicioses mesures expansives adoptades.<\/p>\n<blockquote>\n<h2><span style=\"color: #829c92;\"><img decoding=\"async\" loading=\"lazy\" class=\"alignright wp-image-30801\" src=\"https:\/\/www.monempresarial.com\/wp-content\/uploads\/2021\/05\/icono-3.jpg\" alt=\"\" width=\"135\" height=\"181\" srcset=\"https:\/\/www.monempresarial.com\/wp-content\/uploads\/2021\/05\/icono-3.jpg 269w, https:\/\/www.monempresarial.com\/wp-content\/uploads\/2021\/05\/icono-3-223x300.jpg 223w\" sizes=\"(max-width: 135px) 100vw, 135px\" \/>Les propostes, llan\u00e7ades des d&#8217;Europa i debatudes als Estats Units i d\u2019altres \u00e0rees, d&#8217;utilitzar mecanismes comercials per incentivar actuacions respectuoses amb el medi ambient, per la via d&#8217;establir una cosa semblant a aranzels a les importacions de productes en el proc\u00e9s de fabricaci\u00f3 de les quals no s&#8217;hagin respectat determinats est\u00e0ndards, \u00e9s ambiciosa, intel\u00b7ligent&#8230; i pol\u00e8mica<\/span><\/h2>\n<\/blockquote>\n<p>D&#8217;altra banda, la Uni\u00f3 Europea d&#8217;una banda es presenta com a decidit palad\u00ed del multilateralisme, per\u00f2, en paral\u00b7lel, acaba d&#8217;aprovar un document d&#8217;estrat\u00e8gia comercial en qu\u00e8 les refer\u00e8ncies a una major &#8220;assertivitat&#8221; i les apel\u00b7lacions a l\u2019&#8221;autonomia estrat\u00e8gica&#8221; podrien justificar en la pr\u00e0ctica postures que dificultessin compromisos amb un sistema comercial realment obert.<br \/>\nI resta aix\u00ed mateix veure en qu\u00e8 es tradueix finalment la precaut\u00f2ria suspensi\u00f3 de sancions rec\u00edproques entre els Estats Units i la UE derivades dels conflictes entre Boeing i Airbus. I, per la seva important banda, la Xina ha explicitat, tamb\u00e9, la seva aposta per una &#8220;doble circulaci\u00f3&#8221; en qu\u00e8, tot i la ret\u00f2rica en el seu moment de voler &#8220;ocupar&#8221; el lloc que semblava deixar lliure Estats Units com a motor del multilateralisme, reitera la sempre clara tend\u00e8ncia a un &#8220;managed trade&#8221; que sembla convertir-se en la millor descripci\u00f3 del conjunt de regles del sistema comercial. I cal recordar que, a finals del 2020, la UE i la Xina van signar un &#8220;Acord Integral d&#8217;Inversions&#8221; que es presta a moltes lectures&#8230; alhora que alguns tracten de &#8220;desenterrar&#8221; les negociacions per a un Acord Transatl\u00e0ntic que, abans de ser congelat per l&#8217;anterior Administraci\u00f3 nord-americana, havia provocat pol\u00e8mica a banda i banda de l&#8217;Atl\u00e0ntic.<br \/>\nLes inc\u00f2gnites s\u00f3n, doncs, importants, tant en quantitat com pel que fa al seu abast. I aix\u00f2 adquireix especial rellev\u00e0ncia quan la provisi\u00f3 de &#8220;b\u00e9ns p\u00fablics globals&#8221;, com ara la &#8220;immunitzaci\u00f3 extensiva&#8221; (en l&#8217;expressi\u00f3 literal de la declaraci\u00f3 final del G20 de novembre del 2020), i afrontar la degradaci\u00f3 mediambiental, tenen en les seves interaccions amb els aspectes comercials ingredients decisius. La salut i la qualitat de l&#8217;entorn es converteixen, juntament amb el manteniment d&#8217;una pau \u2013en tots els sentits\u2013 amena\u00e7ada per friccions geopol\u00edtiques, de vegades m\u00e9s latents, de vegades m\u00e9s expl\u00edcites, en temes absolutament decisius que troben en el comer\u00e7 internacional un reflex i gresol que cal seguir amb la m\u00e0xima atenci\u00f3.<\/p>\n<blockquote>\n<h2><span style=\"color: #829c92;\"><img decoding=\"async\" loading=\"lazy\" class=\"alignright wp-image-30803\" src=\"https:\/\/www.monempresarial.com\/wp-content\/uploads\/2021\/05\/icono-4.jpg\" alt=\"\" width=\"212\" height=\"209\" srcset=\"https:\/\/www.monempresarial.com\/wp-content\/uploads\/2021\/05\/icono-4.jpg 475w, https:\/\/www.monempresarial.com\/wp-content\/uploads\/2021\/05\/icono-4-300x296.jpg 300w\" sizes=\"(max-width: 212px) 100vw, 212px\" \/>S\u00f3n encara mixtos els senyals sobre si l&#8217;escenari internacional es decantar\u00e0 cap a una sortida de la crisi de la pand\u00e8mia amb recuperaci\u00f3 dels ingredients de cooperaci\u00f3 i de multilateralisme degradats en els \u00faltims temps o, per contra, amb accentuaci\u00f3 de les apuntades tend\u00e8ncies a les &#8220;fragmentacions&#8221;<\/span><\/h2>\n<\/blockquote>\n","protected":false},"excerpt":{"rendered":"<p>El comer\u00e7 internacional est\u00e0 complementant el seu tradicional paper de motor de prosperitat amb el de gresol en el qual convergeixen unes altres dimensions especialment rellevants per al m\u00f3n global, des de les pugnes geopol\u00edtiques i tecnol\u00f2giques fins als temes sanitaris i mediambientals.<\/p>\n","protected":false},"author":8,"featured_media":30808,"comment_status":"closed","ping_status":"closed","sticky":false,"template":"","format":"standard","meta":{"_mi_skip_tracking":false,"mc4wp_mailchimp_campaign":[],"jnews-multi-image_gallery":[],"jnews_single_post":[],"jnews_primary_category":[]},"categories":[9,10839,10840,10815,10729,18],"tags":[931,1400,3360,6159,7654,10075],"_links":{"self":[{"href":"https:\/\/www.monempresarial.com\/ca\/wp-json\/wp\/v2\/posts\/30810"}],"collection":[{"href":"https:\/\/www.monempresarial.com\/ca\/wp-json\/wp\/v2\/posts"}],"about":[{"href":"https:\/\/www.monempresarial.com\/ca\/wp-json\/wp\/v2\/types\/post"}],"author":[{"embeddable":true,"href":"https:\/\/www.monempresarial.com\/ca\/wp-json\/wp\/v2\/users\/8"}],"replies":[{"embeddable":true,"href":"https:\/\/www.monempresarial.com\/ca\/wp-json\/wp\/v2\/comments?post=30810"}],"version-history":[{"count":1,"href":"https:\/\/www.monempresarial.com\/ca\/wp-json\/wp\/v2\/posts\/30810\/revisions"}],"predecessor-version":[{"id":47624,"href":"https:\/\/www.monempresarial.com\/ca\/wp-json\/wp\/v2\/posts\/30810\/revisions\/47624"}],"wp:featuredmedia":[{"embeddable":true,"href":"https:\/\/www.monempresarial.com\/ca\/wp-json\/wp\/v2\/media\/30808"}],"wp:attachment":[{"href":"https:\/\/www.monempresarial.com\/ca\/wp-json\/wp\/v2\/media?parent=30810"}],"wp:term":[{"taxonomy":"category","embeddable":true,"href":"https:\/\/www.monempresarial.com\/ca\/wp-json\/wp\/v2\/categories?post=30810"},{"taxonomy":"post_tag","embeddable":true,"href":"https:\/\/www.monempresarial.com\/ca\/wp-json\/wp\/v2\/tags?post=30810"}],"curies":[{"name":"wp","href":"https:\/\/api.w.org\/{rel}","templated":true}]}}