{"id":31165,"date":"2021-06-28T09:00:35","date_gmt":"2021-06-28T07:00:35","guid":{"rendered":"https:\/\/www.monempresarial.com\/2021\/05\/28\/inteligencia-artificial\/"},"modified":"2025-09-24T11:03:54","modified_gmt":"2025-09-24T09:03:54","slug":"intel-ligencia-artificial-dafo","status":"publish","type":"post","link":"https:\/\/www.monempresarial.com\/ca\/2021\/06\/28\/intel-ligencia-artificial-dafo\/","title":{"rendered":"Intel.lig\u00e8ncia Artificial DAFO"},"content":{"rendered":"<p><span style=\"color: #000000;\"><strong><span style=\"color: #88576b;\"><img decoding=\"async\" loading=\"lazy\" class=\"alignright wp-image-31159\" src=\"https:\/\/www.monempresarial.com\/wp-content\/uploads\/2021\/05\/AUTOR-2.jpg\" alt=\"\" width=\"185\" height=\"246\" srcset=\"https:\/\/www.monempresarial.com\/wp-content\/uploads\/2021\/05\/AUTOR-2.jpg 567w, https:\/\/www.monempresarial.com\/wp-content\/uploads\/2021\/05\/AUTOR-2-225x300.jpg 225w, https:\/\/www.monempresarial.com\/wp-content\/uploads\/2021\/05\/AUTOR-2-225x300@2x.jpg 450w\" sizes=\"(max-width: 185px) 100vw, 185px\" \/>Albert Domingo Vilar.<\/span> Director de Tecnologies i Digital a UPF Ventures. Coordinador d\u2019emprenedoria a la UPF. Membre del Grup d\u2019IA de Telecos.cat.<\/strong><\/span><\/p>\n<hr style=\"color: #b72126;\" \/>\n<div style=\"background-color: #88576b; text-align: center;\"><span style=\"color: #ffffff; font-weight: bold; font-size: 20px;\">DEBILITATS<\/span><\/div>\n<ul>\n<li><strong>La patent de la Intel\u00b7lig\u00e8ncia Artificial (IA) \u00e9s gaireb\u00e9 impossible amb la regulaci\u00f3 actual <\/strong>i comporta que la majoria dels projectes comercials s\u2019investiguin amb secret empresarial, un fet que deriva en evolucions a un ritme inferior al d\u2019altres tecnologies patentables.<\/li>\n<li><strong>La seva opacitat<\/strong>, pel fet de no ser patentable ni divulgable<strong>, ens porta a solucions menys discutibles,<\/strong> ja que nom\u00e9s en veiem resultats.<\/li>\n<li><strong>El temps de desenvolupament <\/strong>d&#8217;una IA s&#8217;emmarca en el temps <strong>d&#8217;una d\u00e8cada o m\u00e9s, degut a les fases d\u2019entrenament i d\u2019implementaci\u00f3 \u00fatil<\/strong>.<\/li>\n<li><strong>La manca de comprensi\u00f3 de la IA per part dels reguladors i dels governs dificulta regular <\/strong>qu\u00e8 fa o qu\u00e8 no fa una IA i a qui pertanyen els seus \u00e8xits o els seus errors; avui dia s\u00f3n nom\u00e9s eines al servei de l&#8217;hum\u00e0.<\/li>\n<li><strong>La inversi\u00f3 en fases inicials. <\/strong>Als EE. UU<strong>. <\/strong>ja es compr\u00e8n i, darrerament, llegim not\u00edcies com que Apple compra Vilynx a Barcelona, o que possibles gegants d\u2019Internet han posat els ulls en Sherpa.ai de Bilbao.<\/li>\n<li><\/li>\n<\/ul>\n<div style=\"background-color: #88576b; text-align: center;\"><span style=\"color: #ffffff; font-weight: bold; font-size: 20px;\">AMENACES<\/span><\/div>\n<ul>\n<li><strong>La p\u00e8rdua de treballs b\u00e0sics amb tasques repetitives i amb poques funcionalitats <\/strong>com ara lliurar un paquet a casa o preparar una hamburguesa.<\/li>\n<li><strong>La superaci\u00f3 de la IA davant de l&#8217;hum\u00e0. <\/strong>Segons l\u2019<em>Standford<\/em> <em>AI Index report<\/em> de 2021, per a un sistema de classificaci\u00f3 d&#8217;imatges, els humans tenim un encert del 94,9%. En aquesta tasca, la IA va superar els humans l&#8217;estiu del 2015, en arribar al 95% (98,8%, el gener 2021).<\/li>\n<li><strong>L&#8217;\u00e8tica. Relacionada amb els programadors i la introducci\u00f3 d&#8217;errors en la IA en quatre grans grups: g\u00e8nere, racisme, prejudicis socials i morals. <\/strong>Les IA l\u00edders fallen a l\u2019hora de recon\u00e8ixer m\u00e9s a les dones, aix\u00ed com l\u2019encerten m\u00e9s amb persones blanques. Encara no reconeixen a Serena Williams, Michelle Obama, Oprah Winfrey, etc.<\/li>\n<li><strong>L&#8217;acc\u00e9s a les dades. Les lleis de protecci\u00f3 de dades estan portant les IA a entrenar-se amb unes dades m\u00e9s limitades, <\/strong>aix\u00f2 comporta que pot\u00e8ncies com la Xina pugui ser l\u00edder mundial en les solucions IA enfront dels EE. UU. o la UE.<\/li>\n<li><strong>La desconfian\u00e7a al seu \u00fas per part d&#8217;especialistes i la magnificaci\u00f3 d&#8217;errors<\/strong>. Exemple: a Calif\u00f2rnia, la IA va classificar les persones que atenien trucades de Covid-19 per ser vacunades per davant de metges.<\/li>\n<\/ul>\n<div style=\"background-color: #88576b; text-align: center;\"><span style=\"color: #ffffff; font-weight: bold; font-size: 20px;\">FORTALESES<\/span><\/div>\n<ul>\n<li><strong> La millora de la productivitat en el treball: <\/strong>permetr\u00e0 realitzar les tasques de car\u00e0cter repetitiu eficientment, de manera que alliberar\u00e0 temps personal per a accions m\u00e9s importants.<\/li>\n<li><strong>La millora de la qualitat de vida. <\/strong>La IA aplicada a m\u00faltiples facetes de classificaci\u00f3, detecci\u00f3 i relaci\u00f3 de s\u00edmptomes amb un diagn\u00f2stic encertat, aix\u00ed com a la planificaci\u00f3 d&#8217;intervenci\u00f3 en operacions, i a la cura de les persones.<\/li>\n<li><strong>El desenvolupament de solucions, en poc temps, a problemes que porten molts anys (d\u00e8cades) essent investigats <\/strong>i que ara es poden solucionar en pocs anys.<\/li>\n<li><strong>La superaci\u00f3 de l&#8217;hum\u00e0. <\/strong>Encara que tamb\u00e9 \u00e9s una amena\u00e7a, vol dir que veurem treballs \/ deteccions \/ solucions amb una qualitat i encert que no podem imaginar abans de saber-nos superats.<\/li>\n<\/ul>\n<div style=\"background-color: #88576b; text-align: center;\"><span style=\"color: #ffffff; font-weight: bold; font-size: 20px;\">OPORTUNITATS<\/span><\/div>\n<ul>\n<li><strong>Les pimes seran m\u00e9s competitives <\/strong>en tenir la possibilitat de competir en projectes que no requereixin de m\u00e0 d\u2019obra intensiva per a \u00e9sser completats.<\/li>\n<li><strong>La conducci\u00f3 aut\u00f2noma obre, tamb\u00e9, un elenc de possibilitats <\/strong>quan interactu\u00ef amb altres cotxes i l&#8217;entorn. L\u2019optimitzaci\u00f3 dels carrils vials i la prevenci\u00f3 d&#8217;accidents seran dues de les grans avantatges futures.<\/li>\n<li><strong>Amb l\u2019Internet de les Coses (<em>Internet of Things<\/em>), la manera de relacionar-se amb el <\/strong><strong><em>hardware<\/em><\/strong> <strong>permetr\u00e0 a la IA crear camins r\u00e0pids per a emerg\u00e8ncies<\/strong>, organitzar vianants en aglomeracions, detectar i avisar d&#8217;accidents.<\/li>\n<li><strong>La seguretat. Les solucions de &#8220;precrim&#8221; que ofereix la IA s\u00f3n diverses i cada vegada m\u00e9s encertades<\/strong>, com ara la detecci\u00f3 d&#8217;intencions en humans com el nerviosisme a la cua de l&#8217;aeroport.<\/li>\n<li><strong>Les noves solucions a problemes comuns d&#8217;una manera totalment diferent <\/strong>de les t\u00e8cniques usades amb el nostre aprenentatge hum\u00e0 de grup.<\/li>\n<li><strong>L\u2019avantatge competitiu i la diferenciaci\u00f3 <\/strong>quan una empresa disposi d&#8217;una IA que la resta han de desenvolupar en anys.<\/li>\n<\/ul>\n","protected":false},"excerpt":{"rendered":"<p>Intel.lig\u00e8ncia Artificial.<\/p>\n","protected":false},"author":1,"featured_media":31163,"comment_status":"closed","ping_status":"closed","sticky":false,"template":"","format":"standard","meta":{"_mi_skip_tracking":false,"mc4wp_mailchimp_campaign":[],"jnews-multi-image_gallery":[],"jnews_single_post":[],"jnews_primary_category":[]},"categories":[34,12,10817,10833,4718],"tags":[958,4489,8016,240,251,613,741,931,954],"_links":{"self":[{"href":"https:\/\/www.monempresarial.com\/ca\/wp-json\/wp\/v2\/posts\/31165"}],"collection":[{"href":"https:\/\/www.monempresarial.com\/ca\/wp-json\/wp\/v2\/posts"}],"about":[{"href":"https:\/\/www.monempresarial.com\/ca\/wp-json\/wp\/v2\/types\/post"}],"author":[{"embeddable":true,"href":"https:\/\/www.monempresarial.com\/ca\/wp-json\/wp\/v2\/users\/1"}],"replies":[{"embeddable":true,"href":"https:\/\/www.monempresarial.com\/ca\/wp-json\/wp\/v2\/comments?post=31165"}],"version-history":[{"count":1,"href":"https:\/\/www.monempresarial.com\/ca\/wp-json\/wp\/v2\/posts\/31165\/revisions"}],"predecessor-version":[{"id":47611,"href":"https:\/\/www.monempresarial.com\/ca\/wp-json\/wp\/v2\/posts\/31165\/revisions\/47611"}],"wp:featuredmedia":[{"embeddable":true,"href":"https:\/\/www.monempresarial.com\/ca\/wp-json\/wp\/v2\/media\/31163"}],"wp:attachment":[{"href":"https:\/\/www.monempresarial.com\/ca\/wp-json\/wp\/v2\/media?parent=31165"}],"wp:term":[{"taxonomy":"category","embeddable":true,"href":"https:\/\/www.monempresarial.com\/ca\/wp-json\/wp\/v2\/categories?post=31165"},{"taxonomy":"post_tag","embeddable":true,"href":"https:\/\/www.monempresarial.com\/ca\/wp-json\/wp\/v2\/tags?post=31165"}],"curies":[{"name":"wp","href":"https:\/\/api.w.org\/{rel}","templated":true}]}}