{"id":31369,"date":"2021-06-18T09:00:04","date_gmt":"2021-06-18T07:00:04","guid":{"rendered":"https:\/\/www.monempresarial.com\/2021\/06\/01\/invertir-los-fondos-de-la-ue-en-digitalizacion-y-sostenibilidad-la-gran-oportunidad-de-espana-para-europeizar-su-economia\/"},"modified":"2025-06-06T10:03:08","modified_gmt":"2025-06-06T08:03:08","slug":"invertir-els-fons-de-la-ue-en-digitalitzacio-i-sostenibilitat-la-gran-oportunitat-despanya-per-europeitzar-la-seva-economia","status":"publish","type":"post","link":"https:\/\/www.monempresarial.com\/ca\/2021\/06\/18\/invertir-els-fons-de-la-ue-en-digitalitzacio-i-sostenibilitat-la-gran-oportunitat-despanya-per-europeitzar-la-seva-economia\/","title":{"rendered":"Invertir els fons de la UE en digitalitzaci\u00f3 i sostenibilitat: la gran oportunitat d\u2019Espanya per europe\u00eftzar la seva economia"},"content":{"rendered":"<p><strong>La pon\u00e8ncia \u201cIniciatives clau per accelerar la transformaci\u00f3 de l\u2019economia espanyola\u201d organitzada pel Cercle d\u2019Economia fa una crida als actors pol\u00edtics i econ\u00f2mics a unir esfor\u00e7os i aplicar els canvis estructurals \u201cde calat\u201d que necessita l\u2019economia espanyola per no quedar-se enrere \u00a0<\/strong><\/p>\n<h4>Text: <span style=\"color: #9d9c9c;\">\u00a0<strong>Adri\u00e0 Gratac\u00f3s Torras <\/strong><\/span><\/h4>\n<hr style=\"color: #b72126;\" \/>\n<p>Despr\u00e9s del llum verd de la Comissi\u00f3 Europea al Pla de Recuperaci\u00f3 d\u2019Espanya desencalla, d\u2019una vegada per totes, l\u2019arribada dels fons europeus per fomentar la recuperaci\u00f3 econ\u00f2mica i social del pa\u00eds. Una arribada de fons europeus que s\u2019erigeix com una oportunitat \u00fanica per transformar i modernitzar l\u2019economia d\u2019Espanya. La incertesa encara existent de com aprofitaran les administracions p\u00fabliques aquesta bombona d\u2019oxigen ha centrar el debat a la Reuni\u00f3 del Cercle d\u2019Economia. Una reuni\u00f3 que va comptar ahir amb una pon\u00e8ncia exclusiva per reflexionar sobre la transformaci\u00f3 econ\u00f2mica del pa\u00eds. Sota el t\u00edtol \u201cIniciatives clau per accelerar la transformaci\u00f3 de l\u2019economia espanyola\u201d, el debat va estar protagonitzat pel president de PIMEC, Antoni Ca\u00f1ete; l\u2019exconseller d\u2019economia de la Generalitat de Catalunya i president del BIST, Andreu Mas-Colell; el president d\u2019Abar, \u00c0ngel Sim\u00f3n; i la CEO de Ciberseguretat &amp; Cloud de Telef\u00f3nica, Mar\u00eda Jes\u00fas Almazor.<\/p>\n<p><img decoding=\"async\" loading=\"lazy\" class=\"alignright size-full wp-image-31363\" src=\"https:\/\/www.monempresarial.com\/wp-content\/uploads\/2021\/06\/Foto-1.jpg\" alt=\"\" width=\"1074\" height=\"648\" srcset=\"https:\/\/www.monempresarial.com\/wp-content\/uploads\/2021\/06\/Foto-1.jpg 1074w, https:\/\/www.monempresarial.com\/wp-content\/uploads\/2021\/06\/Foto-1-300x181.jpg 300w, https:\/\/www.monempresarial.com\/wp-content\/uploads\/2021\/06\/Foto-1-1024x618.jpg 1024w, https:\/\/www.monempresarial.com\/wp-content\/uploads\/2021\/06\/Foto-1-333x200.jpg 333w, https:\/\/www.monempresarial.com\/wp-content\/uploads\/2021\/06\/Foto-1-300x181@2x.jpg 600w\" sizes=\"(max-width: 1074px) 100vw, 1074px\" \/><br \/>\nLa transformaci\u00f3 digital i l\u2019aposta per una economia circular marquen el cam\u00ed a seguir per transformar el teixit empresarial espanyol. Per\u00f2 els ponents es van esfor\u00e7ar en remarcar que de poc servir\u00e0 repartir els fons europeus entre el teixit empresarial del pa\u00eds i no es fa de forma estrat\u00e8gica. Pr\u00e0cticament per unanimitat, el debat va concloure que \u00e9s necessari que els fons europeus s\u2019utilitzin per generar \u201ccanvis estructurals\u201d en l\u2019economia del pa\u00eds. \u201cSi no aprofitem aquests recursos i els destinem a inversi\u00f3, haurem perdut un dels darrers trens per transformar l\u2019economia d\u2019Espanya\u201d, assegurava el president de PIMEC, Antoni Ca\u00f1ete, durant la seva intervenci\u00f3.<\/p>\n<p><img decoding=\"async\" loading=\"lazy\" class=\"alignright size-full wp-image-31361\" src=\"https:\/\/www.monempresarial.com\/wp-content\/uploads\/2021\/06\/Canete-1.jpg\" alt=\"\" width=\"850\" height=\"478\" srcset=\"https:\/\/www.monempresarial.com\/wp-content\/uploads\/2021\/06\/Canete-1.jpg 850w, https:\/\/www.monempresarial.com\/wp-content\/uploads\/2021\/06\/Canete-1-300x169.jpg 300w, https:\/\/www.monempresarial.com\/wp-content\/uploads\/2021\/06\/Canete-1-359x201.jpg 359w, https:\/\/www.monempresarial.com\/wp-content\/uploads\/2021\/06\/Canete-1-300x169@2x.jpg 600w\" sizes=\"(max-width: 850px) 100vw, 850px\" \/><\/p>\n<p>Ca\u00f1ete, que es congratulava que \u201cper primer cop\u201d hi hagu\u00e9s una intervenci\u00f3 de la representaci\u00f3 de les petites i mitjanes empreses en les jornades del Cercle d\u2019Economia, va catalogar els fons europeus com \u201cuna palanca de canvi\u201d de la qual \u201cencara sabem poc\u201d.<\/p>\n<blockquote>\n<h2><span style=\"color: #9d9c9c;\">\u201cSi no aprofitem aquests recursos i els destinem a inversi\u00f3, haurem perdut un dels darrers trens per transformar l\u2019economia d\u2019Espanya\u201d<\/span><\/h2>\n<\/blockquote>\n<p>L\u2019exconseller d\u2019economia de la Generalitat de Catalunya i president del BIST, Andreu Mas-Colell, coincidia amb la capacitat de l\u2019impuls que poden tenir els fons europeus. \u201cLa UE ha aprofitat magistralment la crisi de la Covid-19: resoldre el finan\u00e7ament dels European Green Deal, i resoldre el problema de finan\u00e7ament de Next Generation amb emissi\u00f3 de deute europeu\u201d, va assegurar l\u2019exconseller. Tanmateix, Mas-Colell advertia de la necessitat d\u2019invertir aquests fons amb criteri. \u201cEuropa no ens imposta que aquests fons serveixin per a transformar sectors clau com el de la salut\u201d, assegurava. I utilitzar-los per digitalitzar el teixit empresarial i virar cap a una economia circular pot ser la darrera gran oportunitat d\u2019Espanya per no quedar-se enrere a Europa.<\/p>\n<p><span style=\"color: #9d9c9c;\"><strong>Iniciar al m\u00e9s aviat possible una transici\u00f3 econ\u00f2mica que no deixi ning\u00fa enrere<\/strong><\/span><br \/>\nEls estralls de la pand\u00e8mia en les economies occidentals, juntament amb l\u2019aposta de la Uni\u00f3 Europea per invertir els recursos necessaris per transformar l\u2019economia dibuixen un escenari inequ\u00edvoc de transformaci\u00f3. Una transformaci\u00f3 que requerir\u00e0 d\u2019un proc\u00e9s que els ponents del Cercle d\u2019Economia coincidien en qu\u00e8 planteja oportunitats i riscos. \u201cLes transicions deixen molta gent enrere is no es realitzen d\u2019una manera adequada\u201d, va assegurar el president d\u2019Agbar, \u00c0ngel Sim\u00f3n. Una transici\u00f3 que haur\u00e0 de comptar, s\u00ed o s\u00ed, amb una transformaci\u00f3 energ\u00e8tica. \u201cAbans del 2050 hem d\u2019arribar a la neutralitat de carboni, i ho hem d\u2019aconseguir sense que perjudiqui els m\u00e9s desfavorits\u201d, va afegir.<\/p>\n<blockquote>\n<h2><span style=\"color: #9d9c9c;\">\u201cAbans del 2050 hem d\u2019arribar a la neutralitat de carboni, i ho hem d\u2019aconseguir sense que perjudiqui els m\u00e9s desfavorits\u201d<\/span><\/h2>\n<\/blockquote>\n<p>Transformar sectors productius estrat\u00e8gics, apostar per la digitalitzaci\u00f3 i l\u2019economia circular sense que el teixit empresarial m\u00e9s d\u00e8bil es quedi enrere. Es tracta d\u2019una ambici\u00f3 complexa, per\u00f2 imprescindible, que haur\u00e0 de comptar amb una col\u00b7laboraci\u00f3 estreta entre el teixit empresarial (tant el gran com el m\u00e9s petit), la societat i les administracions. Una ambici\u00f3 que, segons la CEO de Ciberseguretat &amp; Cloud de Telef\u00f3nica, Mar\u00eda Jes\u00fas Almazor, no nom\u00e9s precisa de recursos, sin\u00f3 tamb\u00e9 de plans estrat\u00e8gics.<br \/>\nI en el centre de l\u2019equaci\u00f3 per assolir la transformaci\u00f3 digital s\u2019hi troben les petites i mitjanes empreses del pa\u00eds. Ca\u00f1ete s\u2019esfor\u00e7ava en recordar que les pimes \u201cs\u00f3n el 99,8% de les empreses del nostre pa\u00eds\u201d. \u201cAportem el 70% de l\u2019ocupaci\u00f3 i m\u00e9s del 60% del PIB. Per tant, el motor de la nostra economia son les petites i mitjanes empreses\u201d, afegia el president de PIMEC. La digitalitzaci\u00f3 pot ser el motor de canvi per fer m\u00e9s eficients i competitives les pimes del pa\u00eds, per\u00f2 aconseguir-ho no ser\u00e0 f\u00e0cil. \u201cLa digitalitzaci\u00f3 de les pimes \u00e9s la clau del nostre pa\u00eds. Per\u00f2 aix\u00f2 no nom\u00e9s implica introduir la tecnologia a la pime, sin\u00f3 tamb\u00e9 que es compti amb assessorament digital i crear processos digitals m\u00e9s eficients\u201d, afegia Almazor.<\/p>\n<blockquote>\n<h2><span style=\"color: #9d9c9c;\">La transformaci\u00f3 digital podria aportar el 3% del PIB d\u2019Espanya en els propers quatre anys i faria incrementar un 20% la productivitat de les pimes<\/span><\/h2>\n<\/blockquote>\n<p>La transformaci\u00f3 digital podria aportar el 3% del PIB d\u2019Espanya en els propers quatre anys i faria incrementar un 20% la productivitat de les pimes, segons Almazor. D\u2019altra banda, l\u2019aposta per l\u2019economia circular, no nom\u00e9s \u00e9s una opci\u00f3, sin\u00f3 una obligaci\u00f3. De la capacitat de les administracions i el teixit empresarial de saber identificar on i de quina forma invertir els fons europeus marcar\u00e0 el futur de l\u2019economia del pa\u00eds. Ca\u00f1ete resumia el debat de forma clarivident. \u201cLa pime ha d\u2019agafar dimensi\u00f3. Volem que la petita empresa sigui mitjana, i la mitjana gran\u201d. La confian\u00e7a i la cooperaci\u00f3 entre actors pol\u00edtics i econ\u00f2mics ser\u00e0 clau per veure si Espanya aconsegueix, en ple segle XXI, europe\u00eftzar la seva economia.<\/p>\n","protected":false},"excerpt":{"rendered":"<p>La pon\u00e8ncia \u201cIniciatives clau per accelerar la transformaci\u00f3 de l\u2019economia espanyola\u201d organitzada pel Cercle d\u2019Economia fa una crida als actors pol\u00edtics i econ\u00f2mics a unir esfor\u00e7os i aplicar els canvis estructurals \u201cde calat\u201d que necessita l\u2019economia espanyola per no quedar-se enrere \u00a0 Text: \u00a0Adri\u00e0 Gratac\u00f3s Torras Despr\u00e9s del llum verd de la Comissi\u00f3 Europea al [&hellip;]<\/p>\n","protected":false},"author":1,"featured_media":31367,"comment_status":"closed","ping_status":"closed","sticky":false,"template":"","format":"standard","meta":{"_mi_skip_tracking":false,"mc4wp_mailchimp_campaign":[],"jnews-multi-image_gallery":[],"jnews_single_post":[],"jnews_primary_category":[]},"categories":[5694,10820,10821,10825,10],"tags":[613,5496,10164,10165,10166,113,143,170,180],"_links":{"self":[{"href":"https:\/\/www.monempresarial.com\/ca\/wp-json\/wp\/v2\/posts\/31369"}],"collection":[{"href":"https:\/\/www.monempresarial.com\/ca\/wp-json\/wp\/v2\/posts"}],"about":[{"href":"https:\/\/www.monempresarial.com\/ca\/wp-json\/wp\/v2\/types\/post"}],"author":[{"embeddable":true,"href":"https:\/\/www.monempresarial.com\/ca\/wp-json\/wp\/v2\/users\/1"}],"replies":[{"embeddable":true,"href":"https:\/\/www.monempresarial.com\/ca\/wp-json\/wp\/v2\/comments?post=31369"}],"version-history":[{"count":1,"href":"https:\/\/www.monempresarial.com\/ca\/wp-json\/wp\/v2\/posts\/31369\/revisions"}],"predecessor-version":[{"id":46103,"href":"https:\/\/www.monempresarial.com\/ca\/wp-json\/wp\/v2\/posts\/31369\/revisions\/46103"}],"wp:featuredmedia":[{"embeddable":true,"href":"https:\/\/www.monempresarial.com\/ca\/wp-json\/wp\/v2\/media\/31367"}],"wp:attachment":[{"href":"https:\/\/www.monempresarial.com\/ca\/wp-json\/wp\/v2\/media?parent=31369"}],"wp:term":[{"taxonomy":"category","embeddable":true,"href":"https:\/\/www.monempresarial.com\/ca\/wp-json\/wp\/v2\/categories?post=31369"},{"taxonomy":"post_tag","embeddable":true,"href":"https:\/\/www.monempresarial.com\/ca\/wp-json\/wp\/v2\/tags?post=31369"}],"curies":[{"name":"wp","href":"https:\/\/api.w.org\/{rel}","templated":true}]}}