{"id":31471,"date":"2021-07-14T09:20:27","date_gmt":"2021-07-14T07:20:27","guid":{"rendered":"https:\/\/www.monempresarial.com\/2021\/06\/22\/robert-kaplan-y-robin-cooper-una-promesa-que-no-se-cumplio\/"},"modified":"2025-06-06T10:02:48","modified_gmt":"2025-06-06T08:02:48","slug":"robert-kaplan-y-robin-cooper-una-promesa-que-no-se-cumplio","status":"publish","type":"post","link":"https:\/\/www.monempresarial.com\/ca\/2021\/07\/14\/robert-kaplan-y-robin-cooper-una-promesa-que-no-se-cumplio\/","title":{"rendered":"Per qu\u00e8 Milton Friedman es va equivocar?<\/span> El liberalisme econ\u00f2mic, q\u00fcestionat."},"content":{"rendered":"<p><strong><img decoding=\"async\" loading=\"lazy\" class=\"alignright wp-image-31460\" src=\"https:\/\/www.monempresarial.com\/wp-content\/uploads\/2021\/06\/WafaKhlifOK.jpg\" alt=\"\" width=\"245\" height=\"366\" srcset=\"https:\/\/www.monempresarial.com\/wp-content\/uploads\/2021\/06\/WafaKhlifOK.jpg 1186w, https:\/\/www.monempresarial.com\/wp-content\/uploads\/2021\/06\/WafaKhlifOK-201x300.jpg 201w, https:\/\/www.monempresarial.com\/wp-content\/uploads\/2021\/06\/WafaKhlifOK-685x1024.jpg 685w, https:\/\/www.monempresarial.com\/wp-content\/uploads\/2021\/06\/WafaKhlifOK-1028x1536.jpg 1028w, https:\/\/www.monempresarial.com\/wp-content\/uploads\/2021\/06\/WafaKhlifOK-201x300@2x.jpg 402w\" sizes=\"(max-width: 245px) 100vw, 245px\" \/>Des que el Nobel d\u2019Economia Milton Friedman va establir la seva doctrina que afirma que &#8220;la responsabilitat social de les empreses \u00e9s augmentar els beneficis&#8221;, l&#8217;accionista va prendre el control de l&#8217;economia mundial i va buscar els majors rendiments (per augmentar la riquesa general). Avui dia, per\u00f2, \u00e9s obvi que aquesta doctrina est\u00e0 danyant profundament les corporacions que continuen mantenint aquesta creen\u00e7a. Si analitzem els esc\u00e0ndols empresarials mundials, podem observar que la majoria estan relacionats amb errors en el judici corporatiu i, en \u00faltima inst\u00e0ncia, amb el sentit restrictiu de la finalitat corporativa imposada per Milton Friedman (i la seva escola) centrada en la maximitzaci\u00f3 del valor nom\u00e9s per a l\u2019accionista. Aquesta imprud\u00e8ncia ha privilegiat la recerca de les m\u00e9s estretes mesures financeres de rendiment per sobre dels fonaments, tamb\u00e9 pel que fa a la seguretat (per exemple, Boing, Volswaken, BP etc.) i els controls ambientals (Total, General Motors, Apple, etc.).<\/strong><\/p>\n<h4>Text: <span style=\"color: #cc8215;\">Wafa Khlif<\/span><\/h4>\n<p><strong>Wafa Khlif. Phd, professora de cost management a TBS Business School.<\/strong><\/p>\n<hr style=\"color: #b72126;\" \/>\n<p><span style=\"color: #cc8215;\"><strong>UN MODEL ENFOCAT CAP EL BENESTAR<\/strong><\/span><br \/>\nEn la cultura econ\u00f2mica, la icona que encarna una visi\u00f3 liberal de l&#8217;economia \u00e9s Milton Friedman. El liberalisme econ\u00f2mic es construeix en la (conservadora i de dretes) Escola de Chicago, que va influir en les pol\u00edtiques monet\u00e0ries dels Estats Units a partir del 1979, i que tamb\u00e9 va influir en les pol\u00edtiques econ\u00f2miques del Banc Mundial a partir de mitjans del 1980. El seu enfocament \u00e9s el benestar de cada individu.<br \/>\nL\u2019obra <em>Capitalismo y Libertad<\/em> (1962), de Milton Friedman, va ajudar a definir una visi\u00f3 estreta de la llibertat i de la democr\u00e0cia com a dependents dels individus, de les empreses i dels mercats.<\/p>\n<p><span style=\"color: #cc8215;\"><strong>UNA VISI\u00d3 POLITICA I ELITISTA DEL &#8220;MERCAT COM A DARRER \u00c0RBITRE<\/strong><\/span><br \/>\nDerivant del pensament de Friedman, l&#8217;economista Michael Cole Jensen, especialista en efici\u00e8ncies dels mercats financers, afirma que &#8220;el mercat de valors \u00e9s sempre, axiom\u00e0ticament, l&#8217;\u00faltim \u00e0rbitre del b\u00e9 social&#8221;. Aquesta &#8220;observaci\u00f3 cient\u00edfica&#8221; va emp\u00e8nyer l&#8217;economia nord-americana a portar a l&#8217;extrem el finan\u00e7ament de les corporacions.<br \/>\nL&#8217;inter\u00e8s immediat de cada capitalisme nacional canvia llavors per complet. Es pot considerar que les &#8220;elits&#8221; econ\u00f2miques mai no han perdut realment la partida en el joc pol\u00edtic, i no van tenir cap dificultat a llan\u00e7ar aquesta ideologia que fomenta l&#8217;enriquiment mundial, sense tenir en compte la bretxa de desigualtat que s\u2019esdev\u00e9 amb aquesta riquesa. Aix\u00ed, van pressionar els gerents (els CEO) que els donaven servei, mentre mantenien la companyia viva per extreure\u2019n el m\u00e0xim de rendiment. En donar als executius una gran participaci\u00f3 personal en el preu de les accions de l&#8217;empresa, els van induir a fer el que calgu\u00e9s per fer apujar (cr\u00e9ixer) aquest preu.<\/p>\n<p><span style=\"color: #cc8215;\"><strong>IMPLICACIONS REALS<\/strong><\/span><br \/>\nLes conseq\u00fc\u00e8ncies per a l&#8217;economia i la societat occidental d&#8217;aquest creixent comprom\u00eds dels mercats, de les empreses i dels executius amb l&#8217;inter\u00e8s propi il\u00b7limitat van ser, tamb\u00e9, l&#8217;augment de la desocupaci\u00f3, de la pobresa i de la desigualtat, que va comen\u00e7ar a desfigurar les, en altres temps, pr\u00f2speres comunitats industrials.<br \/>\n&#8220;El gener del 2019, les 465 companyies de l&#8217;\u00cdndex S&amp;P 500 que havien cotitzat p\u00fablicament entre els anys 2009 i 2018, havien gastat, durant aquesta d\u00e8cada, 4,3 bilions de d\u00f2lars en recompres, el que equival a un 52% dels ingressos nets, i 3,3 bilions de d\u00f2lars en dividends, un 39% addicional dels ingressos nets&#8221;, afirmen W. Lazonick, M.E. Sakinc i M. Hopkins, economistes de l&#8217;Academic-Industry Research Network. I Europa est\u00e0 seguint aquest&#8221; model\u201d.<\/p>\n<blockquote>\n<h2><span style=\"color: #cc8215;\"><img decoding=\"async\" loading=\"lazy\" class=\"alignright wp-image-31452\" src=\"https:\/\/www.monempresarial.com\/wp-content\/uploads\/2021\/06\/ICONO-1-4.jpg\" alt=\"\" width=\"197\" height=\"221\" srcset=\"https:\/\/www.monempresarial.com\/wp-content\/uploads\/2021\/06\/ICONO-1-4.jpg 430w, https:\/\/www.monempresarial.com\/wp-content\/uploads\/2021\/06\/ICONO-1-4-268x300.jpg 268w\" sizes=\"(max-width: 197px) 100vw, 197px\" \/>En donar als executius una gran participaci\u00f3 personal en el preu de les accions de l&#8217;empresa, els van induir a fer el que calgu\u00e9s per fer apujar (cr\u00e9ixer) aquest preu<\/span><\/h2>\n<\/blockquote>\n<p><span style=\"color: #cc8215;\"><strong>LA PARADOXA DEL BENESTAR <\/strong><\/span><br \/>\nNo obstant aix\u00f2, aquesta fam\u00edlia de pensament va aconseguir establir-se a finals de segle com un veritable sentit com\u00fa. Per\u00f2 l&#8217;estiu del 2008, &#8220;tot l&#8217;edifici intel\u00b7lectual es va ensorrar&#8221;, va dir Alan Greenspan, expresident de la Reserva Federal dels EUA, durant les audi\u00e8ncies parlament\u00e0ries que van seguir el coma financer mundial.<br \/>\nAra, com que cada dia sembla que assistim a un nou esc\u00e0ndol comercial, podem veure el fatal efecte de la teoria: un sistema que recompensa generosament els executius per l&#8217;\u00e8xit, els tempta, at\u00e8s que controlen molta de la informaci\u00f3 disponible per als interessats externs, a fabricar-ne l&#8217;aparen\u00e7a. Comptabilitat agressiva, transaccions fict\u00edcies que inflen les vendes, costi el que costi. Qui es beneficia realment del benestar?<\/p>\n<p><span style=\"color: #cc8215;\"><strong>CONCLUSI\u00d3. LA RECERCA DEL BENESTAR O LA RECERCA DEL PODER<\/strong><\/span><br \/>\n&#8220;Obeeixi la llei i faci el que sigui que maximitzi els beneficis o produeixi el major valor per als accionistes&#8221; \u00e9s la resposta est\u00e0ndard que va donar Friedman per elevar la riquesa global i el benestar. Aquesta l\u00f2gica i les institucions que la reforcen (mercats competitius i estat de dret) han transformat el m\u00f3n i han sumit en la pobresa a milers de milions de persones.<br \/>\nMalgrat aix\u00f2, la pregunta mereix una altra perspectiva: per qu\u00e8 l&#8217;accionista ha de tenir la prioritat sobre la resta dels actors empresarials?<br \/>\nLa reflexi\u00f3 ens convida a reconsiderar el treball com a base empresarial, sent el capital i l&#8217;empresa els actors econ\u00f2mics, per\u00f2 que es mouen en un \u00e0mbit natural i social. Les finances sostenibles s\u00f3n les que presenten una soluci\u00f3 real.<\/p>\n<p><img decoding=\"async\" loading=\"lazy\" class=\"aligncenter wp-image-31474\" src=\"https:\/\/www.monempresarial.com\/wp-content\/uploads\/2021\/06\/CUADROCAT.jpg\" alt=\"\" width=\"355\" height=\"360\" srcset=\"https:\/\/www.monempresarial.com\/wp-content\/uploads\/2021\/06\/CUADROCAT.jpg 612w, https:\/\/www.monempresarial.com\/wp-content\/uploads\/2021\/06\/CUADROCAT-295x300.jpg 295w, https:\/\/www.monempresarial.com\/wp-content\/uploads\/2021\/06\/CUADROCAT-295x300@2x.jpg 590w\" sizes=\"(max-width: 355px) 100vw, 355px\" \/><\/p>\n<p><img decoding=\"async\" loading=\"lazy\" class=\"aligncenter wp-image-21563\" src=\"https:\/\/www.monempresarial.com\/wp-content\/uploads\/2019\/09\/contrapunto-cat.jpg\" alt=\"\" width=\"621\" height=\"156\" srcset=\"https:\/\/www.monempresarial.com\/wp-content\/uploads\/2019\/09\/contrapunto-cat.jpg 751w, https:\/\/www.monempresarial.com\/wp-content\/uploads\/2019\/09\/contrapunto-cat-300x75.jpg 300w, https:\/\/www.monempresarial.com\/wp-content\/uploads\/2019\/09\/contrapunto-cat-300x75@2x.jpg 600w\" sizes=\"(max-width: 621px) 100vw, 621px\" \/><\/p>\n<h1><span style=\"color: #cc8215;\"><strong><img decoding=\"async\" loading=\"lazy\" class=\"alignleft wp-image-31454\" src=\"https:\/\/www.monempresarial.com\/wp-content\/uploads\/2021\/06\/angels-roqueta-NUEVA.jpg\" alt=\"\" width=\"222\" height=\"333\" srcset=\"https:\/\/www.monempresarial.com\/wp-content\/uploads\/2021\/06\/angels-roqueta-NUEVA.jpg 283w, https:\/\/www.monempresarial.com\/wp-content\/uploads\/2021\/06\/angels-roqueta-NUEVA-200x300.jpg 200w\" sizes=\"(max-width: 222px) 100vw, 222px\" \/><\/strong><\/span><\/h1>\n<h1><span style=\"color: #cc8215;\"><strong>El benefici empresarial com a requisit per a la superviv\u00e8ncia de l\u2019empresa<\/strong><\/span><\/h1>\n<h4>Text: <span style=\"color: #cc8215;\">\u00c0ngels Roqueta. <\/span><\/h4>\n<p><strong>PhD, s\u00f2cia de COMPAS PROFESSIONAL EXPERTISE SL.<\/strong><\/p>\n<p>Si analitzem les empreses que han liquidat, tancat o s&#8217;han vist immerses en una situaci\u00f3 de concurs de creditors, a gaireb\u00e9 la majoria de casos, la seva traject\u00f2ria ve marcada per: p\u00e8rdues continuades, augment de l&#8217;endeutament, manca de confian\u00e7a dels creditors i dels prove\u00efdors, manca de confian\u00e7a dels seus inversors i, segurament, del mercat.<br \/>\nNom\u00e9s determinades empreses de car\u00e0cter p\u00fablic o de sectors considerats estrat\u00e8gics poden sobreviure mantenint p\u00e8rdues continuades. Alguna d&#8217;elles, en la seva informaci\u00f3 anual, en comptes de &#8220;p\u00e8rdues&#8221; utilitzen l&#8217;eufemisme de &#8220;resultats pendents de subvenci\u00f3&#8221;, i esperen que les administracions (\u00e9s a dir, el contribuent) aportin els recursos econ\u00f2mics per mantenir-se a la superf\u00edcie. En elles, els decisors pol\u00edtics entenen que han d&#8217;aportar recursos p\u00fablics per la seva funci\u00f3 social: manteniment de llocs de treball o de posici\u00f3 estrat\u00e8gica o de producte en el mercat.<br \/>\nEn aquests casos, la pregunta seria: \u00e9s \u00e8tic que s&#8217;aportin recursos p\u00fablics i, per tant, de tots els ciutadans, per al manteniment d&#8217;un servei o per a la fabricaci\u00f3 d&#8217;uns productes pels quals el mercat no accepta de pagar el preu just? Quina implicaci\u00f3, quina responsabilitat i quins incentius han de tenir els directius d&#8217;aquestes companyies perqu\u00e8 s&#8217;enfoquin o s&#8217;esforcin a millorar o a canviar aquesta situaci\u00f3?<\/p>\n<p><span style=\"color: #cc8215;\"><strong>LA GESTI\u00d3 DE COMPANYIES AMB ALTES EXPECTATIVES DE BENEFICIS<\/strong><\/span><br \/>\n<img decoding=\"async\" loading=\"lazy\" class=\"alignright wp-image-31456\" src=\"https:\/\/www.monempresarial.com\/wp-content\/uploads\/2021\/06\/ICONO-2-1.jpg\" alt=\"\" width=\"279\" height=\"216\" srcset=\"https:\/\/www.monempresarial.com\/wp-content\/uploads\/2021\/06\/ICONO-2-1.jpg 890w, https:\/\/www.monempresarial.com\/wp-content\/uploads\/2021\/06\/ICONO-2-1-300x232.jpg 300w, https:\/\/www.monempresarial.com\/wp-content\/uploads\/2021\/06\/ICONO-2-1-300x232@2x.jpg 600w\" sizes=\"(max-width: 279px) 100vw, 279px\" \/>En el pol oposat, hi podem trobar empreses amb un benefici o amb unes expectatives de benefici per sobre del nivell de mercat. En aquests casos, la tend\u00e8ncia dels gestors de fons o dels inversors \u00e9s de voler participar-hi, i, per aix\u00f2, es fomenten mecanismes que inciten i fomenten la seva entrada com a accionistes.<br \/>\nAquests fons i els seus directius, que busquen la maximitzaci\u00f3 del valor per als seus inversors, voldran entrar dins de la companyia amb plantejaments financers a curt termini. La seva visi\u00f3 \u00e9s entrar a la companyia, potenciar totes les accions que facin accelerar-ne el creixement (financer) i procedir a la desinversi\u00f3\/venda en el termini de temps m\u00e9s curt possible. I per aix\u00f2, els instruments jur\u00eddics del &#8220;tag along&#8221; i &#8220;drag along&#8221; formen part del dia a dia d&#8217;aquestes companyies. Aquesta visi\u00f3 a curt termini perjudica la superviv\u00e8ncia de l&#8217;empresa i, per tant, dels seus empleats i dels beneficis socials que aporta via impostos.<\/p>\n<p><span style=\"color: #cc8215;\"><strong>CONCLUSI\u00d3<\/strong><\/span><br \/>\nLa recerca directa del benefici particular del directiu o del gerent d&#8217;una empresa, com m\u00e9s allunyat de l&#8217;entorn (laboral, social, ciutad\u00e0) estigui, m\u00e9s allunyat estar\u00e0 del b\u00e9 com\u00fa que aporten les empreses a la societat.<\/p>\n<p>&nbsp;<\/p>\n","protected":false},"excerpt":{"rendered":"<p>Des que el Nobel d\u2019Economia Milton Friedman va establir la seva doctrina que afirma que &#8220;la responsabilitat social de les empreses \u00e9s augmentar els beneficis&#8221;, l&#8217;accionista va prendre el control de l&#8217;economia mundial i va buscar els majors rendiments (per augmentar la riquesa general). Avui dia, per\u00f2, \u00e9s obvi que aquesta doctrina est\u00e0 danyant profundament les corporacions que continuen mantenint aquesta creen\u00e7a. Si analitzem els esc\u00e0ndols empresarials mundials, podem observar que la majoria estan relacionats amb errors en el judici corporatiu i, en \u00faltima inst\u00e0ncia, amb el sentit restrictiu de la finalitat corporativa imposada per Milton Friedman (i la seva escola) centrada en la maximitzaci\u00f3 del valor nom\u00e9s per a  l\u2019accionista. Aquesta imprud\u00e8ncia ha privilegiat la recerca de les m\u00e9s estretes mesures financeres de rendiment per sobre dels fonaments, tamb\u00e9 pel que fa a la seguretat (per exemple, Boing, Volswaken, BP etc.) i els controls ambientals (Total, General Motors, Apple, etc.).<\/p>\n","protected":false},"author":1,"featured_media":31467,"comment_status":"closed","ping_status":"closed","sticky":false,"template":"","format":"standard","meta":{"_mi_skip_tracking":false,"mc4wp_mailchimp_campaign":[],"jnews-multi-image_gallery":[],"jnews_single_post":[],"jnews_primary_category":[]},"categories":[10820,10821,10822,11,5057],"tags":[180,1940,10178,10179,113],"_links":{"self":[{"href":"https:\/\/www.monempresarial.com\/ca\/wp-json\/wp\/v2\/posts\/31471"}],"collection":[{"href":"https:\/\/www.monempresarial.com\/ca\/wp-json\/wp\/v2\/posts"}],"about":[{"href":"https:\/\/www.monempresarial.com\/ca\/wp-json\/wp\/v2\/types\/post"}],"author":[{"embeddable":true,"href":"https:\/\/www.monempresarial.com\/ca\/wp-json\/wp\/v2\/users\/1"}],"replies":[{"embeddable":true,"href":"https:\/\/www.monempresarial.com\/ca\/wp-json\/wp\/v2\/comments?post=31471"}],"version-history":[{"count":1,"href":"https:\/\/www.monempresarial.com\/ca\/wp-json\/wp\/v2\/posts\/31471\/revisions"}],"predecessor-version":[{"id":46100,"href":"https:\/\/www.monempresarial.com\/ca\/wp-json\/wp\/v2\/posts\/31471\/revisions\/46100"}],"wp:featuredmedia":[{"embeddable":true,"href":"https:\/\/www.monempresarial.com\/ca\/wp-json\/wp\/v2\/media\/31467"}],"wp:attachment":[{"href":"https:\/\/www.monempresarial.com\/ca\/wp-json\/wp\/v2\/media?parent=31471"}],"wp:term":[{"taxonomy":"category","embeddable":true,"href":"https:\/\/www.monempresarial.com\/ca\/wp-json\/wp\/v2\/categories?post=31471"},{"taxonomy":"post_tag","embeddable":true,"href":"https:\/\/www.monempresarial.com\/ca\/wp-json\/wp\/v2\/tags?post=31471"}],"curies":[{"name":"wp","href":"https:\/\/api.w.org\/{rel}","templated":true}]}}