{"id":31758,"date":"2021-07-30T07:14:24","date_gmt":"2021-07-30T05:14:24","guid":{"rendered":"https:\/\/www.monempresarial.com\/2021\/07\/27\/proposito-profesional-nace-o-se-hace\/"},"modified":"2025-09-24T11:01:40","modified_gmt":"2025-09-24T09:01:40","slug":"el-proposit-professional-neix-o-es-fa","status":"publish","type":"post","link":"https:\/\/www.monempresarial.com\/ca\/2021\/07\/30\/el-proposit-professional-neix-o-es-fa\/","title":{"rendered":"El prop\u00f2sit professional: neix o es fa?"},"content":{"rendered":"<h4 style=\"color: #602d11;\"><strong><img decoding=\"async\" loading=\"lazy\" class=\"alignright wp-image-31749\" src=\"https:\/\/www.monempresarial.com\/wp-content\/uploads\/2021\/07\/074.jpg\" alt=\"\" width=\"198\" height=\"301\" srcset=\"https:\/\/www.monempresarial.com\/wp-content\/uploads\/2021\/07\/074.jpg 1118w, https:\/\/www.monempresarial.com\/wp-content\/uploads\/2021\/07\/074-198x300.jpg 198w, https:\/\/www.monempresarial.com\/wp-content\/uploads\/2021\/07\/074-674x1024.jpg 674w, https:\/\/www.monempresarial.com\/wp-content\/uploads\/2021\/07\/074-1011x1536.jpg 1011w, https:\/\/www.monempresarial.com\/wp-content\/uploads\/2021\/07\/074-198x300@2x.jpg 396w\" sizes=\"(max-width: 198px) 100vw, 198px\" \/>El teu prop\u00f2sit professional \u00e9s el teu &#8220;per qu\u00e8 fas les coses?&#8221;. \u00c9s all\u00f2 que dona sentit a la teva feina i est\u00e0 relacionat amb un comprom\u00eds intern per intentar ser la teva millor versi\u00f3.<\/strong><\/h4>\n<h4><span style=\"color: #663300; font-weight: bold; text-transform: uppercase;\"><strong>Bel\u00e9n Ma<span style=\"color: #663300;\">rt\u00edn Sanz<\/span>. <\/strong><\/span><strong>Directora territorial de Castella i Lle\u00f3 a CaixaBank <\/strong><\/h4>\n<hr style=\"color: #b72126;\" \/>\n<p>Crec que s\u00f3n poques les persones que tenen una vocaci\u00f3 certa o molt clara. Per a la majoria, s\u00f3n els camins personals i professionals els que van donant forma al nostre &#8220;prop\u00f2sit professional&#8221;. Perqu\u00e8 ni les metes ni les aspiracions s\u00f3n les mateixes quan comences a treballar com a becari, quan portes deu anys treballant o quan ja tens una extensa vida professional. Cada fase t\u00e9 els seus aprenentatges, les seves experi\u00e8ncies i els seus objectius concrets, i en aquest cam\u00ed, en el qual se succeeixen diferents d&#8217;elles en qu\u00e8 els objectius i criteris canvien, hi ha dos aspectes que s\u00f3n molt importants: <span style=\"color: #663300;\"><strong>con\u00e8ixer molt b\u00e9 les teves habilitats i capacitats i planificar el teu proper moviment laboral en l\u00ednia amb el teu prop\u00f2sit o metes a aconseguir<\/strong>.<\/span><\/p>\n<p>Diverses variables et facilitaran con\u00e8ixer en quina fase et trobes i t&#8217;ajudaran a fer els seg\u00fcents passos:<\/p>\n<p>1.- <span style=\"color: #663300;\"><strong>Formaci\u00f3 cont\u00ednua.<\/strong><\/span> No deixis mai de formar-te en les habilitats que t&#8217;agradin, que et permetin seguir millorant, que t\u2019obrin a coneixements i oportunitats i que, en definitiva, aniran modelant el teu prop\u00f2sit i t&#8217;ajudaran a poder anar avan\u00e7ant en el que vols.<\/p>\n<p>2.-<em><strong><span style=\"color: #663300;\"> Networking.<\/span><\/strong><\/em> Dins i fora del teu sector, crea la teva xarxa de contactes per compartir pr\u00e0ctiques, idees i coneixements que t&#8217;ajudaran a seguir creixent com a professional.<\/p>\n<p>3.- <span style=\"color: #663300;\"><strong>Utilitza l\u2019ajuda de mentors<\/strong><\/span>, persones de qui aprens i que et poden orientar en diferents moments. Poden ser caps, col\u00b7legues, amics o referents professionals. No tinguis por de preguntar per la seva visi\u00f3 i compartir amb ells les teves inquietuds.<\/p>\n<p>4.- En cada cicle o fase<span style=\"color: #663300;\"><strong> \u201cenfoca els teus objectius\u201d<\/strong><\/span> i reflexiona sobre on ets i cap a on vols anar.<\/p>\n<blockquote>\n<h2><span style=\"color: #602d11;\"><img decoding=\"async\" loading=\"lazy\" class=\"alignright wp-image-31751\" src=\"https:\/\/www.monempresarial.com\/wp-content\/uploads\/2021\/07\/Sin-titulo-1-3.jpg\" alt=\"\" width=\"117\" height=\"184\" \/>Els nostres viatges professionals poden portar incorporats alguns filtres, tombs i retrocessos, per\u00f2 l&#8217;important \u00e9s anar cada vegada m\u00e9s orientat al teu sentit com a persona i com a professional.<br \/>\n<\/span><\/h2>\n<\/blockquote>\n<p>&nbsp;<\/p>\n<p style=\"text-align: right;\"><em>Bel\u00e9n Mart\u00edn Sanz \u00e9s coautora de Lo que aprendimos durante el confinamiento.<\/em><\/p>\n","protected":false},"excerpt":{"rendered":"<p>El teu prop\u00f2sit professional \u00e9s el teu &#8220;per qu\u00e8 fas les coses?&#8221;. \u00c9s all\u00f2 que dona sentit a la teva feina i est\u00e0 relacionat amb un comprom\u00eds intern per intentar ser la teva millor versi\u00f3.<\/p>\n","protected":false},"author":1,"featured_media":31755,"comment_status":"closed","ping_status":"closed","sticky":false,"template":"","format":"standard","meta":{"_mi_skip_tracking":false,"mc4wp_mailchimp_campaign":[],"jnews-multi-image_gallery":[],"jnews_single_post":[],"jnews_primary_category":[]},"categories":[11,10817,37,10837,4718,45],"tags":[242,399,934,1222,1960,1969,2748],"_links":{"self":[{"href":"https:\/\/www.monempresarial.com\/ca\/wp-json\/wp\/v2\/posts\/31758"}],"collection":[{"href":"https:\/\/www.monempresarial.com\/ca\/wp-json\/wp\/v2\/posts"}],"about":[{"href":"https:\/\/www.monempresarial.com\/ca\/wp-json\/wp\/v2\/types\/post"}],"author":[{"embeddable":true,"href":"https:\/\/www.monempresarial.com\/ca\/wp-json\/wp\/v2\/users\/1"}],"replies":[{"embeddable":true,"href":"https:\/\/www.monempresarial.com\/ca\/wp-json\/wp\/v2\/comments?post=31758"}],"version-history":[{"count":1,"href":"https:\/\/www.monempresarial.com\/ca\/wp-json\/wp\/v2\/posts\/31758\/revisions"}],"predecessor-version":[{"id":47598,"href":"https:\/\/www.monempresarial.com\/ca\/wp-json\/wp\/v2\/posts\/31758\/revisions\/47598"}],"wp:featuredmedia":[{"embeddable":true,"href":"https:\/\/www.monempresarial.com\/ca\/wp-json\/wp\/v2\/media\/31755"}],"wp:attachment":[{"href":"https:\/\/www.monempresarial.com\/ca\/wp-json\/wp\/v2\/media?parent=31758"}],"wp:term":[{"taxonomy":"category","embeddable":true,"href":"https:\/\/www.monempresarial.com\/ca\/wp-json\/wp\/v2\/categories?post=31758"},{"taxonomy":"post_tag","embeddable":true,"href":"https:\/\/www.monempresarial.com\/ca\/wp-json\/wp\/v2\/tags?post=31758"}],"curies":[{"name":"wp","href":"https:\/\/api.w.org\/{rel}","templated":true}]}}