{"id":3181,"date":"2015-03-02T08:00:08","date_gmt":"2015-03-02T07:00:08","guid":{"rendered":"http:\/\/monempresarial.com\/?p=3181"},"modified":"2025-09-16T11:48:59","modified_gmt":"2025-09-16T09:48:59","slug":"entrevista-antoni-castella-secretari-universitats-i-recerca","status":"publish","type":"post","link":"https:\/\/www.monempresarial.com\/ca\/2015\/03\/02\/entrevista-antoni-castella-secretari-universitats-i-recerca\/","title":{"rendered":"Entrevista a Antoni Castell\u00e0,<\/span> secretari d\u2019Universitats i Recerca"},"content":{"rendered":"<h4 style=\"color: #000000;\">Quin \u00e9s l\u2019impacte real dels programes de formaci\u00f3 en l\u2019\u00e0mbit del <i>management<\/i> que s\u2019imparteixen a Catalunya en el nostre mercat laboral? Hi ha risc de saturaci\u00f3? Quins s\u00f3n els seus reptes de futur? En parlem amb Antoni Castell\u00e0, secretari d\u2019Universitats i Recerca.<\/h4>\n<p>Text: <a style=\"color: #006633;\" href=\"http:\/\/monempresarial.com\/author\/acortes\/\">Ariadna Cort\u00e9s<\/a><\/p>\n<blockquote>\n<h2 style=\"color: #006633;\">&#8220;Els MBA s\u00f3n la formaci\u00f3 de postgrau m\u00e9s transversal i vers\u00e0til&#8221;<\/h2>\n<\/blockquote>\n<p><img decoding=\"async\" loading=\"lazy\" src=\"http:\/\/monempresarial.com\/wp-content\/uploads\/2015\/02\/monempresarial-001_Antoni-castella.png\" alt=\"Antoni Castell\u00e0, Secretari d&#039;Universitatas i Recerca\" width=\"359\" height=\"464\" class=\"alignleft size-full wp-image-3176\" srcset=\"https:\/\/www.monempresarial.com\/wp-content\/uploads\/2015\/02\/monempresarial-001_Antoni-castella.png 359w, https:\/\/www.monempresarial.com\/wp-content\/uploads\/2015\/02\/monempresarial-001_Antoni-castella-232x300.png 232w\" sizes=\"(max-width: 359px) 100vw, 359px\" \/><span style=\"font-weight: bold;\">Hi ha hagut un increment de l\u2019inter\u00e8s pels m\u00e0sters i postgraus des de la implantaci\u00f3 del Pla Bolonya? En cas que s\u00ed, la crisi hi ha tingut a veure?<\/span><br \/>\nS\u00ed, i especialment des de l&#8217;any passat, quan va acabar la primera promoci\u00f3 de graus. Quant a la q\u00fcesti\u00f3 de la crisi, encara hem d&#8217;analitzar les dades amb m\u00e9s profunditat per veure si hi ha una relaci\u00f3 directa. El que segur que \u00e9s conseq\u00fc\u00e8ncia de la crisi, per\u00f2, \u00e9s el fet que els estudiants siguin cada vegada m\u00e9s exigents a l&#8217;hora de triar un m\u00e0ster. Filen molt prim en termes de qualitat, i tamb\u00e9 valoren els programes en termes d&#8217;ocupabilitat. Fins i tot es produeix un efecte que podria semblar contradictori: en una situaci\u00f3 de crisi hauria de baixar la demanda de m\u00e0sters privats, per\u00f2 en canvi est\u00e0 augmentant. Aix\u00f2 es produeix perqu\u00e8 el factor qualitat pesa molt en la decisi\u00f3.<\/p>\n<p>&nbsp;<br \/>\n<span style=\"font-weight: bold;\">Com influeix cursar un MBA en les perspectives laborals?<\/span><br \/>\nHaver cursat un MBA \u00e9s un gran actiu, especialment haver-ho fet en un entorn com Barcelona. Aqu\u00ed hi ha una gran concentraci\u00f3 d&#8217;escoles de negoci d&#8217;alt nivell amb un molt bon posicionament en els r\u00e0nquings internacionals. Cursar un MBA afavoreix l&#8217;ocupabilitat: hi ha estudis que confirmen que com m\u00e9s alt \u00e9s el nivell d&#8217;estudis, m\u00e9s baixa \u00e9s la taxa d&#8217;atur. <\/p>\n<p><span style=\"font-weight: bold;\">Qu\u00e8 fa destacar un programa d\u2019MBA respecte dels altres programes de postgrau?<\/span><br \/>\nLa principal difer\u00e8ncia \u00e9s que un MBA \u00e9s de l&#8217;\u00e0mbit del <i>management<\/i> i de m\u00e0sters n&#8217;hi ha en tots els \u00e0mbits. Aix\u00f2 s\u00ed, els estudiants que opten pels MBA provenen de tots els \u00e0mbits de coneixement, no nom\u00e9s de l&#8217;econ\u00f2mic. De fet, jo diria que els MBA s\u00f3n la formaci\u00f3 de postgrau m\u00e9s transversal i vers\u00e0til. Els MBA proporcionen eines directives a qualsevol professional, independentment del camp de coneixement d\u2019on provingui. <\/p>\n<p><span style=\"font-weight: bold;\">Fins a quin punt els r\u00e0nquings internacionals de centres i programes influeixen a l\u2019hora de valorar els MBA?<\/span><br \/>\nAnalitzar els programes nom\u00e9s en base als r\u00e0nquings \u00e9s discutible, jo s\u00f3c de l&#8217;opini\u00f3 que hem de mirar el dibuix global. De totes maneres, quan les escoles de negoci apareixen en bones posicions en la majoria o en tots els r\u00e0nquings internacionals, s\u00ed que s&#8217;ha de tenir en compte com a indicador de qualitat. I aquest \u00e9s el cas de les escoles de negoci i de les facultats d&#8217;economia de les universitats catalanes.  <\/p>\n<p><img decoding=\"async\" loading=\"lazy\" src=\"http:\/\/monempresarial.com\/wp-content\/uploads\/2015\/02\/monempresarial-001_estudiants-cat.png\" alt=\"Estudiants internacionals a Catalunya\" width=\"251\" height=\"380\" class=\"alignright size-full wp-image-3178\" srcset=\"https:\/\/www.monempresarial.com\/wp-content\/uploads\/2015\/02\/monempresarial-001_estudiants-cat.png 359w, https:\/\/www.monempresarial.com\/wp-content\/uploads\/2015\/02\/monempresarial-001_estudiants-cat-198x300.png 198w\" sizes=\"(max-width: 251px) 100vw, 251px\" \/><span style=\"font-weight: bold;\">L\u2019any passat, ESADE-URL presentava un estudi que afirmava que Barcelona era la 5a ciutat del m\u00f3n i la 2a d\u2019Europa a atraure talent internacional per cursar un MBA. Qu\u00e8 atrau de l&#8217;oferta de la ciutat als estudiants estrangers?<\/span><br \/>\nEl principal atractiu \u00e9s la qualitat de l&#8217;oferta. A banda d&#8217;aix\u00f2, el grau d&#8217;internacionalitzaci\u00f3 d&#8217;aquests estudis tamb\u00e9 hi influeix, i \u00e9s que per als estudiants \u00e9s molt important saber que en el seu programa hi haur\u00e0 alumnes de diferents pa\u00efsos. A Catalunya nom\u00e9s el 4% d&#8217;estudiants de grau s\u00f3n internacionals, per\u00f2 en canvi representen el 30% dels alumnes de m\u00e0ster. Com a tercer factor d&#8217;atracci\u00f3, cal destacar que Barcelona \u00e9s un dels <i>hubs<\/i> m\u00e9s importants del sud d&#8217;Europa quant a generaci\u00f3 de coneixement.<\/p>\n<p><span style=\"font-weight: bold;\">Des de fa uns anys les universitats p\u00fabliques tamb\u00e9 tenen oferta de programes de MBA. Existeix el risc que se saturi el mercat? <\/span><br \/>\nEn absolut, precisament pel grau d&#8217;internacionalitzaci\u00f3. Si la nostra oferta estigu\u00e9s orientada nom\u00e9s al mercat dom\u00e8stic, s\u00ed que hi hauria aquest risc, per\u00f2 el mercat no \u00e9s Catalunya, sin\u00f3 el m\u00f3n. De fet, jo crec que \u00e9s m\u00e9s aviat a l&#8217;inrev\u00e9s; probablement en el futur veurem un creixement de l&#8217;oferta que anir\u00e0 lligat a la capacitat de captaci\u00f3 d&#8217;estudiants estrangers. <\/p>\n<blockquote>\n<h2 style=\"color: #006633;\">&#8220;Hi hauria d&#8217;haver m\u00e9s incentius fiscals per a les inversions que fan les empreses, tant en I+D com en formaci\u00f3.&#8221;<\/h2>\n<\/blockquote>\n<p><span style=\"font-weight: bold;\">L\u2019alt preu dels MBA pot representar un fre perqu\u00e8 les <em>pimes<\/em> proporcionin aquesta mena de formaci\u00f3 als seus treballadors. Hi hauria d\u2019haver m\u00e9s ajudes? <\/span><br \/>\nPer a una empresa \u00e9s una inversi\u00f3, no una despesa i, per tant, han de decidir si val la pena fer-la o no. \u00c9s cert que ara hi ha poques companyies que facilitin l&#8217;acc\u00e9s a formaci\u00f3 als seus treballadors, per\u00f2 \u00e9s una q\u00fcesti\u00f3 conjuntural per culpa de la crisi. Fa uns anys hav\u00edem entrat en una bona din\u00e0mica. El capital hum\u00e0 \u00e9s l&#8217;actiu m\u00e9s important que t\u00e9 una empresa, i invertir-hi \u00e9s una decisi\u00f3 estrat\u00e8gica. No crec que hi hagi d&#8217;haver beques per a les empreses, per\u00f2 s\u00ed que hi hauria d&#8217;haver m\u00e9s incentius fiscals per a les inversions, tant en I+D com en formaci\u00f3. Per\u00f2 a Catalunya no tenim les compet\u00e8ncies per fer-ho, aix\u00f2 \u00e9s una q\u00fcesti\u00f3 del govern central. Quant als particulars, a Catalunya fa tres anys vam establir un sistema perqu\u00e8 els preus dels graus s&#8217;adaptessin al nivell de renda de l&#8217;estudiant, i segurament haur\u00edem d&#8217;aplicar un sistema similar en el cas dels m\u00e0sters.<\/p>\n\n<table id=\"tablepress-24\" class=\"tablepress tablepress-id-24\">\n<thead>\n<tr class=\"row-1 odd\">\n\t<th colspan=\"3\" class=\"column-1\">El repte d'innovar constantment<\/th>\n<\/tr>\n<\/thead>\n<tbody class=\"row-hover\">\n<tr class=\"row-2 even\">\n\t<td class=\"column-1\"><span style=\"color: #000000; font-weight: bold; text-transform:uppercase;\">Malgrat que l'oferta formativa en l'\u00e0mbit del <i>management<\/i>  <\/span><br \/>\nt\u00e9 un molt bon nivell, el secretari  d\u2019Universitats i Recerca recorda que \u201ctot \u00e9s millorable\u201d. I \u00e9s que quan s\u2019est\u00e0 a dalt de tot, en el fons, el m\u00e9s dif\u00edcil \u00e9s mantenir-se.<\/td><td class=\"column-2\">Per aix\u00f2 els reptes d\u2019aquests programes de formaci\u00f3 consisteixen a repensar-se i innovar cont\u00ednuament. Per a fer-ho, explica Castell\u00e0, \u201cles escoles de negoci combinen en el seu professorat a directius en actiu, que fan la funci\u00f3 de connectar amb la realitat, i professors <\/td><td class=\"column-3\">molt qualificats que tenen una elevada producci\u00f3 cient\u00edfica\u201d. Una combinaci\u00f3 que, segons l\u2019expert, fa que els centres del nostre pa\u00eds ocupin molt bones posicions en els r\u00e0nquings internacionals. \u201cEstem en la bona l\u00ednia\u201d, conclou, \u201csimplement ha de refor\u00e7ar-se.\u201d  <\/td>\n<\/tr>\n<\/tbody>\n<\/table>\n<!-- #tablepress-24 from cache -->\n","protected":false},"excerpt":{"rendered":"<p>Quin \u00e9s l\u2019impacte real dels programes de formaci\u00f3 en l\u2019\u00e0mbit del management que s\u2019imparteixen a Catalunya en el nostre mercat laboral? Hi ha risc de saturaci\u00f3? Quins s\u00f3n els seus reptes de futur? En parlem amb Antoni Castell\u00e0, secretari d\u2019Universitats i Recerca. Text: Ariadna Cort\u00e9s &#8220;Els MBA s\u00f3n la formaci\u00f3 de postgrau m\u00e9s transversal i [&hellip;]<\/p>\n","protected":false},"author":1,"featured_media":3260,"comment_status":"open","ping_status":"open","sticky":false,"template":"","format":"standard","meta":{"_mi_skip_tracking":false,"mc4wp_mailchimp_campaign":[],"jnews-multi-image_gallery":[],"jnews_single_post":[],"jnews_primary_category":[]},"categories":[10820,10821,10822,10830,33,10,10817,30],"tags":[112,181,238,239,240,241,242,243],"_links":{"self":[{"href":"https:\/\/www.monempresarial.com\/ca\/wp-json\/wp\/v2\/posts\/3181"}],"collection":[{"href":"https:\/\/www.monempresarial.com\/ca\/wp-json\/wp\/v2\/posts"}],"about":[{"href":"https:\/\/www.monempresarial.com\/ca\/wp-json\/wp\/v2\/types\/post"}],"author":[{"embeddable":true,"href":"https:\/\/www.monempresarial.com\/ca\/wp-json\/wp\/v2\/users\/1"}],"replies":[{"embeddable":true,"href":"https:\/\/www.monempresarial.com\/ca\/wp-json\/wp\/v2\/comments?post=3181"}],"version-history":[{"count":1,"href":"https:\/\/www.monempresarial.com\/ca\/wp-json\/wp\/v2\/posts\/3181\/revisions"}],"predecessor-version":[{"id":47130,"href":"https:\/\/www.monempresarial.com\/ca\/wp-json\/wp\/v2\/posts\/3181\/revisions\/47130"}],"wp:featuredmedia":[{"embeddable":true,"href":"https:\/\/www.monempresarial.com\/ca\/wp-json\/wp\/v2\/media\/3260"}],"wp:attachment":[{"href":"https:\/\/www.monempresarial.com\/ca\/wp-json\/wp\/v2\/media?parent=3181"}],"wp:term":[{"taxonomy":"category","embeddable":true,"href":"https:\/\/www.monempresarial.com\/ca\/wp-json\/wp\/v2\/categories?post=3181"},{"taxonomy":"post_tag","embeddable":true,"href":"https:\/\/www.monempresarial.com\/ca\/wp-json\/wp\/v2\/tags?post=3181"}],"curies":[{"name":"wp","href":"https:\/\/api.w.org\/{rel}","templated":true}]}}