{"id":31819,"date":"2021-07-28T14:42:18","date_gmt":"2021-07-28T12:42:18","guid":{"rendered":"https:\/\/www.monempresarial.com\/2021\/07\/28\/la-gran-division-del-trabajo-en-equipo-impulsada-por-la-covid-19\/"},"modified":"2025-09-24T11:02:40","modified_gmt":"2025-09-24T09:02:40","slug":"la-gran-divisio-de-la-feina-en-equip-impulsada-per-la-covid-19","status":"publish","type":"post","link":"https:\/\/www.monempresarial.com\/ca\/2021\/07\/28\/la-gran-divisio-de-la-feina-en-equip-impulsada-per-la-covid-19\/","title":{"rendered":"La gran divisi\u00f3 de la feina en equip impulsada per la COVID-19"},"content":{"rendered":"<h4 style=\"color: #602d11;\"><strong><img decoding=\"async\" loading=\"lazy\" class=\"alignright wp-image-31815\" src=\"https:\/\/www.monempresarial.com\/wp-content\/uploads\/2021\/07\/professor-Michael-Lee-INSEAD.jpg\" alt=\"\" width=\"309\" height=\"206\" srcset=\"https:\/\/www.monempresarial.com\/wp-content\/uploads\/2021\/07\/professor-Michael-Lee-INSEAD.jpg 1247w, https:\/\/www.monempresarial.com\/wp-content\/uploads\/2021\/07\/professor-Michael-Lee-INSEAD-300x200.jpg 300w, https:\/\/www.monempresarial.com\/wp-content\/uploads\/2021\/07\/professor-Michael-Lee-INSEAD-1024x682.jpg 1024w, https:\/\/www.monempresarial.com\/wp-content\/uploads\/2021\/07\/professor-Michael-Lee-INSEAD-252x167.jpg 252w, https:\/\/www.monempresarial.com\/wp-content\/uploads\/2021\/07\/professor-Michael-Lee-INSEAD-300x200@2x.jpg 600w\" sizes=\"(max-width: 309px) 100vw, 309px\" \/>La pand\u00e8mia del coronavirus \u00e9s, potser, l\u2019amena\u00e7a m\u00e9s gran per a la connexi\u00f3 d\u2019equips que mai abans no hav\u00edem vist, ja que companys de feina que compartien despatx s\u2019han vist obligats a dispersar-se. Per capturar els efectes en temps real d\u2019aquesta amena\u00e7a, el juny de 2020 vam fer una enquesta a m\u00e9s de 500 professiona<span style=\"color: #602d11;\">ls d\u2019arreu de<\/span>l m\u00f3n. I els resultats van ser sorprenents. <\/strong><\/h4>\n<h4><span style=\"color: #663300; font-weight: bold; text-transform: uppercase;\"><strong>Michael Lee. <\/strong><\/span><strong>Professor assistent de Comportament organitzacional d\u2019INSEAD.<\/strong><\/h4>\n<h4><span style=\"color: #663300; font-weight: bold; text-transform: uppercase;\"><strong><img decoding=\"async\" loading=\"lazy\" class=\"alignright wp-image-31817\" src=\"https:\/\/www.monempresarial.com\/wp-content\/uploads\/2021\/07\/Koen-Veltman-INSEAD-Organization-Builders.jpg\" alt=\"\" width=\"308\" height=\"205\" srcset=\"https:\/\/www.monempresarial.com\/wp-content\/uploads\/2021\/07\/Koen-Veltman-INSEAD-Organization-Builders.jpg 1247w, https:\/\/www.monempresarial.com\/wp-content\/uploads\/2021\/07\/Koen-Veltman-INSEAD-Organization-Builders-300x200.jpg 300w, https:\/\/www.monempresarial.com\/wp-content\/uploads\/2021\/07\/Koen-Veltman-INSEAD-Organization-Builders-1024x682.jpg 1024w, https:\/\/www.monempresarial.com\/wp-content\/uploads\/2021\/07\/Koen-Veltman-INSEAD-Organization-Builders-252x167.jpg 252w, https:\/\/www.monempresarial.com\/wp-content\/uploads\/2021\/07\/Koen-Veltman-INSEAD-Organization-Builders-300x200@2x.jpg 600w\" sizes=\"(max-width: 308px) 100vw, 308px\" \/>Koen Veltman. <\/strong><\/span><strong>Fundador d\u2019OrganizationBuilders.<\/strong><\/h4>\n<hr style=\"color: #b72126;\" \/>\n<p>Si b\u00e9 el 45% dels enquestats va dir que el grau de connexi\u00f3 amb el seu equip havia disminu\u00eft des de la COVID-19, quasi un ter\u00e7 (31%) va dir que havia millorat. Nom\u00e9s 1 de cada 5 va informar que no havia notat canvis en aquest sentit. La pand\u00e8mia havia creat una divisi\u00f3. Analitzant la q\u00fcesti\u00f3 m\u00e9s en profunditat, identifiquem tres palanques clau que explicarien en gran manera per qu\u00e8 la cohesi\u00f3 d\u2019un equip creix o no arran de la pand\u00e8mia.<\/p>\n<p><span style=\"color: #602d11;\"><strong>1. Treure partit del poder comunicatiu de les noves tecnologies<\/strong><\/span><br \/>\nSi b\u00e9 la comunicaci\u00f3 a trav\u00e9s de la tecnologia \u00e9s menys rica en informaci\u00f3 que la comunicaci\u00f3 cara a cara, els equips que van aconseguir m\u00e9s connexi\u00f3 van aprofitar tot el potencial de les TIC. Els equips amb divisions geogr\u00e0fiques existents van trobar que la feina en remot va posar a tothom en el mateix nivell i va augmentar tant l\u2019intercanvi d\u2019informaci\u00f3 com la connectivitat. Els equips pr\u00f2spers van aprofitar les m\u00faltiples vies de comunicaci\u00f3 que permeten les plataformes tecnol\u00f2giques com Slack i Zoom.<\/p>\n<p><span style=\"color: #602d11;\"><strong>2. Dissenyar nous rituals d\u2019interacci\u00f3 per al format virtual<\/strong><\/span><br \/>\nEl teletreball suprimeix quasi per complet les interaccions informals, com les xerrades a la pausa del caf\u00e8. Per\u00f2 els equips que m\u00e9s es van unir van crear nous rituals i noves pr\u00e0ctiques per compensar aquesta p\u00e8rdua. Van canviar la cad\u00e8ncia de les seves reunions setmanals (m\u00e9s llargues) per reunions m\u00e9s curtes diverses vegades a la setmana, o fins i tot breus reunions di\u00e0ries. A m\u00e9s, van treballar conscientment a temps per socialitzar i enfortir vincles.<\/p>\n<p><span style=\"color: #602d11;\"><strong>3. Aprofitar l\u2019oportunitat de mostrar compassi\u00f3 i afecte<\/strong><\/span><br \/>\nEl canvi cap al teletreball \u00e9s un escenari que posa de manifest com mai abans la nostra humanitat i la nostra vulnerabilitat compartides. Els membres d\u2019equips m\u00e9s connectats es van apropar per ajudar-se els uns als altres, fet que va fomentar vincles m\u00e9s profunds a l\u2019equip. Aix\u00f2 va passar, en gran part, sobre una base preexistent de confian\u00e7a i de recursos relacionals.<\/p>\n<blockquote>\n<h2><span style=\"color: #602d11;\">La nostra enquesta suggereix que el canvi cap al teletreball i els factors estressants col\u00b7lectius als quals tothom est\u00e0 subjecte no signifiquen autom\u00e0ticament que es produir\u00e0 un desastre relacional en els equips. Tenim alguns exemples en els quals aferrar-nos per evitar aquesta manca de relaci\u00f3: treure partit del poder de les noves tecnologies, dissenyar nous rituals d\u2019interacci\u00f3 i aprofitar la pand\u00e8mia com a oportunitat per mostrar compassi\u00f3 i cura.<\/span><\/h2>\n<\/blockquote>\n<p>&nbsp;<\/p>\n<p>&nbsp;<\/p>\n","protected":false},"excerpt":{"rendered":"<p>La pand\u00e8mia del coronavirus \u00e9s, potser, l\u2019amena\u00e7a m\u00e9s gran per a la connexi\u00f3 d\u2019equips que mai abans no hav\u00edem vist, ja que companys de feina que compartien despatx s\u2019han vist obligats a dispersar-se. Per capturar els efectes en temps real d\u2019aquesta amena\u00e7a, el juny de 2020 vam fer una enquesta a m\u00e9s de 500 professionals d\u2019arreu del m\u00f3n. I els resultats van ser sorprenents. <\/p>\n","protected":false},"author":1,"featured_media":31825,"comment_status":"closed","ping_status":"closed","sticky":false,"template":"","format":"standard","meta":{"_mi_skip_tracking":false,"mc4wp_mailchimp_campaign":[],"jnews-multi-image_gallery":[],"jnews_single_post":[],"jnews_primary_category":[]},"categories":[980,10830,11,10817,37,4718],"tags":[1174,1181,8129,10129,194,290],"_links":{"self":[{"href":"https:\/\/www.monempresarial.com\/ca\/wp-json\/wp\/v2\/posts\/31819"}],"collection":[{"href":"https:\/\/www.monempresarial.com\/ca\/wp-json\/wp\/v2\/posts"}],"about":[{"href":"https:\/\/www.monempresarial.com\/ca\/wp-json\/wp\/v2\/types\/post"}],"author":[{"embeddable":true,"href":"https:\/\/www.monempresarial.com\/ca\/wp-json\/wp\/v2\/users\/1"}],"replies":[{"embeddable":true,"href":"https:\/\/www.monempresarial.com\/ca\/wp-json\/wp\/v2\/comments?post=31819"}],"version-history":[{"count":1,"href":"https:\/\/www.monempresarial.com\/ca\/wp-json\/wp\/v2\/posts\/31819\/revisions"}],"predecessor-version":[{"id":47603,"href":"https:\/\/www.monempresarial.com\/ca\/wp-json\/wp\/v2\/posts\/31819\/revisions\/47603"}],"wp:featuredmedia":[{"embeddable":true,"href":"https:\/\/www.monempresarial.com\/ca\/wp-json\/wp\/v2\/media\/31825"}],"wp:attachment":[{"href":"https:\/\/www.monempresarial.com\/ca\/wp-json\/wp\/v2\/media?parent=31819"}],"wp:term":[{"taxonomy":"category","embeddable":true,"href":"https:\/\/www.monempresarial.com\/ca\/wp-json\/wp\/v2\/categories?post=31819"},{"taxonomy":"post_tag","embeddable":true,"href":"https:\/\/www.monempresarial.com\/ca\/wp-json\/wp\/v2\/tags?post=31819"}],"curies":[{"name":"wp","href":"https:\/\/api.w.org\/{rel}","templated":true}]}}