{"id":31867,"date":"2021-07-28T16:28:56","date_gmt":"2021-07-28T14:28:56","guid":{"rendered":"https:\/\/www.monempresarial.com\/2021\/07\/28\/la-resiliencia-esencial-para-el-liderazgo\/"},"modified":"2025-09-24T11:02:22","modified_gmt":"2025-09-24T09:02:22","slug":"la-resiliencia-esencial-para-el-liderazgo","status":"publish","type":"post","link":"https:\/\/www.monempresarial.com\/ca\/2021\/07\/28\/la-resiliencia-esencial-para-el-liderazgo\/","title":{"rendered":"La resili\u00e8ncia, essencial per al lideratge"},"content":{"rendered":"<h4 style=\"color: #602d11;\"><strong><img decoding=\"async\" loading=\"lazy\" class=\"wp-image-31858 alignleft\" src=\"https:\/\/www.monempresarial.com\/wp-content\/uploads\/2021\/07\/Santiago-Iniguez-4-1.jpg\" alt=\"\" width=\"256\" height=\"383\" srcset=\"https:\/\/www.monempresarial.com\/wp-content\/uploads\/2021\/07\/Santiago-Iniguez-4-1.jpg 324w, https:\/\/www.monempresarial.com\/wp-content\/uploads\/2021\/07\/Santiago-Iniguez-4-1-200x300.jpg 200w\" sizes=\"(max-width: 256px) 100vw, 256px\" \/>La resili\u00e8ncia \u00e9s un h\u00e0bit que pot adquirir-se mitjan\u00e7ant la formaci\u00f3 del car\u00e0cter, la repetici\u00f3 de comportaments i l\u2019exercici mental. En moltes institucions educatives, especialment en acad\u00e8mies militars, s\u2019intenta for<span style=\"color: #602d11;\">mar els alumnes en aquesta virtut especialment \u00fatil per a l\u00edders d<\/span>e tots els \u00e0mbits, incloent-hi l\u2019empresarial, en \u00e8poques d\u2019incertesa radical com la que vam viure a l\u2019inici de la pand\u00e8mia. <\/strong><\/h4>\n<h4><span style=\"color: #663300; font-weight: bold; text-transform: uppercase;\"><strong>Santiago I\u00f1iguez de Onzo\u00f1o. <\/strong><\/span><strong>President d\u2019IE University.<\/strong><\/h4>\n<hr style=\"color: #b72126;\" \/>\n<p>Els emprenedors entenen b\u00e9 aquesta virtut perqu\u00e8, com s\u2019acostuma a dir, s\u00f3n \u201cperdedors en s\u00e8rie\u201d, producte de l\u2019assaig i l\u2019error: nom\u00e9s despr\u00e9s de repetits fracassos es pot aconseguir el triomf. L\u2019\u00e8xit \u00e9s l\u2019altra cara de la derrota.<\/p>\n<p>Algunes recomanacions per poder incubar el car\u00e0cter resilient:<\/p>\n<p>&#8211; La primera recepta la proporciona <span style=\"color: #602d11;\"><strong>David Hume<\/strong><\/span>, el fil\u00f2sof escoc\u00e8s de la Il\u00b7lustraci\u00f3 que tant ha influ\u00eft en la hist\u00f2ria del pensament. Explica que el car\u00e0cter personal es pot modular amb <span style=\"color: #602d11;\"><strong>l\u2019estudi de les arts, les humanitats, la m\u00fasica i la literatura<\/strong><\/span>. Aquesta pr\u00e0ctica procura felicitat genu\u00efna i ajuda a desenvolupar la resili\u00e8ncia necess\u00e0ria per enfrontar les adversitats de la vida.<\/p>\n<p>&#8211; \u00d2bviament, <span style=\"color: #602d11;\"><strong>l\u2019exercici f\u00edsic i l\u2019esport<\/strong><\/span>, aix\u00ed com <span style=\"color: #602d11;\"><strong>no excedir-se en la dieta<\/strong><\/span>, tamb\u00e9 s\u00f3n de gran ajuda, perqu\u00e8 referma la contenci\u00f3 i la disciplina personal. No obstant aix\u00f2, tamb\u00e9 \u00e9s molt comprensible i alhora satisfactori compensar-se de tant en tant per estimular i anticipar els desigs que es podran complir quan se superi aquesta etapa.<\/p>\n<p>&#8211; <span style=\"color: #602d11;\"><strong>Professar l\u2019amistat i el sentiment de companyonia amb els nostres col\u00b7legues i coneguts<\/strong><\/span>. Construir lligams personals consistents i duradors enforteix el sentiment de confian\u00e7a i, a m\u00e9s, amplia el cercle d\u2019individus als quals podem rec\u00f3rrer per buscar-hi consell i encoratjament.<\/p>\n<p>&#8211; Tamb\u00e9 \u00e9s aconsellable <span style=\"color: #602d11;\"><strong>cercar assist\u00e8ncia experta<\/strong><\/span>, d\u2019un mentor o <em>coach<\/em>.<\/p>\n<blockquote>\n<h2><span style=\"color: #602d11;\">La resili\u00e8ncia no suposa una actitud passiva, com ho \u00e9s la paci\u00e8ncia. Tampoc \u00e9s resist\u00e8ncia ni aguant, i menys encara indol\u00e8ncia. T\u00e9 un significat actiu, relacionat amb ensinistrar l\u2019\u00e0nim i posar els mitjans per aconseguir un prop\u00f2sit o superar una contrarietat. Treballar la resili\u00e8ncia ens ajudar\u00e0 a assolir els nostres objectius i a ser millors l\u00edders.<\/span><\/h2>\n<p style=\"text-align: right;\"><em>Santiago \u00cd\u00f1iguez \u00e9s autor de Global Leaders (LID Editorial).<\/em><\/p>\n<\/blockquote>\n","protected":false},"excerpt":{"rendered":"<p>La resili\u00e8ncia \u00e9s un h\u00e0bit que pot adquirir-se mitjan\u00e7ant la formaci\u00f3 del car\u00e0cter, la repetici\u00f3 de comportaments i l\u2019exercici mental. En moltes institucions educatives, especialment en acad\u00e8mies militars, s\u2019intenta formar els alumnes en aquesta virtut especialment \u00fatil per a l\u00edders de tots els \u00e0mbits, incloent-hi l\u2019empresarial, en \u00e8poques d\u2019incertesa radical com la que vam viure a l\u2019inici de la pand\u00e8mia. <\/p>\n","protected":false},"author":1,"featured_media":31863,"comment_status":"closed","ping_status":"closed","sticky":false,"template":"","format":"standard","meta":{"_mi_skip_tracking":false,"mc4wp_mailchimp_campaign":[],"jnews-multi-image_gallery":[],"jnews_single_post":[],"jnews_primary_category":[]},"categories":[10830,11,10817,37,4718,935],"tags":[2857,8397,180,435,556,2761],"_links":{"self":[{"href":"https:\/\/www.monempresarial.com\/ca\/wp-json\/wp\/v2\/posts\/31867"}],"collection":[{"href":"https:\/\/www.monempresarial.com\/ca\/wp-json\/wp\/v2\/posts"}],"about":[{"href":"https:\/\/www.monempresarial.com\/ca\/wp-json\/wp\/v2\/types\/post"}],"author":[{"embeddable":true,"href":"https:\/\/www.monempresarial.com\/ca\/wp-json\/wp\/v2\/users\/1"}],"replies":[{"embeddable":true,"href":"https:\/\/www.monempresarial.com\/ca\/wp-json\/wp\/v2\/comments?post=31867"}],"version-history":[{"count":1,"href":"https:\/\/www.monempresarial.com\/ca\/wp-json\/wp\/v2\/posts\/31867\/revisions"}],"predecessor-version":[{"id":47601,"href":"https:\/\/www.monempresarial.com\/ca\/wp-json\/wp\/v2\/posts\/31867\/revisions\/47601"}],"wp:featuredmedia":[{"embeddable":true,"href":"https:\/\/www.monempresarial.com\/ca\/wp-json\/wp\/v2\/media\/31863"}],"wp:attachment":[{"href":"https:\/\/www.monempresarial.com\/ca\/wp-json\/wp\/v2\/media?parent=31867"}],"wp:term":[{"taxonomy":"category","embeddable":true,"href":"https:\/\/www.monempresarial.com\/ca\/wp-json\/wp\/v2\/categories?post=31867"},{"taxonomy":"post_tag","embeddable":true,"href":"https:\/\/www.monempresarial.com\/ca\/wp-json\/wp\/v2\/tags?post=31867"}],"curies":[{"name":"wp","href":"https:\/\/api.w.org\/{rel}","templated":true}]}}