{"id":32062,"date":"2021-09-01T10:26:57","date_gmt":"2021-09-01T08:26:57","guid":{"rendered":"https:\/\/www.monempresarial.com\/2021\/09\/01\/las-pymes-piden-paso-dafo\/"},"modified":"2025-06-06T10:02:19","modified_gmt":"2025-06-06T08:02:19","slug":"les-pimes-demanen-pas-dafo","status":"publish","type":"post","link":"https:\/\/www.monempresarial.com\/ca\/2021\/09\/01\/les-pimes-demanen-pas-dafo\/","title":{"rendered":"Les pimes demanen pas DAFO"},"content":{"rendered":"<p><span style=\"color: #000000;\"><strong><span style=\"color: #88576b;\"><img decoding=\"async\" loading=\"lazy\" class=\"wp-image-32056 alignleft\" src=\"https:\/\/www.monempresarial.com\/wp-content\/uploads\/2021\/09\/Foto-perfil-Antoni-Canete.jpg\" alt=\"\" width=\"253\" height=\"253\" srcset=\"https:\/\/www.monempresarial.com\/wp-content\/uploads\/2021\/09\/Foto-perfil-Antoni-Canete.jpg 400w, https:\/\/www.monempresarial.com\/wp-content\/uploads\/2021\/09\/Foto-perfil-Antoni-Canete-150x150@2x.jpg 300w, https:\/\/www.monempresarial.com\/wp-content\/uploads\/2021\/09\/Foto-perfil-Antoni-Canete-150x150.jpg 150w\" sizes=\"(max-width: 253px) 100vw, 253px\" \/>Antoni Ca\u00f1ete.<\/span> President de PIMEC, vicepresident primer i portaveu de CONPYMES.<\/strong><\/span><\/p>\n<hr style=\"color: #b72126;\" \/>\n<div style=\"background-color: #88576b; text-align: center;\"><span style=\"color: #ffffff; font-weight: bold; font-size: 20px;\">DEBILITATS<\/span><\/div>\n<ul>\n<li>\u00a0Les pimes acostumen a comptar amb <strong>menys recursos financers<\/strong> que les grans empreses. Les dades del Registre Mercantil indiquen que els <strong>fons propis<\/strong> representen el 49% del passiu a les empreses mitjanes (50-249 treballadors), mentre que representen nom\u00e9s el 24% a les microempreses (menys de 10 treballadors). Conv\u00e9 prioritzar mesures que afavoreixin la reinversi\u00f3 de beneficis i la capitalitzaci\u00f3 de les empreses.<\/li>\n<li>Com m\u00e9s petita \u00e9s una empresa, m\u00e9s tend\u00e8ncia presenta al<strong> palanquejamen<\/strong>t, fet que constitueix un element de vulnerabilitat davant canvis en l\u2019entorn econ\u00f2mic, com increments dels tipus d\u2019inter\u00e8s, caigudes en la facturaci\u00f3, etc. A m\u00e9s, les empreses petites acostumen a pagar tipus d\u2019inter\u00e8s m\u00e9s elevats.<\/li>\n<li>Les pimes obtenen <strong>menys beneficis<\/strong> que les empreses de mida m\u00e9s gran. Les estad\u00edstiques del Registre Mercantil mostren que la <strong>rendibilitat financer<\/strong>a (benefici anual sobre fons propis) d\u2019una empresa mitjana se situa en el 13,45%, mentre que la d\u2019una microempresa \u00e9s de nom\u00e9s el 6,59%.<\/li>\n<\/ul>\n<div style=\"background-color: #88576b; text-align: center;\"><span style=\"color: #ffffff; font-weight: bold; font-size: 20px;\">AMENACES<\/span><\/div>\n<ul>\n<li>La <strong>sobreregulaci\u00f3<\/strong>, tan caracter\u00edstica de la Uni\u00f3n Europea en general i d\u2019Espanya en particular, genera costs de compliment creixents entre les pimes, que en dificulten la competitivitat. \u00c9s important legislar sempre \u201cen petit\u201d i prendre com a refer\u00e8ncia les pimes, deixant les grans empreses com a excepci\u00f3.<\/li>\n<li>La <strong>pressi\u00f3 fiscal<\/strong> creixent, a causa de l\u2019endeutament creixent dels estats arran de les \u00faltimes crisis i d\u2019una base impositiva cada cop m\u00e9s exigua per la planificaci\u00f3 fiscal internacional de les grans corporacions. Les pimes acaben pagant tipus efectius m\u00e9s alts que les grans empreses i s\u00f3n objecte d\u2019inspeccions fiscals cont\u00ednues, precisament per estar arrelades al territori i no poder accedir a mecanismes sofisticats d\u2019optimitzaci\u00f3 fiscal.<\/li>\n<li>Les pimes s\u2019enfronten a una doble <strong>compet\u00e8ncia deslleial<\/strong>. Per una banda, la pressi\u00f3 fiscal creixent i els costs de compliment normatiu situen algunes empreses i aut\u00f2noms fora de la legalitat, en l\u2019economia submergida, en compet\u00e8ncia amb les pimes formals. Per altra banda, les grans corporacions multiserveis i els prove\u00efdors tecnol\u00f2gics ofereixen cada cop m\u00e9s productes i serveis a preus molt atractius per al consumidor, gr\u00e0cies a les seves economies d\u2019escala i a la seva tributaci\u00f3 a paradisos fiscals. La pand\u00e8mia de la COVID-19 no ha fet m\u00e9s que refor\u00e7ar aquesta tend\u00e8ncia.<\/li>\n<\/ul>\n<div style=\"background-color: #88576b; text-align: center;\"><span style=\"color: #ffffff; font-weight: bold; font-size: 20px;\">FORTALESES<\/span><\/div>\n<ul>\n<li><strong>Arrelament a l\u2019entorn<\/strong> on les pimes operen i estan ubicades. Les pimes es distribueixen de forma \u00e0mplia per tota la geografia espanyola i s\u00f3n garantia d\u2019equilibri territorial i cohesi\u00f3 social. Aquesta vinculaci\u00f3 territorial els permet comptar amb el suport de les comunitats i entitats locals. La pime \u00e9s i ha de seguir sent l\u2019ascensor social del pa\u00eds.<\/li>\n<li><strong>Flexibilitat, resili\u00e8ncia i capacitat d\u2019adaptaci\u00f3<\/strong> als nous entorns socioecon\u00f2mics, ja que compten habitualment amb estructures petites i costs fixos limitats.<\/li>\n<li>El <strong>car\u00e0cter familiar<\/strong> de la propietat de moltes pimes atorga <strong>estabilitat<\/strong> als seus projectes, afavoreix la reinversi\u00f3 de beneficis i promou m\u00e9s ambici\u00f3 en els seus plantejaments, alhora que evita el curtterminisme en les seves estrat\u00e8gies.<br \/>\n\u2022 \u201c<strong><em>Small is beautiful<\/em><\/strong>\u201d, com afirmava el c\u00e8lebre economista E. F. Schumacher. Les pimes eludeixen els problemes freq\u00fcents d\u2019efici\u00e8ncia de les grans organitzacions i es beneficien de m\u00e9s agilitat en la presa de decisions, fet que afavoreix la innovaci\u00f3 i la competitivitat.<\/li>\n<\/ul>\n<div style=\"background-color: #88576b; text-align: center;\"><span style=\"color: #ffffff; font-weight: bold; font-size: 20px;\">OPORTUNITATS<\/span><\/div>\n<ul>\n<li>La tend\u00e8ncia cap a la <strong>sostenibilitat<\/strong> pot actuar a favor de les pimes, en tant que incentiva el consum de productes i serveis de proximitat, amb menys petjada de carboni. En aquest sentit, l\u2019objectiu europeu de neutralitat clim\u00e0tica l\u2019any 2050 a trav\u00e9s de diversos instruments, com la directiva sobre la petjada de carboni o el mecanisme d\u2019ajustament de carboni en frontera (CBAM per les seves sigles en angl\u00e8s), poden afavorir les pimes locals a mitj\u00e0 termini.<\/li>\n<li>La pand\u00e8mia de la COVID-19 ha impulsat tamb\u00e9 la<strong> compra local<\/strong> de b\u00e9ns i serveis a causa de les restriccions a la mobilitat i a causa de mesures proteccionistes en alguns pa\u00efsos i regions d\u2019Europa. Tot i que s\u2019espera una recuperaci\u00f3 gradual dels intercanvis internacionals, la pand\u00e8mia ha fomentat l\u2019atenci\u00f3 cap als prove\u00efdors locals i la conscienciaci\u00f3 del seu efecte benefici\u00f3s sobre l\u2019economia del territori. Sense caure en una escalada proteccionista, conv\u00e9 que els poders p\u00fablics segueixin potenciant la compra local en \u00e0mbits com el comer\u00e7, l\u2019alimentaci\u00f3 o el turisme.<\/li>\n<\/ul>\n","protected":false},"excerpt":{"rendered":"<p> Les pimes demanen pas<\/p>\n","protected":false},"author":1,"featured_media":32058,"comment_status":"closed","ping_status":"closed","sticky":false,"template":"","format":"standard","meta":{"_mi_skip_tracking":false,"mc4wp_mailchimp_campaign":[],"jnews-multi-image_gallery":[],"jnews_single_post":[],"jnews_primary_category":[]},"categories":[10820,34,10828],"tags":[3958,3959,4318,7369,421,613,1384,3957],"_links":{"self":[{"href":"https:\/\/www.monempresarial.com\/ca\/wp-json\/wp\/v2\/posts\/32062"}],"collection":[{"href":"https:\/\/www.monempresarial.com\/ca\/wp-json\/wp\/v2\/posts"}],"about":[{"href":"https:\/\/www.monempresarial.com\/ca\/wp-json\/wp\/v2\/types\/post"}],"author":[{"embeddable":true,"href":"https:\/\/www.monempresarial.com\/ca\/wp-json\/wp\/v2\/users\/1"}],"replies":[{"embeddable":true,"href":"https:\/\/www.monempresarial.com\/ca\/wp-json\/wp\/v2\/comments?post=32062"}],"version-history":[{"count":1,"href":"https:\/\/www.monempresarial.com\/ca\/wp-json\/wp\/v2\/posts\/32062\/revisions"}],"predecessor-version":[{"id":46097,"href":"https:\/\/www.monempresarial.com\/ca\/wp-json\/wp\/v2\/posts\/32062\/revisions\/46097"}],"wp:featuredmedia":[{"embeddable":true,"href":"https:\/\/www.monempresarial.com\/ca\/wp-json\/wp\/v2\/media\/32058"}],"wp:attachment":[{"href":"https:\/\/www.monempresarial.com\/ca\/wp-json\/wp\/v2\/media?parent=32062"}],"wp:term":[{"taxonomy":"category","embeddable":true,"href":"https:\/\/www.monempresarial.com\/ca\/wp-json\/wp\/v2\/categories?post=32062"},{"taxonomy":"post_tag","embeddable":true,"href":"https:\/\/www.monempresarial.com\/ca\/wp-json\/wp\/v2\/tags?post=32062"}],"curies":[{"name":"wp","href":"https:\/\/api.w.org\/{rel}","templated":true}]}}