{"id":32127,"date":"2021-09-06T11:04:58","date_gmt":"2021-09-06T09:04:58","guid":{"rendered":"https:\/\/www.monempresarial.com\/?p=32127"},"modified":"2025-06-06T10:02:09","modified_gmt":"2025-06-06T08:02:09","slug":"entrevista-a-jose-luis-roca-president-de-conpymes","status":"publish","type":"post","link":"https:\/\/www.monempresarial.com\/ca\/2021\/09\/06\/entrevista-a-jose-luis-roca-president-de-conpymes\/","title":{"rendered":"Entrevista a Jos\u00e9 Lu\u00eds Roca.<\/span><\/span> President de CONPYMES"},"content":{"rendered":"<p><strong>Tot i comptar amb pocs mesos de vida, la nova patronal espanyola CONPYMES ha aterrat amb for\u00e7a en l\u2019ecosistema empresarial d\u2019Espanya. Amb la voluntat de defensar els interessos de m\u00e9s de dos milions de pimes i aut\u00f2noms, la nova organitzaci\u00f3 empresarial reclama la necessitat d\u2019apostar per un nou model productiu. Parlem amb el seu president, Jos\u00e9 Lu\u00eds Roca, sobre la situaci\u00f3 actual de pimes i aut\u00f2noms al pa\u00eds i les principals demandes de CONPYMES.\u00a0<\/strong><\/p>\n<p><strong>Fotos: CONPYMES<\/strong><\/p>\n<p><img decoding=\"async\" loading=\"lazy\" class=\"wp-image-32119 size-full aligncenter\" src=\"https:\/\/www.monempresarial.com\/wp-content\/uploads\/2021\/09\/Presentacion-CONPYME-31.jpg\" alt=\"\" width=\"857\" height=\"567\" srcset=\"https:\/\/www.monempresarial.com\/wp-content\/uploads\/2021\/09\/Presentacion-CONPYME-31.jpg 857w, https:\/\/www.monempresarial.com\/wp-content\/uploads\/2021\/09\/Presentacion-CONPYME-31-300x198.jpg 300w, https:\/\/www.monempresarial.com\/wp-content\/uploads\/2021\/09\/Presentacion-CONPYME-31-252x167.jpg 252w, https:\/\/www.monempresarial.com\/wp-content\/uploads\/2021\/09\/Presentacion-CONPYME-31-300x198@2x.jpg 600w\" sizes=\"(max-width: 857px) 100vw, 857px\" \/><\/p>\n<hr \/>\n<h4 style=\"text-align: center;\"><span style=\"color: #719f8c;\"><strong>\u00abEl capitalisme inclusiu s\u2019enfronta als interessos d\u2019un capitalisme neocl\u00e0ssic que afavoreix les gra<span style=\"color: #719f8c;\">ns emp<\/span>reses amb domini de mercat i els oligopolis de rendes excessives\u00bb<\/strong><\/span><\/h4>\n<p>&nbsp;<\/p>\n<p><span style=\"color: #719f8c;\"><strong>CONPYMES es va presentar en societat el passat mes de maig com una organitzaci\u00f3 impulsada per 23 associacions empresarials del pa\u00eds. Per qu\u00e8 es decideix crear una nova patronal a nivell estatal?<\/strong><\/span><br \/>\nEs va presentar el passat mes de maig, per\u00f2 portava forjant-se des de 2016, amb la creaci\u00f3 el 2018 de la seva antecessora, la Plataforma Pymes. L\u2019objectiu de CONPYMES \u00e9s defensar un nou model productiu que hem encunyat com a capitalisme inclusiu, en contraposici\u00f3 al capitalisme neocl\u00e0ssic, ja esgotat. Aquest capitalisme inclusiu te la seva ess\u00e8ncia en la igualtat d\u2019oportunitats, la defensa de la compet\u00e8ncia i, per tant, en la concurr\u00e8ncia de pimes i aut\u00f2noms com a millors garants de l\u2019exist\u00e8ncia d\u2019aquesta compet\u00e8ncia.<\/p>\n<p><strong><span style=\"color: #719f8c;\">En qu\u00e8 consisteix aquest canvi de model cap a un capitalisme inclusiu<\/span><\/strong>?<br \/>\nEl capitalisme inclusiu \u00e9s un nou model productiu en oposici\u00f3, tant al capitalisme neocl\u00e0ssic financer, clientelar i extractiu, com a l\u2019anticapitalisme ideol\u00f2gic. Aquest model s\u2019estableix sobre una economia de mercat social, compromesa amb el seu entorn, basada en la igualtat d\u2019oportunitats, sostinguda en un creixement econ\u00f2mic sostenible i just per a totes les empreses. El capitalisme inclusiu que defensem s\u2019enfronta als interessos establerts per un capitalisme neocl\u00e0ssic que afavoreix les grans empreses amb posici\u00f3 de domini de mercat, i s\u2019oposa a dominis de mercat, oligopolis i monopolis, que suposen un increment dels costos de producci\u00f3 de les pimes i aut\u00f2noms. La nostra proposta es basaria en l\u2019impuls de la compet\u00e8ncia, com a ess\u00e8ncia del lliure mercat per contribuir a la redistribuci\u00f3 de les rendes entre la poblaci\u00f3.<\/p>\n<blockquote>\n<h4 style=\"color: #719f8c; text-align: center;\">Sobre el model econ\u00f2mic: \u201cDes de 2007, les Administracions P\u00fabliques mundials no han volgut afrontar el grau problema d\u2019un model econ\u00f2mic esgotat i s\u2019han emparat \u00fanicament en una pol\u00edtica monet\u00e0ria expansiva dels Bancs Centrals, totalment aberrant.\u201d<\/h4>\n<\/blockquote>\n<p><strong><span style=\"color: #719f8c;\">L\u2019organitzaci\u00f3 es presenta \u201cper defensar els interessos de pimes i aut\u00f2noms\u201d. Considera que les pimes i els aut\u00f2noms no han estat ben representats en els \u00f2rgans pol\u00edtics de decisi\u00f3?<\/span><\/strong><br \/>\nConsiderem que, en un moment hist\u00f2ric de gravetat extrema econ\u00f2mica, social i de salut p\u00fablica, \u00e9s necessari afrontar un nou model productiu. No \u00e9s tant q\u00fcesti\u00f3 de representaci\u00f3, sin\u00f3 de contribuir a aquest canvi cap a un capitalisme inclusiu, del qual les pimes i els aut\u00f2noms han de ser el seu eix vertebrador.<\/p>\n<p><strong><span style=\"color: #719f8c;\">Quins errors considera que han com\u00e8s les patronals actuals a l\u2019hora de representar les pimes i els aut\u00f2noms?<\/span><\/strong><br \/>\nL\u2019error general de les societats civils, i no nom\u00e9s de les patronals, ha estat no adonar-se que des de la gran crisi financera del 2007 el capitalisme neocl\u00e0ssic no donava m\u00e9s de s\u00ed. Hi ha una necessitat de donar llum a un nou capitalisme on l\u2019ess\u00e8ncia sigui la igualtat d\u2019oportunitats, la distribuci\u00f3 ex-ante de beneficis i la formaci\u00f3 justa de preus amb un benefici just per a pimes i aut\u00f2noms.<\/p>\n<p><strong><span style=\"color: #719f8c;\">2020 va ser un any complicat a nivell econ\u00f2mic i social per al teixit empresarial del pa\u00eds. Es van destruir 68.000 empreses, el 99% de les quals eren pimes i microempreses. Les administracions han pensat poc en les necessitats de les pimes?<\/span><\/strong><br \/>\nDes de 2007, les Administracions P\u00fabliques mundials no han volgut afrontar el greu problema d\u2019un model econ\u00f2mic esgotat, i s\u2019han emparat \u00fanicament en una pol\u00edtica monet\u00e0ria expansiva dels Bancs Centrals, totalment aberrant. I en aquest proc\u00e9s, pimes i aut\u00f2noms d\u2019arreu del m\u00f3n han estat encara m\u00e9s menyspreats del qu\u00e8 ja ho estaven abans.<\/p>\n<p><strong><span style=\"color: #719f8c;\">Davant un escenari de recuperaci\u00f3 econ\u00f2mica, qu\u00e8 necessiten les pimes per sortir m\u00e9s fortes de la crisi?<\/span><\/strong><br \/>\nLes pimes i aut\u00f2noms necessiten un canvi del model productiu cap al capitalisme inclusiu, que en el millor dels casos trigar\u00e0 10 anys. Aquest canvi no estar\u00e0 exempt de dolor i patiment per a moltes pimes i aut\u00f2noms d\u2019Europa. Per\u00f2 al cap d\u2019aquests 10 anys, el patiment haur\u00e0 valgut la pena.<\/p>\n<p><span style=\"color: #719f8c;\"><strong>Els fons Next Generation de la UE seran una oportunitat per aconseguir la recuperaci\u00f3 del teixit productiu del pa\u00eds?<\/strong><\/span><br \/>\nCom d\u2019altres experi\u00e8ncies de fons de la UE, els Fons Next Generation no arribaran a les pimes. En qualsevol cas, els fons de la UE no estan dissenyats per a aquest canvi de model productiu cap al capitalisme inclusiu.<\/p>\n<h2 style=\"color: #719f8c; text-align: center;\"><img decoding=\"async\" loading=\"lazy\" class=\"wp-image-32121 alignright\" src=\"https:\/\/www.monempresarial.com\/wp-content\/uploads\/2021\/09\/ICONO-1.jpg\" alt=\"\" width=\"217\" height=\"121\" srcset=\"https:\/\/www.monempresarial.com\/wp-content\/uploads\/2021\/09\/ICONO-1.jpg 754w, https:\/\/www.monempresarial.com\/wp-content\/uploads\/2021\/09\/ICONO-1-300x168.jpg 300w, https:\/\/www.monempresarial.com\/wp-content\/uploads\/2021\/09\/ICONO-1-359x201.jpg 359w, https:\/\/www.monempresarial.com\/wp-content\/uploads\/2021\/09\/ICONO-1-300x168@2x.jpg 600w\" sizes=\"(max-width: 217px) 100vw, 217px\" \/><\/h2>\n<blockquote>\n<h4 style=\"color: #719f8c; text-align: center;\">Sobre els fons de la UE: \u201cCom d\u2019altres experi\u00e8ncies de fons de la UE, els Fons Next Generation no arribaran a les pimes. En qualsevol cas, els fons de la UE no estan dissenyats per a aquest canvi de model productiu cap al capitalisme inclusiu.\u201d<\/h4>\n<\/blockquote>\n<p><span style=\"color: #719f8c;\"><strong>Els preocupa els criteris del Govern per repartir els fons europeus? <\/strong><\/span><br \/>\nEns preocupen els criteris de la UE i la Comissi\u00f3, ja que el Govern \u00e9s una simple corretja de transmissi\u00f3. Els fons els posa la UE, amb l\u2019emissi\u00f3 de deute mutualitzat per primer cop, i amb el suport d\u2019economies de l\u2019Eurozona m\u00e9s solvents que Espanya.<\/p>\n<p><span style=\"color: #719f8c;\"><strong>Les pimes tenen el repte de ser eficients en un context cada cop m\u00e9s competitiu. I aqu\u00ed la transformaci\u00f3 digital pot ser un element clau. Qu\u00e8 es necessita perqu\u00e8 la digitalitzaci\u00f3 passi a ser una oportunitat per a les pimes?<\/strong><\/span><br \/>\nPrimer cal abordar el canvi de model productiu cap al capitalisme inclusiu, i despr\u00e9s ens preocuparem per la digitalitzaci\u00f3. No crec que les pimes i els aut\u00f2noms, en una situaci\u00f3 d\u2019emerg\u00e8ncia, tinguin gaire temps de pensar en la digitalitzaci\u00f3. Com a m\u00ednim de moment, hi ha altres problemes m\u00e9s apressants el qu\u00e8 preocupen.<\/p>\n<p><strong><span style=\"color: #719f8c;\">CONPYMES exigeix estar a les taules de di\u00e0leg social. Han parlat amb actors pol\u00edtics, patronals i sindicals per aconseguir-ho? <\/span><\/strong><br \/>\nNo crec que ho exigim. Volem convertir-nos en actors pel convenciment de les nostres propostes i per la resoluci\u00f3 dels problemes a les nostres pimes.<\/p>\n<p><strong><span style=\"color: #719f8c;\">La sostenibilitat i l\u2019Agenda 2030 seran elements centrals que afectaran al teixit productiu. Es poden aconseguir els objectius de reducci\u00f3 d\u2019emissions sense que afecti al teixit empresarial? <\/span><\/strong><br \/>\nEuropa s\u2019ha excedit en els seus objectius de reducci\u00f3 d\u2019emissi\u00f3 en comparaci\u00f3 amb la Xina i els EUA. En un escenari de caiguda del preu del petroli, Europa pot perdre competitivitat i productivitat vers la Xina o els EUA. Hi ha fortes cr\u00edtiques a aquest nivell de reducci\u00f3 d\u2019emissions de CO2 en el si de les institucions de la UE.<\/p>\n<p><strong><span style=\"color: #719f8c;\">Quins objectius es fixa CONPYMES a curt i mitj\u00e0 termini? <\/span><\/strong><br \/>\nVolem contribuir, en la mesura de les nostres possibilitats, a afavorir el canvi de model productiu a Europa cap a un capitalisme inclusiu. Considerem que \u00e9s una mesura per a pal\u00b7liar una grav\u00edssima i hist\u00f2rica situaci\u00f3 econ\u00f2mica, social i de salut p\u00fablica. I volem que siguin les pimes i els aut\u00f2noms els qu\u00e8 s\u2019ubiquin en el centre d\u2019aquest canvi cap al capitalisme inclusiu.<\/p>\n","protected":false},"excerpt":{"rendered":"<p>Tot i comptar amb pocs mesos de vida, la nova patronal espanyola CONPYMES ha aterrat amb for\u00e7a en l\u2019ecosistema empresarial d\u2019Espanya. Amb la voluntat de defensar els interessos de m\u00e9s de dos milions de pimes i aut\u00f2noms, la nova organitzaci\u00f3 empresarial reclama la necessitat d\u2019apostar per un nou model productiu. Parlem amb el seu president, Jos\u00e9 Lu\u00eds Roca, sobre la situaci\u00f3 actual de pimes i aut\u00f2noms al pa\u00eds i les principals demandes de CONPYMES.\u00a0<\/p>\n","protected":false},"author":1,"featured_media":32117,"comment_status":"closed","ping_status":"closed","sticky":false,"template":"","format":"standard","meta":{"_mi_skip_tracking":false,"mc4wp_mailchimp_campaign":[],"jnews-multi-image_gallery":[],"jnews_single_post":{"source_name":"","source_url":"","via_name":"","via_url":"","override_template":"0","override":[{"template":"1","single_blog_custom":"","parallax":"1","fullscreen":"1","layout":"right-sidebar","sidebar":"default-sidebar","second_sidebar":"default-sidebar","sticky_sidebar":"1","share_position":"bottom","share_float_style":"share-monocrhome","show_share_counter":"1","show_view_counter":"1","show_featured":"1","show_post_meta":"1","show_post_author":"1","show_post_author_image":"1","show_post_date":"1","post_date_format":"default","post_date_format_custom":"Y\/m\/d","show_post_category":"0","show_post_reading_time":"1","post_reading_time_wpm":"300","show_zoom_button":"0","zoom_button_out_step":"2","zoom_button_in_step":"3","show_post_tag":"1","show_prev_next_post":"0","show_popup_post":"1","number_popup_post":"2","show_author_box":"1","show_post_related":"1","show_inline_post_related":"1"}],"override_image_size":"0","image_override":[{"single_post_thumbnail_size":"crop-715","single_post_gallery_size":"crop-500"}],"trending_post":"0","trending_post_position":"meta","trending_post_label":"Trending","sponsored_post":"0","sponsored_post_label":"Sponsored by","sponsored_post_name":"","sponsored_post_url":"","sponsored_post_logo_enable":"0","sponsored_post_logo":"","sponsored_post_desc":"","disable_ad":"0"},"jnews_primary_category":{"id":"10828","hide":""}},"categories":[10820,33,10720],"tags":[1225,1233,2259,6805,10164,10166,10235,143,613,832],"_links":{"self":[{"href":"https:\/\/www.monempresarial.com\/ca\/wp-json\/wp\/v2\/posts\/32127"}],"collection":[{"href":"https:\/\/www.monempresarial.com\/ca\/wp-json\/wp\/v2\/posts"}],"about":[{"href":"https:\/\/www.monempresarial.com\/ca\/wp-json\/wp\/v2\/types\/post"}],"author":[{"embeddable":true,"href":"https:\/\/www.monempresarial.com\/ca\/wp-json\/wp\/v2\/users\/1"}],"replies":[{"embeddable":true,"href":"https:\/\/www.monempresarial.com\/ca\/wp-json\/wp\/v2\/comments?post=32127"}],"version-history":[{"count":3,"href":"https:\/\/www.monempresarial.com\/ca\/wp-json\/wp\/v2\/posts\/32127\/revisions"}],"predecessor-version":[{"id":46096,"href":"https:\/\/www.monempresarial.com\/ca\/wp-json\/wp\/v2\/posts\/32127\/revisions\/46096"}],"wp:featuredmedia":[{"embeddable":true,"href":"https:\/\/www.monempresarial.com\/ca\/wp-json\/wp\/v2\/media\/32117"}],"wp:attachment":[{"href":"https:\/\/www.monempresarial.com\/ca\/wp-json\/wp\/v2\/media?parent=32127"}],"wp:term":[{"taxonomy":"category","embeddable":true,"href":"https:\/\/www.monempresarial.com\/ca\/wp-json\/wp\/v2\/categories?post=32127"},{"taxonomy":"post_tag","embeddable":true,"href":"https:\/\/www.monempresarial.com\/ca\/wp-json\/wp\/v2\/tags?post=32127"}],"curies":[{"name":"wp","href":"https:\/\/api.w.org\/{rel}","templated":true}]}}