{"id":32579,"date":"2021-10-18T09:00:53","date_gmt":"2021-10-18T07:00:53","guid":{"rendered":"https:\/\/www.monempresarial.com\/2021\/09\/27\/entrevista-a-pere-navarro-delegado-especial-del-estado-del-consorci-de-la-zona-franca-de-barcelona\/"},"modified":"2025-06-06T10:01:00","modified_gmt":"2025-06-06T08:01:00","slug":"delegat-especial-de-lestat-del-consorci-de-la-zona-franca-de-barcelona","status":"publish","type":"post","link":"https:\/\/www.monempresarial.com\/ca\/2021\/10\/18\/delegat-especial-de-lestat-del-consorci-de-la-zona-franca-de-barcelona\/","title":{"rendered":"Entrevista a Pere Navarro. Delegat especial de l\u2019Estat del Consorci de la Zona Franca de Barcelona"},"content":{"rendered":"<p><strong><img decoding=\"async\" loading=\"lazy\" class=\"wp-image-32571 alignright\" src=\"https:\/\/www.monempresarial.com\/wp-content\/uploads\/2021\/09\/PN-015.jpg\" alt=\"\" width=\"213\" height=\"276\" srcset=\"https:\/\/www.monempresarial.com\/wp-content\/uploads\/2021\/09\/PN-015.jpg 1417w, https:\/\/www.monempresarial.com\/wp-content\/uploads\/2021\/09\/PN-015-232x300.jpg 232w, https:\/\/www.monempresarial.com\/wp-content\/uploads\/2021\/09\/PN-015-792x1024.jpg 792w, https:\/\/www.monempresarial.com\/wp-content\/uploads\/2021\/09\/PN-015-1188x1536.jpg 1188w, https:\/\/www.monempresarial.com\/wp-content\/uploads\/2021\/09\/PN-015-232x300@2x.jpg 464w\" sizes=\"(max-width: 213px) 100vw, 213px\" \/>\u00c9s Llicenciat en Ci\u00e8ncies Biol\u00f2giques per la Universitat Aut\u00f2noma de Barcelona, per\u00f2 la traject\u00f2ria laboral de Pere Navarro i Morera (Terrassa, 1959) l\u2019ha dut lluny dels laboratoris i l\u2019ha apropat a la gent. Ha estat alcalde de Terrassa, primer secretari del Partit dels Socialistes de Catalunya (PSC), diputat al Parlament i candidat a la presid\u00e8ncia de la Generalitat (2017) per aquesta formaci\u00f3, entre d\u2019altres c\u00e0rrecs p\u00fablics i privats. Despr\u00e9s d\u2019un any de pand\u00e8mia en qu\u00e8 el sector industrial tamb\u00e9 s\u2019ha hagut de reinventar, centra ara els seus esfor\u00e7os a consolidar els ambiciosos projectes innovadors del Consorci de la Zona Franca de Barcelona cap a l\u2019economia 4.0, com ara el DFactory Barcelona. Vol transformar, aix\u00ed, el seu Pol\u00edgon Industrial per fer-lo, \u201cmenys dur i m\u00e9s amable <\/strong><\/p>\n<h4><span style=\"color: #719f8c;\">Emma Bouisset Carrascal<\/span><strong><span style=\"color: #719f8c;\">\u00a0\u00a0<\/span><\/strong><\/h4>\n<p><strong><span style=\"color: #719f8c;\">Fotos: <span style=\"color: #000000;\">Consorci de la Zona Franca de Barcelona<\/span><\/span><\/strong><\/p>\n<hr \/>\n<p><span style=\"color: #719f8c; font-weight: bold;\">Fa tres anys que va ser nomenat delegat especial de l&#8217;Estat al Consorci de la Zona Franca de Barcelona. Quin balan\u00e7a en fa?<\/span><br \/>\nN\u2019estic molt satisfet. M\u2019hi vaig trobar un molt bon equip amb el qual hem tirat endavant alguns projectes que ja existien, com ara la incubadora d\u2019impressi\u00f3 3D o el DFactory Barcelona i, d\u2019altra banda, hem incorporat novetats partint dels ODS (Objectius de Desenvolupament Sostenible), quelcom que no \u00e9s gaire habitual en un entorn industrial i log\u00edstic com el nostre, i que ens fan sentir molt orgullosos, com el BWAW (Barcelona Woman Acceleration Week), en col\u00b7laboraci\u00f3 amb la Fundaci\u00f3 Incyde de les Cambres de Comer\u00e7. A m\u00e9s, estem contents perqu\u00e8, malgrat no haver pogut celebrar el Sal\u00f3 Internacional de la Log\u00edstica ni el Barcelona Meeting Point \u2014els dos salons que nosaltres organitzem\u2014, l\u2019octubre del 2020, en plena pand\u00e8mia, vam donar forma a una activitat totalment nova, el Barcelona New Economy Week (BNEW). Un esdeveniment (el primer que s\u2019ha fet en aquest format) per al qual vam desenvolupar espec\u00edficament una plataforma digital i que va comptar amb 11.000 inscrits de 111 pa\u00efsos i 25.000 connexions de professionals d\u2019alt\u00edssim nivell. El balan\u00e7 va ser tan bo que ja estem treballant en la segona edici\u00f3, que tindr\u00e0 lloc la primera setmana d\u2019octubre i que inclour\u00e0, a m\u00e9s de les cinc \u00e0rees tem\u00e0tiques de l\u2019any passat (<em>Logistics, Digital Industry, E-commerce, Economic Zones <\/em>i<em> Real Estate<\/em>), cinc de noves: <em>Mobility, Sustainability, Talent, Science <\/em>i<em> City<\/em>).<\/p>\n<p><span style=\"color: #719f8c;\"><strong>El DFactory Barcelona, que vol ser el major hub d\u2019ind\u00fastria 4.0 del sud d\u2019Europa, \u00e9s un dels projectes m\u00e9s ambiciosos del Consorci. En quina fase es troba? <\/strong><\/span><br \/>\nDespr\u00e9s d\u2019invertir m\u00e9s de 20 milions d\u2019euros en aquest projecte \u2014una inversi\u00f3 per a la qual presentarem propostes als fons Next Generation EU, ja que s\u2019hi adapta perfectament perqu\u00e8 proposa un canvi del sistema econ\u00f2mic\u2014, l\u2019edifici ja existeix i ara s\u2019est\u00e0 equipant per dins (la inauguraci\u00f3 est\u00e0 prevista per despr\u00e9s de l\u2019estiu, tot i que encara no hi ha una data concreta). I all\u00e0, qu\u00e8 hi farem? Doncs a m\u00e9s d\u2019impressi\u00f3 3D, que \u00e9s el que estem fent tamb\u00e9 a la incubadora 3D Incubator (que en dos anys ja ha incubat fins a una seixantena d\u2019empreses quan la previsi\u00f3 era incubar-ne una vintena cada any, ra\u00f3 per la qual l\u2019hem hagut d\u2019ampliar dels 600 m2 inicials a 1.000 m2), al DFactory Barcelona s\u2019hi instal\u00b7laran empreses dedicades a la rob\u00f2tica, a la intel\u00b7lig\u00e8ncia artificial, a l\u2019IoT, a la sens\u00f2rica&#8230; En definitiva, empreses de la Ind\u00fastria 4.0. I la idea \u00e9s que, entre elles, hi hagi molta innovaci\u00f3 col\u00b7laborativa.<\/p>\n<blockquote>\n<h4 style=\"color: #719f8c; text-align: center;\"><img decoding=\"async\" loading=\"lazy\" class=\" wp-image-32563 alignright\" src=\"https:\/\/www.monempresarial.com\/wp-content\/uploads\/2021\/09\/icono-1-bombilla.jpg\" alt=\"\" width=\"209\" height=\"189\" srcset=\"https:\/\/www.monempresarial.com\/wp-content\/uploads\/2021\/09\/icono-1-bombilla.jpg 694w, https:\/\/www.monempresarial.com\/wp-content\/uploads\/2021\/09\/icono-1-bombilla-300x271.jpg 300w, https:\/\/www.monempresarial.com\/wp-content\/uploads\/2021\/09\/icono-1-bombilla-300x271@2x.jpg 600w\" sizes=\"(max-width: 209px) 100vw, 209px\" \/> \u201cAl DFactory Barcelona s\u2019hi instal\u00b7laran empreses dedicades a la impressi\u00f3 3D, a la rob\u00f2tica, a la intel\u00b7lig\u00e8ncia artificial, a l\u2019IoT, a la sens\u00f2rica&#8230; En definitiva, empreses de la Ind\u00fastria 4.0. I la idea \u00e9s que, entre elles, hi hagi molta innovaci\u00f3 col\u00b7laborativa.\u201d<\/h4>\n<\/blockquote>\n<p><span style=\"color: #719f8c;\"><strong>Vost\u00e8 ha declarat que volen ser un \u201creferent de la implementaci\u00f3 dels ODS al sector industrial i empresarial\u201d. Com aborden el repte de la transici\u00f3 energ\u00e8tica al sector? La ind\u00fastria del futur ser\u00e0 sostenible o no ser\u00e0?<\/strong><\/span><br \/>\nSi tornem als ODS, o aconseguim que l\u2019Agenda 2030 funcioni o no funcionar\u00e0 res al planeta. Perqu\u00e8 el rumb que portem \u00e9s un rumb d\u2019autodestrucci\u00f3. La bona not\u00edcia \u00e9s que tant en el sector p\u00fablic com en el privat cada vegada hi ha m\u00e9s consci\u00e8ncia que aix\u00f2 s\u2019ha d\u2019aconseguir. Per exemple, en un lloc com el Pol\u00edgon Industrial de la Zona Franca de Barcelona, que pot semblar un lloc molt dur, hi instal\u00b7larem una hidrogenera per als autobusos moguts per hidrogen que ha comprat TMB. A m\u00e9s, aquesta hidrogenera tamb\u00e9 donar\u00e0 servei a vehicles de gran tonatge com s\u00f3n els tr\u00e0ilers, els camions, etc.<br \/>\nM\u00e9s exemples: estem treballant amb les empreses del Pol\u00edgon per a la instal\u00b7laci\u00f3 de plaques fotovoltaiques a les seves teulades aix\u00ed com amb el Port de Barcelona i l\u2019empresa Ecoenergies per aprofitar l\u2019energia que es despr\u00e8n en el proc\u00e9s de regasificar el gas liquat que transporten alguns vaixells, i que es pot convertir en fred o calor que podem distribuir pel conjunt del Pol\u00edgon i, fins i tot, en algun espai adjacent del barri de La Marina.<br \/>\nA m\u00e9s, treballem en la implementaci\u00f3 del cotxe i del patinet el\u00e8ctrics al Pol\u00edgon, en la creaci\u00f3 de carrils bici i hem llan\u00e7at una app, en col\u00b7laboraci\u00f3 amb el RACC, per compartir cotxe.<\/p>\n<blockquote>\n<h4 style=\"color: #719f8c; text-align: center;\"><img decoding=\"async\" loading=\"lazy\" class=\"alignright wp-image-32565\" src=\"https:\/\/www.monempresarial.com\/wp-content\/uploads\/2021\/09\/icono-2-tierra.jpg\" alt=\"\" width=\"189\" height=\"165\" srcset=\"https:\/\/www.monempresarial.com\/wp-content\/uploads\/2021\/09\/icono-2-tierra.jpg 690w, https:\/\/www.monempresarial.com\/wp-content\/uploads\/2021\/09\/icono-2-tierra-300x263.jpg 300w, https:\/\/www.monempresarial.com\/wp-content\/uploads\/2021\/09\/icono-2-tierra-300x263@2x.jpg 600w\" sizes=\"(max-width: 189px) 100vw, 189px\" \/>\u201cO aconseguim que l\u2019Agenda 2030 funcioni o no funcionar\u00e0 res al planeta. Perqu\u00e8 el rumb que portem \u00e9s un rumb d\u2019autodestrucci\u00f3.\u201d<\/h4>\n<\/blockquote>\n<p><span style=\"color: #719f8c;\"><strong>Tamb\u00e9 dins de la seva estrat\u00e8gia per implementar els ODS figura el relacionat amb la igualtat de g\u00e8nere (el n\u00famero 5). Quins han de ser els seg\u00fcents passos per assolir la participaci\u00f3 plena i la igualtat d\u2019oportunitats de la dona en el sector industrial a nivell local i global?<\/strong><\/span><br \/>\nLa plena igualtat real, perqu\u00e8 ja existeix sobre el paper per\u00f2 no en la realitat, perqu\u00e8 si b\u00e9 vivim en un pa\u00eds on les lleis d\u2019igualtat entre homes i dones s\u00f3n de les m\u00e9s avan\u00e7ades del m\u00f3n, quan ens fixem en la realitat de la societat, aix\u00f2 no \u00e9s aix\u00ed. En el nostre cas, totes les nostres activitats estan impregnades de l\u2019ODS 5, precisament en un \u00e0mbit, l\u2019industrial, on aix\u00f2 fa molta falta. En el cas de la BWAW (Barcelona <em>Woman Acceleration Week<\/em>), per exemple, vam creure que havia de ser un esdeveniment mixt des del punt de vista de g\u00e8nere, perqu\u00e8 si hem de parlar del tema de la igualtat d\u2019oportunitats, n\u2019hem de parlar tots els que formem part d\u2019aquesta societat (vam ser un 70% dones i un 30% homes, aproximadament). I, d\u2019altra banda, tampoc vam voler que aquestes fossin unes jornades de lamentacions sin\u00f3 de posar en valor tot el que ja fan moltes dones en diferents espais del m\u00f3n econ\u00f2mic i en les professions STEM.<\/p>\n<p><strong><span style=\"color: #719f8c;\">Abans parlava del BNEW com a alternativa a les fires tradicionals que no es van poder celebrar per la pand\u00e8mia. Els salons en format digital han arribat per a quedar-se? <\/span><\/strong><br \/>\nJo estic conven\u00e7ut que les fires tradicionals tornaran i ens tornarem a aplegar, per\u00f2 segur que tindran un ingredient digital molt important. Seran esdeveniments h\u00edbrids que inclouran plataformes que permetran contactar no nom\u00e9s amb les persones que hi ha presents a la fira sin\u00f3 amb gent de tot el m\u00f3n.<\/p>\n<p><strong><span style=\"color: #719f8c;\"><img decoding=\"async\" loading=\"lazy\" class=\"alignleft wp-image-32985 size-full\" src=\"https:\/\/www.monempresarial.com\/wp-content\/uploads\/2021\/10\/cuadro-1-catok.jpg\" alt=\"\" width=\"234\" height=\"862\" \/>El preocupa que l\u2019ombra d\u2019una recessi\u00f3 econ\u00f2mica per la pand\u00e8mia dificulti encara m\u00e9s la incorporaci\u00f3 del jovent al mercat de treball? <\/span><\/strong><br \/>\nEfectivament, sabem que s\u2019estan destruint llocs de treball de l\u2019economia tradicional, per\u00f2, tamb\u00e9, que se\u2019n creen de nous. En aquest sentit, tant la incubadora d\u2019impressi\u00f3 3D com el DFactory Barcelona s\u00f3n una oportunitat per a la gent jove, perqu\u00e8 hi explorem aquestes noves professions.<br \/>\nD\u2019altra banda, estem desenvolupant un projecte de rehabilitaci\u00f3 de l\u2019emblem\u00e0tic edifici de Correus de Barcelona, juntament amb Correus i l\u2019Ajuntament de la ciutat, molt orientat a les noves professions que tenen a veure amb el m\u00f3n digital. I \u00e9s que, un cop acabades les obres, si b\u00e9 una part de l\u2019immoble funcionar\u00e0 com una oficina d\u2019atenci\u00f3 al p\u00fablic, tamb\u00e9 hi haur\u00e0 un centre d\u2019innovaci\u00f3 mitjan\u00e7ant Correos Lab i l\u2019Ajuntament de Barcelona es reservar\u00e0 diversos espais on connectar els joves que cerquen feina i necessiten adquirir noves compet\u00e8ncies amb les empreses que busquen nous perfils i no els troben al mercat. Ser\u00e0 com una mena de gresol on es fusionin els interessos dels uns amb els dels altres i d\u2019on puguin sortir joves que hagin adquirit uns coneixements i trobin una feina que els permeti tenir uns ingressos per viure dignament.<\/p>\n<blockquote>\n<h4 style=\"color: #719f8c; text-align: center;\">\u201cSabem que s\u2019estan destruint llocs de treball de l\u2019economia tradicional, per\u00f2, tamb\u00e9, que se\u2019n creen de nous. En aquest sentit, tant la incubadora d\u2019impressi\u00f3 3D com el DFactory Barcelona s\u00f3n una oportunitat per a la gent jove, perqu\u00e8 hi explorem aquestes noves professions.\u201d<\/h4>\n<\/blockquote>\n<p><strong><span style=\"color: #719f8c;\">Creu que la marca Barcelona segueix sent un reclam per als negocis internacionals? <\/span><\/strong><br \/>\nHo \u00e9s, i tenim xifres que diuen que Barcelona \u00e9s una de les principals capitals del m\u00f3n on la gent es vol instal\u00b7lar. Per\u00f2 perqu\u00e8 aix\u00f2 sigui possible tamb\u00e9 he de dir que Barcelona necessita una mica de pau. Necessitem consensos pol\u00edtics, econ\u00f2mics i socials. Necessitem compartir les eines que tenim els agents que actuem a la ciutat i treballar tots en la mateixa direcci\u00f3 perqu\u00e8 hi hagi fabricaci\u00f3, retenci\u00f3 i atracci\u00f3 de talent. Perqu\u00e8 la compet\u00e8ncia \u00e9s global. Si fem tot aix\u00f2, jo crec que Barcelona continuar\u00e0 sent una capital molt important al m\u00f3n, encara m\u00e9s del que ja ho \u00e9s ara.<\/p>\n<p><strong><span style=\"color: #719f8c;\">El 2012 va ser nomenat per la fundaci\u00f3 brit\u00e0nica City Majors com un dels 98 millors alcaldes del m\u00f3n. Personalment, despr\u00e9s de m\u00e9s de trenta anys al capdavant d\u2019iniciatives publiques i privades, de quines fites professionals se sent m\u00e9s orgull\u00f3s?<\/span><\/strong><br \/>\nEl que \u00e9s molt important per a mi \u00e9s el servei p\u00fablic: saber que, all\u00e0 on ets, est\u00e0s intentant donar un servei p\u00fablic en el sentit m\u00e9s ampli del terme. I aix\u00f2 vol dir oportunitats per a les persones. Per aix\u00f2, quan vaig arribar al Consorci, vaig dir-me que havia de ser una f\u00e0brica d\u2019oportunitats. Una f\u00e0brica, perqu\u00e8 aix\u00f2 \u00e9s un entorn industrial. I d\u2019oportunitats, perqu\u00e8 \u00e9s en el que estem treballant. Al llarg de la meva vida, sobretot en el m\u00f3n municipal, el que he intentat ha estat exercir aquest servei p\u00fablic: detectar les necessitats que tenien les persones i, en funci\u00f3 de les meves idees, aplicar els programes o projectes que poguessin donar-hi resposta.<\/p>\n<p><strong><span style=\"color: #719f8c;\">I de quina decisi\u00f3 es penedeix i\/o canviaria si pogu\u00e9s tornar enrere en el temps?<\/span><\/strong><br \/>\nQuan un pren una decisi\u00f3, sempre creu que \u00e9s la m\u00e9s encertada, per aix\u00f2, a vegades, del que et penedeixes no \u00e9s d\u2019haver fet alguna cosa malament sin\u00f3 d\u2019haver deixat de fer-ne alguna altra. En general, jo soc una persona de tirar-me a totes les piscines, per\u00f2 s\u00ed que he pensat que podria haver for\u00e7at una mica m\u00e9s aqu\u00ed o all\u00e0&#8230; Per\u00f2, en tot cas, ja hi ha els altres per assenyalar els teus errors.<\/p>\n<p><strong><span style=\"color: #719f8c;\">Quins aprenentatges s\u2019end\u00fa de les seves diverses experi\u00e8ncies professionals?<\/span><\/strong><br \/>\nJo crec que el mateix aprenentatge \u00e9s el privilegi m\u00e9s gran, perqu\u00e8 no parem d\u2019aprendre gr\u00e0cies a totes les persones que coneixem al llarg de la nostra carrera. Persones que ens transmeten les seves ensenyances i que tamb\u00e9 ens ajuden a aprendre a acceptar la discrep\u00e0ncia i a entendre que no tenim la veritat absoluta.<\/p>\n<p><strong><span style=\"color: #719f8c;\">Quins s\u00f3n els seus plans de futur?<\/span><\/strong><br \/>\nConsolidar la DFactory Barcelona, el 3D Incubator i aconseguir que el Pol\u00edgon Industrial de la Zona Franca de Barcelona deixi de ser un pol\u00edgon dur per fer-lo m\u00e9s amable i, si pot ser, fins i tot fer-hi activitats culturals.<\/p>\n<p><img decoding=\"async\" loading=\"lazy\" class=\"aligncenter wp-image-32804 size-full\" src=\"https:\/\/www.monempresarial.com\/wp-content\/uploads\/2021\/09\/cuadro-test-cat.jpg\" alt=\"\" width=\"563\" height=\"673\" srcset=\"https:\/\/www.monempresarial.com\/wp-content\/uploads\/2021\/09\/cuadro-test-cat.jpg 563w, https:\/\/www.monempresarial.com\/wp-content\/uploads\/2021\/09\/cuadro-test-cat-251x300.jpg 251w, https:\/\/www.monempresarial.com\/wp-content\/uploads\/2021\/09\/cuadro-test-cat-251x300@2x.jpg 502w\" sizes=\"(max-width: 563px) 100vw, 563px\" \/><\/p>\n<p>&nbsp;<\/p>\n<p>&nbsp;<\/p>\n<p>&nbsp;<\/p>\n<p>&nbsp;<\/p>\n","protected":false},"excerpt":{"rendered":"<p>\u00c9s Llicenciat en Ci\u00e8ncies Biol\u00f2giques per la Universitat Aut\u00f2noma de Barcelona, per\u00f2 la traject\u00f2ria laboral de Pere Navarro i Morera (Terrassa, 1959) l\u2019ha dut lluny dels laboratoris i l\u2019ha apropat a la gent. Ha estat alcalde de Terrassa, primer secretari del Partit dels Socialistes de Catalunya (PSC), diputat al Parlament i candidat a la presid\u00e8ncia de la Generalitat (2017) per aquesta formaci\u00f3, entre d\u2019altres c\u00e0rrecs p\u00fablics i privats. Despr\u00e9s d\u2019un any de pand\u00e8mia en qu\u00e8 el sector industrial tamb\u00e9 s\u2019ha hagut de reinventar, centra ara els seus esfor\u00e7os a consolidar els ambiciosos projectes innovadors del Consorci de la Zona Franca de Barcelona cap a l\u2019economia 4.0, com ara el DFactory Barcelona. Vol transformar, aix\u00ed, el seu Pol\u00edgon Industrial per fer-lo, \u201cmenys dur i m\u00e9s amable<\/p>\n","protected":false},"author":1,"featured_media":32992,"comment_status":"closed","ping_status":"closed","sticky":false,"template":"","format":"standard","meta":{"_mi_skip_tracking":false,"mc4wp_mailchimp_campaign":[],"jnews-multi-image_gallery":[],"jnews_single_post":{"source_name":"","source_url":"","via_name":"","via_url":"","override_template":"0","override":[{"template":"1","single_blog_custom":"","parallax":"1","fullscreen":"1","layout":"right-sidebar","sidebar":"default-sidebar","second_sidebar":"default-sidebar","sticky_sidebar":"1","share_position":"bottom","share_float_style":"share-monocrhome","show_share_counter":"1","show_view_counter":"1","show_featured":"1","show_post_meta":"1","show_post_author":"1","show_post_author_image":"1","show_post_date":"1","post_date_format":"default","post_date_format_custom":"Y\/m\/d","show_post_category":"0","show_post_reading_time":"1","post_reading_time_wpm":"300","show_zoom_button":"0","zoom_button_out_step":"2","zoom_button_in_step":"3","show_post_tag":"1","show_prev_next_post":"0","show_popup_post":"1","number_popup_post":"2","show_author_box":"1","show_post_related":"1","show_inline_post_related":"1"}],"override_image_size":"0","image_override":[{"single_post_thumbnail_size":"crop-715","single_post_gallery_size":"crop-500"}],"trending_post":"0","trending_post_position":"meta","trending_post_label":"Trending","sponsored_post":"0","sponsored_post_label":"Sponsored by","sponsored_post_name":"","sponsored_post_url":"","sponsored_post_logo_enable":"0","sponsored_post_logo":"","sponsored_post_desc":"","disable_ad":"0"},"jnews_primary_category":{"id":"10716","hide":""}},"categories":[10820,10821,12,33,10825],"tags":[435,613,1125,1174,10267],"_links":{"self":[{"href":"https:\/\/www.monempresarial.com\/ca\/wp-json\/wp\/v2\/posts\/32579"}],"collection":[{"href":"https:\/\/www.monempresarial.com\/ca\/wp-json\/wp\/v2\/posts"}],"about":[{"href":"https:\/\/www.monempresarial.com\/ca\/wp-json\/wp\/v2\/types\/post"}],"author":[{"embeddable":true,"href":"https:\/\/www.monempresarial.com\/ca\/wp-json\/wp\/v2\/users\/1"}],"replies":[{"embeddable":true,"href":"https:\/\/www.monempresarial.com\/ca\/wp-json\/wp\/v2\/comments?post=32579"}],"version-history":[{"count":5,"href":"https:\/\/www.monempresarial.com\/ca\/wp-json\/wp\/v2\/posts\/32579\/revisions"}],"predecessor-version":[{"id":46089,"href":"https:\/\/www.monempresarial.com\/ca\/wp-json\/wp\/v2\/posts\/32579\/revisions\/46089"}],"wp:featuredmedia":[{"embeddable":true,"href":"https:\/\/www.monempresarial.com\/ca\/wp-json\/wp\/v2\/media\/32992"}],"wp:attachment":[{"href":"https:\/\/www.monempresarial.com\/ca\/wp-json\/wp\/v2\/media?parent=32579"}],"wp:term":[{"taxonomy":"category","embeddable":true,"href":"https:\/\/www.monempresarial.com\/ca\/wp-json\/wp\/v2\/categories?post=32579"},{"taxonomy":"post_tag","embeddable":true,"href":"https:\/\/www.monempresarial.com\/ca\/wp-json\/wp\/v2\/tags?post=32579"}],"curies":[{"name":"wp","href":"https:\/\/api.w.org\/{rel}","templated":true}]}}