{"id":32704,"date":"2021-10-21T17:14:54","date_gmt":"2021-10-21T15:14:54","guid":{"rendered":"https:\/\/www.monempresarial.com\/2021\/09\/29\/jeffrey-sachs-promotor-instrumental-de-los-objetivos-de-desarrollo-sostenible-ods\/"},"modified":"2025-06-06T10:00:49","modified_gmt":"2025-06-06T08:00:49","slug":"jeffrey-sachs-promotor-instrumental-dels-objectius-de-desenvolupament-sostenible-ods","status":"publish","type":"post","link":"https:\/\/www.monempresarial.com\/ca\/2021\/10\/21\/jeffrey-sachs-promotor-instrumental-dels-objectius-de-desenvolupament-sostenible-ods\/","title":{"rendered":"Jeffrey Sachs: Promotor instrumental dels Objectius de Desenvolupament Sostenible (ODS)"},"content":{"rendered":"<p><strong><img decoding=\"async\" loading=\"lazy\" class=\"alignright wp-image-31460\" src=\"https:\/\/www.monempresarial.com\/wp-content\/uploads\/2021\/06\/WafaKhlifOK.jpg\" alt=\"\" width=\"202\" height=\"301\" srcset=\"https:\/\/www.monempresarial.com\/wp-content\/uploads\/2021\/06\/WafaKhlifOK.jpg 1186w, https:\/\/www.monempresarial.com\/wp-content\/uploads\/2021\/06\/WafaKhlifOK-201x300.jpg 201w, https:\/\/www.monempresarial.com\/wp-content\/uploads\/2021\/06\/WafaKhlifOK-685x1024.jpg 685w, https:\/\/www.monempresarial.com\/wp-content\/uploads\/2021\/06\/WafaKhlifOK-1028x1536.jpg 1028w, https:\/\/www.monempresarial.com\/wp-content\/uploads\/2021\/06\/WafaKhlifOK-201x300@2x.jpg 402w\" sizes=\"(max-width: 202px) 100vw, 202px\" \/>Els governs, les empreses i la societat civil poden utilitzar l&#8217;<em>Informe sobre el Desenvolupament Sostenible<\/em> per identificar les prioritats d&#8217;acci\u00f3 i comprendre els principals desafiaments pel que fa a la implementaci\u00f3 dels ODS. A m\u00e9s, aquest document serveix per fer un seguiment dels aven\u00e7os, garantir la rendici\u00f3 de comptes i identificar les bretxes que han de tancar-se per assolir-los pel 2030. No obstant aix\u00f2, el fet que en els comptes financers de les empreses no s&#8217;hi hagi d&#8217;incloure aquesta informaci\u00f3 fa que no es vegin involucrades en la seva implementaci\u00f3 i, per aix\u00f2, tinguin menys efectivitat des del punt de vista empresarial. <\/strong><\/p>\n<p><strong><span style=\"color: #cc8215;\">Wafa Khlif.<\/span> Phd, professora de <em>Cost Management<\/em> a TBS Business School.<\/strong><\/p>\n<hr style=\"color: #b72126;\" \/>\n<p><strong><span style=\"color: #cc8215;\">17 OBJECTIUS PER AL PLANETA<\/span><\/strong><br \/>\nEls Objectius de Desenvolupament Sostenible (2015-2030) s\u00f3n una iniciativa impulsada per les Nacions Unides per donar continu\u00eftat a l&#8217;agenda de desenvolupament despr\u00e9s dels 8 Objectius de Desenvolupament del Mil\u00b7lenni (2000-2015) i que inclouen noves esferes com ara el canvi clim\u00e0tic, la desigualtat econ\u00f2mica, la innovaci\u00f3, el consum sostenible, la pau i la just\u00edcia, entre d&#8217;altres prioritats. Els ODS van ser aprovats per l&#8217;ONU, a Nova York, el 2015.<br \/>\nEn l\u2019\u00e0mbit acad\u00e8mic, Jeffrey D. Sachs, economista i assessor de l&#8217;ONU, va afirmar que &#8220;els ODS s\u00f3n la prova suprema de la pol\u00edtica&#8221;, ja que proporcionen un marc hol\u00edstic, aplicable a tots els pa\u00efsos. La seva finalitat \u00e9s erradicar la pobresa, fer cr\u00e9ixer les economies, protegir el medi ambient, avan\u00e7ar en la pau i promoure la bona governan\u00e7a. I aquests ODS s\u00f3n aplicables tant als pa\u00efsos emergents i en desenvolupament com a les nacions industrialitzades.<\/p>\n<p><strong><span style=\"color: #cc8215;\">UNA PERSPECTIVA HOL\u00cdSTICA, PER\u00d2 INSTRUMENTAL\/NORMATIVA<\/span><\/strong><br \/>\nJeffrey Sachs analitza els reptes d&#8217;assolir el creixement econ\u00f2mic mentre es protegeix el medi ambient i s&#8217;aconsegueix una distribuci\u00f3 equitativa dels recursos. Aconsella que el m\u00f3n unit arbitri i faci de mitjancer entre els capitals (hum\u00e0, de xarxa, ecol\u00f2gic, econ\u00f2mic, financer, etc.). Per\u00f2 el marc d&#8217;actuaci\u00f3 no q\u00fcestiona dos axiomes relacionats: l&#8217;hegemonia del model econ\u00f2mic occidental i el creixement econ\u00f2mic infinit.<\/p>\n<p><strong><span style=\"color: #cc8215;\">UNA VISI\u00d3 POL\u00cdTICA &#8220;CR\u00c8DULA&#8221;<\/span><\/strong><br \/>\nLes cr\u00edtiques a Sachs s&#8217;han multiplicat ja que s&#8217;ha demostrat, amb xifres, que el creixement no redueix la pobresa: mentre que el PIB mundial ha crescut un 271% des del 1990, el nombre de persones que viuen amb menys de 5 d\u00f2lars al dia ha augmentat en m\u00e9s de 370 milions. Aquest model de creixement tampoc no redueix la desigualtat. Un cop m\u00e9s, les xifres indiquen que nom\u00e9s l&#8217;1% dels habitants de la terra posseeix m\u00e9s del 90% de la riquesa mundial, que no disminueix.<br \/>\nUn altre exemple, els ODS no diuen res sobre el r\u00e8gim comercial injust de l&#8217;Organitzaci\u00f3 Mundial del Comer\u00e7, ni sobre els nombrosos acords bilaterals de comer\u00e7 i d\u2019inversi\u00f3 que liberalitzen els mercats mundials a costa dels pa\u00efsos sense poder de negociaci\u00f3 (pobres). De fet, en lloc d&#8217;abordar aquesta q\u00fcesti\u00f3 crucial, l&#8217;Objectiu 17.10 demana m\u00e9s liberalitzaci\u00f3 comercial i m\u00e9s poder per a l&#8217;OMC.<br \/>\nEn definitiva, els ODS promouen una falsa sensaci\u00f3 d&#8217;\u00e8xit i faciliten que els governs competeixen en lloc de cooperar, i aix\u00f2 refor\u00e7a encara m\u00e9s la divisi\u00f3 global de la feina i la bretxa tecnol\u00f2gica.<\/p>\n<blockquote>\n<h2><span style=\"color: #cc8215;\"><img decoding=\"async\" loading=\"lazy\" class=\"alignright wp-image-32690\" src=\"https:\/\/www.monempresarial.com\/wp-content\/uploads\/2021\/09\/icono-mano.jpg\" alt=\"\" width=\"163\" height=\"76\" srcset=\"https:\/\/www.monempresarial.com\/wp-content\/uploads\/2021\/09\/icono-mano.jpg 770w, https:\/\/www.monempresarial.com\/wp-content\/uploads\/2021\/09\/icono-mano-300x140.jpg 300w, https:\/\/www.monempresarial.com\/wp-content\/uploads\/2021\/09\/icono-mano-300x140@2x.jpg 600w\" sizes=\"(max-width: 163px) 100vw, 163px\" \/>El creixement no redueix la pobresa: mentre que el PIB mundial ha crescut un 271% des del 1990, el nombre de persones que viuen amb menys de 5 d\u00f2lars al dia ha augmentat en m\u00e9s de 370 milions<\/span><\/h2>\n<\/blockquote>\n<p><strong><span style=\"color: #cc8215;\">LA SOSTENIBILITAT ALS COMPTES FINANCERS DE LES EMPRESAS<\/span><\/strong><br \/>\nLa integraci\u00f3 dels factors ambientals, socials i de governan\u00e7a en les decisions d&#8217;inversi\u00f3 pot ajudar a posar en relleu els riscos i les oportunitats que no s\u00f3n visibles en la formulaci\u00f3 de comptes tradicional. Es poden comparar les empreses basant-se en criteris extrafinancers? La resposta \u00e9s negativa!<br \/>\nEl primer problema segueix sent la profusi\u00f3 d&#8217;est\u00e0ndards i de normes que no ajuden a la comparaci\u00f3: la norma ISO 26000, la Global Reporting Initiative (GRI), els Objectius de Desenvolupament Sostenible (ODS) i els seus objectius subjacents, les directrius del Grup de Treball sobre Divulgaci\u00f3 Financera de Clima (TCFD), el CDP: abans Carbon Disclosure Project, el Consell de Normes de Comptabilitat de la Sostenibilitat (SASB), el Consell de Normes de Divulgaci\u00f3 del Clima (CDSB), la Taxonomia Europea d&#8217;Empreses Verdes (Green Deal)&#8230;<br \/>\nEl segon problema \u00e9s que el discurs pugui prevaler sobre l&#8217;acci\u00f3 real de l&#8217;empresa. Actualment, m\u00e9s del 95% de les empreses m\u00e9s grans del m\u00f3n publiquen un informe de &#8220;desenvolupament sostenible&#8221; que pot estar integrat dins del seu informe anual o b\u00e9 pot publicar-se com a informe separat espec\u00edfic. El 1999, aquesta proporci\u00f3 era nom\u00e9s del 32%. No obstant aix\u00f2, augmenten les multes i les protestes per la seva falta d&#8217;aplicaci\u00f3.<br \/>\nHi ha veritables intents de comptabilitat integradora que no deixen de banda els elements d&#8217;informaci\u00f3 mediambiental i humana (CARE, BioAccounting, LIFT, etc.). Aix\u00f2 \u00e9s totalment factible, ja que la comptabilitat \u00e9s sobretot un consens i nom\u00e9s cal canviar el marc de refer\u00e8ncia per fer evolucionar aquesta informaci\u00f3 financera. De forma activa, la comptabilitat deixa de servir \u00fanicament el capital i es posa a disposici\u00f3 de la traducci\u00f3 holista de l&#8217;activitat de l&#8217;empresa.<\/p>\n<p><img decoding=\"async\" loading=\"lazy\" class=\"aligncenter wp-image-32840 \" src=\"https:\/\/www.monempresarial.com\/wp-content\/uploads\/2021\/10\/cuadre-de-prop.jpg\" alt=\"\" width=\"366\" height=\"549\" srcset=\"https:\/\/www.monempresarial.com\/wp-content\/uploads\/2021\/10\/cuadre-de-prop.jpg 433w, https:\/\/www.monempresarial.com\/wp-content\/uploads\/2021\/10\/cuadre-de-prop-200x300.jpg 200w, https:\/\/www.monempresarial.com\/wp-content\/uploads\/2021\/10\/cuadre-de-prop-200x300@2x.jpg 400w\" sizes=\"(max-width: 366px) 100vw, 366px\" \/><\/p>\n<p>&nbsp;<\/p>\n<p><img decoding=\"async\" loading=\"lazy\" class=\"wp-image-32709 aligncenter\" src=\"https:\/\/www.monempresarial.com\/wp-content\/uploads\/2021\/09\/CONTRAPUNT.jpg\" alt=\"\" width=\"540\" height=\"124\" srcset=\"https:\/\/www.monempresarial.com\/wp-content\/uploads\/2021\/09\/CONTRAPUNT.jpg 1380w, https:\/\/www.monempresarial.com\/wp-content\/uploads\/2021\/09\/CONTRAPUNT-300x69.jpg 300w, https:\/\/www.monempresarial.com\/wp-content\/uploads\/2021\/09\/CONTRAPUNT-1024x235.jpg 1024w, https:\/\/www.monempresarial.com\/wp-content\/uploads\/2021\/09\/CONTRAPUNT-300x69@2x.jpg 600w\" sizes=\"(max-width: 540px) 100vw, 540px\" \/><\/p>\n<h4><img decoding=\"async\" loading=\"lazy\" class=\"alignleft wp-image-31454\" src=\"https:\/\/www.monempresarial.com\/wp-content\/uploads\/2021\/06\/angels-roqueta-NUEVA.jpg\" alt=\"\" width=\"161\" height=\"242\" srcset=\"https:\/\/www.monempresarial.com\/wp-content\/uploads\/2021\/06\/angels-roqueta-NUEVA.jpg 283w, https:\/\/www.monempresarial.com\/wp-content\/uploads\/2021\/06\/angels-roqueta-NUEVA-200x300.jpg 200w\" sizes=\"(max-width: 161px) 100vw, 161px\" \/>Texto: <span style=\"color: #cc8215;\">\u00c0ngels Roqueta. <\/span><\/h4>\n<p><strong>PhD, socia de COMPAS PROFESSIONAL EXPERTISE SL.<\/strong><\/p>\n<hr style=\"color: #b72126;\" \/>\n<p>Des de fa alguns anys, constatem que hi ha un canvi de paradigma empresarial: el debat est\u00e0 en qu\u00e8 han d&#8217;aportar les empreses a la societat. Fins fa poc, se suposava que la missi\u00f3 de les empreses era la generaci\u00f3 de riquesa. I la riquesa creada es repartia en forma de: rendes de la feina, dividends als accionistes i pagament d&#8217;impostos com a aportaci\u00f3 a la societat en general.<\/p>\n<p><span style=\"color: #cc8215;\"><strong>QU\u00c8 I COM COMUNICAR PER SER RESPONSABLES<\/strong><\/span><br \/>\nActualment, les empreses estan obligades a informar sobre altres aspectes que es consideren essencials. \u00c9s a dir, han de ser transparents pel que fa als punts relacionats amb el seu entorn i que s&#8217;engloben dins del concepte d\u2019&#8221;Informaci\u00f3 no financera a incloure en els comptes anuals&#8221;. En el cas d&#8217;Espanya, a les empreses de certa grand\u00e0ria, la legislaci\u00f3 els obliga a informar dels seg\u00fcents aspectes:<\/p>\n<p><img decoding=\"async\" loading=\"lazy\" class=\" wp-image-32712 aligncenter\" src=\"https:\/\/www.monempresarial.com\/wp-content\/uploads\/2021\/09\/cuadro-contrapunto-catalan.jpg\" alt=\"\" width=\"581\" height=\"459\" srcset=\"https:\/\/www.monempresarial.com\/wp-content\/uploads\/2021\/09\/cuadro-contrapunto-catalan.jpg 610w, https:\/\/www.monempresarial.com\/wp-content\/uploads\/2021\/09\/cuadro-contrapunto-catalan-300x237.jpg 300w, https:\/\/www.monempresarial.com\/wp-content\/uploads\/2021\/09\/cuadro-contrapunto-catalan-300x237@2x.jpg 600w\" sizes=\"(max-width: 581px) 100vw, 581px\" \/><\/p>\n<p>&nbsp;<\/p>\n<p>Per als financers i els auditors, la necessitat d&#8217;informar sobre aquestes q\u00fcestions els fa plantejar nombroses q\u00fcestions. Qui ha d&#8217;elaborar, centralitzar, consolidar i controlar aquesta informaci\u00f3? Quins aspectes s\u00f3n materials? Quina an\u00e0lisi i quins indicadors s\u00f3n clau per mitigar els riscos? Com s&#8217;homogene\u00eftza la informaci\u00f3? Qui ha d&#8217;aprovar aquest informe? Ha de ser verificat per un expert independent? Quina publicitat ha de tenir? I quins s\u00f3n els efectes de la manca d&#8217;informaci\u00f3?<\/p>\n<p>Per als inversors responsables, aquesta informaci\u00f3 m\u00e9s detallada, i sobretot si \u00e9s fidel i de qualitat, els reportar\u00e0 m\u00e9s confian\u00e7a en l&#8217;organitzaci\u00f3 i, per tant, s&#8217;ha de veure com un benefici indirecte i no nom\u00e9s com una obligaci\u00f3 legal. \u00c9s a dir, aporta un plus de &#8220;gesti\u00f3 responsable&#8221;.<\/p>\n","protected":false},"excerpt":{"rendered":"<p>Els governs, les empreses i la societat civil poden utilitzar l&#8217;Informe sobre el Desenvolupament Sostenible per identificar les prioritats d&#8217;acci\u00f3 i comprendre els principals desafiaments pel que fa a la implementaci\u00f3 dels ODS. A m\u00e9s, aquest document serveix per fer un seguiment dels aven\u00e7os, garantir la rendici\u00f3 de comptes i identificar les bretxes que han de tancar-se per assolir-los pel 2030. No obstant aix\u00f2, el fet que en els comptes financers de les empreses no s&#8217;hi hagi d&#8217;incloure aquesta informaci\u00f3 fa que no es vegin involucrades en la seva implementaci\u00f3 i, per aix\u00f2, tinguin menys efectivitat des del punt de vista empresarial.<\/p>\n","protected":false},"author":1,"featured_media":32703,"comment_status":"closed","ping_status":"closed","sticky":false,"template":"","format":"standard","meta":{"_mi_skip_tracking":false,"mc4wp_mailchimp_campaign":[],"jnews-multi-image_gallery":[],"jnews_single_post":[],"jnews_primary_category":[]},"categories":[10821,10822,10820,11,5057],"tags":[1181,2385,8519,329,826,1174],"_links":{"self":[{"href":"https:\/\/www.monempresarial.com\/ca\/wp-json\/wp\/v2\/posts\/32704"}],"collection":[{"href":"https:\/\/www.monempresarial.com\/ca\/wp-json\/wp\/v2\/posts"}],"about":[{"href":"https:\/\/www.monempresarial.com\/ca\/wp-json\/wp\/v2\/types\/post"}],"author":[{"embeddable":true,"href":"https:\/\/www.monempresarial.com\/ca\/wp-json\/wp\/v2\/users\/1"}],"replies":[{"embeddable":true,"href":"https:\/\/www.monempresarial.com\/ca\/wp-json\/wp\/v2\/comments?post=32704"}],"version-history":[{"count":1,"href":"https:\/\/www.monempresarial.com\/ca\/wp-json\/wp\/v2\/posts\/32704\/revisions"}],"predecessor-version":[{"id":46088,"href":"https:\/\/www.monempresarial.com\/ca\/wp-json\/wp\/v2\/posts\/32704\/revisions\/46088"}],"wp:featuredmedia":[{"embeddable":true,"href":"https:\/\/www.monempresarial.com\/ca\/wp-json\/wp\/v2\/media\/32703"}],"wp:attachment":[{"href":"https:\/\/www.monempresarial.com\/ca\/wp-json\/wp\/v2\/media?parent=32704"}],"wp:term":[{"taxonomy":"category","embeddable":true,"href":"https:\/\/www.monempresarial.com\/ca\/wp-json\/wp\/v2\/categories?post=32704"},{"taxonomy":"post_tag","embeddable":true,"href":"https:\/\/www.monempresarial.com\/ca\/wp-json\/wp\/v2\/tags?post=32704"}],"curies":[{"name":"wp","href":"https:\/\/api.w.org\/{rel}","templated":true}]}}