{"id":3280,"date":"2015-03-04T08:00:33","date_gmt":"2015-03-04T07:00:33","guid":{"rendered":"http:\/\/monempresarial.com\/?p=3280"},"modified":"2025-09-16T11:48:19","modified_gmt":"2025-09-16T09:48:19","slug":"tecniques-utils-inversor","status":"publish","type":"post","link":"https:\/\/www.monempresarial.com\/ca\/2015\/03\/04\/tecniques-utils-inversor\/","title":{"rendered":"T\u00e8cniques \u00fatils<\/span> per a l&#8217;inversor I"},"content":{"rendered":"<h4 style=\"color: #000000;\">Aquesta secci\u00f3 t\u00e9 com a objectiu de proporcionar a l\u2019inversor tant coneixements com t\u00e8cniques que els podran ser \u00fatils a l\u2019hora de prendre decisions sobre quins actius incloure en la cartera d\u2019inversi\u00f3. Per aix\u00f2, aquest primer article se centra en el disseny de la cartera i el perfil de la inversi\u00f3.<\/h4>\n<h4><span style=\"color: #999966; text-transform: uppercase;\">Jos\u00e9 Manuel Aragu\u00e1s.<\/span><span style=\"color: #663300; text-transform: uppercase;\">\u00a0<\/span><span style=\"color: #000000;\">Professor titular de Mercats Financers a la UB.<\/span><\/h4>\n<hr style=\"color: #b72126;\" \/>\n<p><strong>La primera decisi\u00f3 que cal prendre<\/strong> \u00e9s definir quin perfil d\u2019inversor s\u2019escull. Per a aix\u00f2, \u00e9s important considerar la idea generalitzada que el tipus de rendiment que l\u2019inversor hauria de provar d\u2019assolir \u00e9s m\u00e9s o menys proporcional al nivell de risc que est\u00e0 disposat a c\u00f3rrer. Aquest binomi entre rendibilitat-risc \u00e9s clau per definir el perfil de la inversi\u00f3. No obstant aix\u00f2, l\u2019economista Benjamin Graham en el seu llibre <em>El inversor inteligente<\/em> posa en entredit aquesta idea generalitzada de risc-rendibilitat, tot declarant que el rendiment que s\u2019ha de procurar assolir hauria de dependre de la quantitat d\u2019esfor\u00e7 intel\u00b7ligent que l\u2019inversor est\u00e0 disposat a arriscar i \u00e9s capa\u00e7 d\u2019aportar a aquesta tasca.<\/p>\n<p><span style=\"color: #999966; font-weight: bold; text-transform: uppercase;\">Diferents perfils d\u2019inversi\u00f3<\/span><br \/>\nEn general, els perfils d\u2019inversi\u00f3, i per tant, la categoria de la cartera, dependran de quin \u00e9s l\u2019objectiu de la inversi\u00f3 i quin \u00e9s el perfil de risc. La industria dels fons d\u2019inversi\u00f3 desenvolupa productes diferenciats amb l\u2019objectiu de satisfer les necessitats de l\u2019inversor. Aix\u00ed, la forquilla de fons abasta des dels conservadors que tracten de mantenir el capital, fins els m\u00e9s agressius, coneguts com a <i>Hedge funds<\/i>, que assumeixen un risc substancial a fi d\u2019assolir alts rendiments.<\/p>\n<p><img decoding=\"async\" loading=\"lazy\" class=\"size-full wp-image-3284 aligncenter\" src=\"http:\/\/monempresarial.com\/wp-content\/uploads\/2015\/03\/monempresarial-001_infografia-inversio.png\" alt=\"Infografia. Categories de cartera de fons\" width=\"750\" height=\"778\" srcset=\"https:\/\/www.monempresarial.com\/wp-content\/uploads\/2015\/03\/monempresarial-001_infografia-inversio.png 750w, https:\/\/www.monempresarial.com\/wp-content\/uploads\/2015\/03\/monempresarial-001_infografia-inversio-289x300.png 289w, https:\/\/www.monempresarial.com\/wp-content\/uploads\/2015\/03\/monempresarial-001_infografia-inversio-289x300@2x.png 578w\" sizes=\"(max-width: 750px) 100vw, 750px\" \/><\/p>\n<p><span style=\"color: #999966; font-weight: bold; text-transform: uppercase;\">La millor combinaci\u00f3 (renda fixa o variable i sectors)<\/span><br \/>\nEvidentment, a banda de saber quin \u00e9s el perfil en termes de rendibilitat i risc de l\u2019inversor, aquest ha de con\u00e8ixer quina ha de ser la combinaci\u00f3 adient dels actius o cartera, tant pel que fa a renda fixa com a renda variable, i en quins sectors espec\u00edfics ha d\u2019invertir. L\u00f2gicament, per a un inversor individual ens sembla que deixar-se assessorar per especialistes \u00e9s el m\u00e9s correcte, per\u00f2 tamb\u00e9 considerem convenient que s\u00e0piga analitzar les inversions que li convenen amb la finalitat de tenir un criteri format sobre la selecci\u00f3 d\u2019actius, tenint en compte la mala experi\u00e8ncia passada amb la crisi financera, que ens ha donat mostres de la desconfian\u00e7a que existeix envers les institucions financeres.<\/p>\n","protected":false},"excerpt":{"rendered":"<p>Aquesta secci\u00f3 t\u00e9 com a objectiu de proporcionar a l\u2019inversor tant coneixements com t\u00e8cniques que els podran ser \u00fatils a l\u2019hora de prendre decisions sobre quins actius incloure en la cartera d\u2019inversi\u00f3. Per aix\u00f2, aquest primer article se centra en el disseny de la cartera i el perfil de la inversi\u00f3.<\/p>\n","protected":false},"author":2,"featured_media":3282,"comment_status":"open","ping_status":"open","sticky":false,"template":"","format":"standard","meta":{"_mi_skip_tracking":false,"mc4wp_mailchimp_campaign":[],"jnews-multi-image_gallery":[],"jnews_single_post":[],"jnews_primary_category":[]},"categories":[9,10839,10815,10841,20],"tags":[251,259,261,262,263,264,265,1060],"_links":{"self":[{"href":"https:\/\/www.monempresarial.com\/ca\/wp-json\/wp\/v2\/posts\/3280"}],"collection":[{"href":"https:\/\/www.monempresarial.com\/ca\/wp-json\/wp\/v2\/posts"}],"about":[{"href":"https:\/\/www.monempresarial.com\/ca\/wp-json\/wp\/v2\/types\/post"}],"author":[{"embeddable":true,"href":"https:\/\/www.monempresarial.com\/ca\/wp-json\/wp\/v2\/users\/2"}],"replies":[{"embeddable":true,"href":"https:\/\/www.monempresarial.com\/ca\/wp-json\/wp\/v2\/comments?post=3280"}],"version-history":[{"count":1,"href":"https:\/\/www.monempresarial.com\/ca\/wp-json\/wp\/v2\/posts\/3280\/revisions"}],"predecessor-version":[{"id":47128,"href":"https:\/\/www.monempresarial.com\/ca\/wp-json\/wp\/v2\/posts\/3280\/revisions\/47128"}],"wp:featuredmedia":[{"embeddable":true,"href":"https:\/\/www.monempresarial.com\/ca\/wp-json\/wp\/v2\/media\/3282"}],"wp:attachment":[{"href":"https:\/\/www.monempresarial.com\/ca\/wp-json\/wp\/v2\/media?parent=3280"}],"wp:term":[{"taxonomy":"category","embeddable":true,"href":"https:\/\/www.monempresarial.com\/ca\/wp-json\/wp\/v2\/categories?post=3280"},{"taxonomy":"post_tag","embeddable":true,"href":"https:\/\/www.monempresarial.com\/ca\/wp-json\/wp\/v2\/tags?post=3280"}],"curies":[{"name":"wp","href":"https:\/\/api.w.org\/{rel}","templated":true}]}}