{"id":32904,"date":"2021-10-28T08:00:54","date_gmt":"2021-10-28T06:00:54","guid":{"rendered":"https:\/\/www.monempresarial.com\/2021\/10\/15\/perspectiva-del-trimestre-mantener-la-recuperacion-en-marcha\/"},"modified":"2025-09-24T11:00:10","modified_gmt":"2025-09-24T09:00:10","slug":"perspectiva-del-trimestre-mantenir-la-recuperacio-en-marxa","status":"publish","type":"post","link":"https:\/\/www.monempresarial.com\/ca\/2021\/10\/28\/perspectiva-del-trimestre-mantenir-la-recuperacio-en-marxa\/","title":{"rendered":"PERSPECTIVA DEL TRIMESTRE. Mantenir la recuperaci\u00f3 en marxa"},"content":{"rendered":"<p><strong>Amb el t\u00edtol <em>Mantenir la recuperaci\u00f3 en marxa<\/em>, l&#8217;OCDE ha actualitzat, el mes de setembre de 2021, les seves previsions d&#8217;evoluci\u00f3 econ\u00f2mica global que resumeix la taula adjunta.<\/strong><\/p>\n<h4><span style=\"color: #829c92;\">JUAN TUGORES QUES.<\/span> <strong>C<\/strong><strong>atedr\u00e0tic d&#8217;Econom\u00eda de la UB.<\/strong><\/h4>\n<hr \/>\n<p>Aquest organisme destaca, en positiu, com la recuperaci\u00f3 a escala global continua, amb una taxa de creixement prevista del 5,5% pel 2021. Alhora, insisteix, per\u00f2, en la necessitat de cautela, que es tradueix en un cert alentiment de l&#8217;impuls (amb una revisi\u00f3 a la baixa en una d\u00e8cima d&#8217;aquesta xifra de dinamisme global respecte a la previsi\u00f3 efectuada a la primavera) i amb riscos a tenir en compte, des dels sanitaris \u2013com ara noves variants de virus o l\u2019encara limitada extensi\u00f3 de les vacunes a pa\u00efsos menys desenvolupats\u2013 fins als m\u00e9s econ\u00f2mics, entre ells la persist\u00e8ncia de &#8220;colls d&#8217;ampolla&#8221; en alguns subministraments globals importants i uns efectes sobre la inflaci\u00f3 que, tal vegada, no siguin tan transitoris com s&#8217;esperava inicialment.<\/p>\n<p>A m\u00e9s, l&#8217;OCDE insisteix en dos aspectes ja habituals en aquest tipus de previsions: les incerteses que les envolten, com ens recorden certs esdeveniments geopol\u00edtics i problemes en el sistema financer-immobiliari xin\u00e8s, i les asimetries entre pa\u00efsos. Encara que, en general, de la taula adjunta sembla desprendre\u2019s una certa correlaci\u00f3 que mostra com els pa\u00efsos m\u00e9s negativament afectats el 2020 \u2013entre ells, Espanya\u2013 tendeixen, de mitjana, a presentar millores estimacions pel 2021, s&#8217;insisteix que el <em>timing<\/em> necessari per tornar als valors prepand\u00e8mia de finals de 2019 segueix sent bastant heterogeni entre els diferents pa\u00efsos i \u00e0rees. Aix\u00ed mateix, tenint en compte que per a alguns pa\u00efsos com els Estats Units, R\u00fassia i el Regne Unit s&#8217;han revisat a la baixa les perspectives per a aquest 2021, s&#8217;accentua la necessitat de cautela pel que fa a les perspectives per aquest final d&#8217;any&#8230; i pel pr\u00f2xim.<\/p>\n<p>&nbsp;<\/p>\n<p><img decoding=\"async\" loading=\"lazy\" class=\"aligncenter wp-image-32910 size-full\" src=\"https:\/\/www.monempresarial.com\/wp-content\/uploads\/2021\/10\/cuadre-pib-real-cat.jpg\" alt=\"\" width=\"624\" height=\"548\" srcset=\"https:\/\/www.monempresarial.com\/wp-content\/uploads\/2021\/10\/cuadre-pib-real-cat.jpg 624w, https:\/\/www.monempresarial.com\/wp-content\/uploads\/2021\/10\/cuadre-pib-real-cat-300x263.jpg 300w, https:\/\/www.monempresarial.com\/wp-content\/uploads\/2021\/10\/cuadre-pib-real-cat-300x263@2x.jpg 600w\" sizes=\"(max-width: 624px) 100vw, 624px\" \/><\/p>\n","protected":false},"excerpt":{"rendered":"<p>Amb el t\u00edtol Mantenir la recuperaci\u00f3 en marxa, l&#8217;OCDE ha actualitzat, el mes de setembre de 2021, les seves previsions d&#8217;evoluci\u00f3 econ\u00f2mica global que resumeix la taula adjunta.<\/p>\n","protected":false},"author":8,"featured_media":32908,"comment_status":"closed","ping_status":"closed","sticky":false,"template":"","format":"standard","meta":{"_mi_skip_tracking":false,"mc4wp_mailchimp_campaign":[],"jnews-multi-image_gallery":[],"jnews_single_post":[],"jnews_primary_category":[]},"categories":[9,10839,10815,10841,7503],"tags":[113,2264,5905,7654,10282],"_links":{"self":[{"href":"https:\/\/www.monempresarial.com\/ca\/wp-json\/wp\/v2\/posts\/32904"}],"collection":[{"href":"https:\/\/www.monempresarial.com\/ca\/wp-json\/wp\/v2\/posts"}],"about":[{"href":"https:\/\/www.monempresarial.com\/ca\/wp-json\/wp\/v2\/types\/post"}],"author":[{"embeddable":true,"href":"https:\/\/www.monempresarial.com\/ca\/wp-json\/wp\/v2\/users\/8"}],"replies":[{"embeddable":true,"href":"https:\/\/www.monempresarial.com\/ca\/wp-json\/wp\/v2\/comments?post=32904"}],"version-history":[{"count":1,"href":"https:\/\/www.monempresarial.com\/ca\/wp-json\/wp\/v2\/posts\/32904\/revisions"}],"predecessor-version":[{"id":47589,"href":"https:\/\/www.monempresarial.com\/ca\/wp-json\/wp\/v2\/posts\/32904\/revisions\/47589"}],"wp:featuredmedia":[{"embeddable":true,"href":"https:\/\/www.monempresarial.com\/ca\/wp-json\/wp\/v2\/media\/32908"}],"wp:attachment":[{"href":"https:\/\/www.monempresarial.com\/ca\/wp-json\/wp\/v2\/media?parent=32904"}],"wp:term":[{"taxonomy":"category","embeddable":true,"href":"https:\/\/www.monempresarial.com\/ca\/wp-json\/wp\/v2\/categories?post=32904"},{"taxonomy":"post_tag","embeddable":true,"href":"https:\/\/www.monempresarial.com\/ca\/wp-json\/wp\/v2\/tags?post=32904"}],"curies":[{"name":"wp","href":"https:\/\/api.w.org\/{rel}","templated":true}]}}