{"id":33045,"date":"2021-11-08T09:00:33","date_gmt":"2021-11-08T08:00:33","guid":{"rendered":"https:\/\/www.monempresarial.com\/2021\/10\/18\/formacion-integral-y-personalizada-de-innovadores-un-enfoque-para-optimizar-retornos-a-postgrados-y-a-la-sociedad\/"},"modified":"2025-09-17T11:33:11","modified_gmt":"2025-09-17T09:33:11","slug":"formacio-integral-i-personalitzada-dinnovadors-un-enfocament-per-optimitzar-retorns-a-postgraus-i-a-la-societat","status":"publish","type":"post","link":"https:\/\/www.monempresarial.com\/ca\/2021\/11\/08\/formacio-integral-i-personalitzada-dinnovadors-un-enfocament-per-optimitzar-retorns-a-postgraus-i-a-la-societat\/","title":{"rendered":"Formaci\u00f3 integral i personalitzada d\u2019innovadors: Un enfocament per optimitzar retorns a postgraus i a la societat"},"content":{"rendered":"<h4><img decoding=\"async\" loading=\"lazy\" class=\"alignright wp-image-29755\" src=\"https:\/\/www.monempresarial.com\/wp-content\/uploads\/2017\/03\/angelsansegundo.jpg\" alt=\"\" width=\"264\" height=\"198\" srcset=\"https:\/\/www.monempresarial.com\/wp-content\/uploads\/2017\/03\/angelsansegundo.jpg 4160w, https:\/\/www.monempresarial.com\/wp-content\/uploads\/2017\/03\/angelsansegundo-300x225.jpg 300w, https:\/\/www.monempresarial.com\/wp-content\/uploads\/2017\/03\/angelsansegundo-1024x768.jpg 1024w, https:\/\/www.monempresarial.com\/wp-content\/uploads\/2017\/03\/angelsansegundo-300x225@2x.jpg 600w, https:\/\/www.monempresarial.com\/wp-content\/uploads\/2017\/03\/angelsansegundo-1024x768@2x.jpg 2048w\" sizes=\"(max-width: 264px) 100vw, 264px\" \/>La formaci\u00f3 cl\u00e0ssica de postgraus universitaris est\u00e0 estancada i aix\u00f2 afecta fins i tot institucions educatives de prestigi mundial, com passa a escoles de negoci l\u00edders d&#8217;Am\u00e8rica del Nord, on els estudiants no aconsegueixen rendibilitzar la inversi\u00f3 en la matr\u00edcula.<\/h4>\n<p><strong><span style=\"color: #339999; bold; text-transform: uppercase;\">ANGEL SAN SEGUNDO HAERING.<\/span><\/strong> <strong>Enginyer industrial, assessor de start-ups, business angel, mentor i professor associat de diverses escoles de negoci.<\/strong><\/p>\n<hr style=\"color: #b72126;\" \/>\n<p><span style=\"color: #339999;\"><strong>POSGRAUS I MERCAT DE TR<span style=\"color: #339999;\">EBA<\/span>LL<\/strong><\/span><br \/>\nLes grans corporacions tecnol\u00f2giques no troben els perfils professionals que busquen i fins i tot anteposen <strong><span style=\"color: #339999;\">compet\u00e8ncies instrumental<\/span>s<\/strong> (<em>soft skills<\/em>, programaci\u00f3, etc.) a t\u00edtols universitaris cl\u00e0ssics. En la selecci\u00f3 de candidats guanyen terreny altres habilitats \u2014com ara la curiositat, el quocient de intel\u00b7lig\u00e8ncia, etc., segons <em>Eurodoc Report 2018 Identifying Transferable Skills and Competences<\/em>\u2014 que no necess\u00e0riament estan correlacionades amb els t\u00edtols que les avalen. En aquest model, <span style=\"color: #339999;\"><strong>la formaci\u00f3 cont\u00ednua \u00e9s clau<\/strong><\/span>, per\u00f2 tot just afecta el 17,5% dels graduats universitaris, tal com recull l\u2019<em>Informe CYD 2019<\/em>, de la Fundaci\u00f3n Conocimiento y Desarrollo.<br \/>\nEl problema \u00e9s certament complex, ja que no es distribueix igual per \u00e0rees d&#8217;especialitat (per exemple, hi ha titulacions d&#8217;enginyeria el m\u00e0ster de les quals t\u00e9 prestigi internacional), ni per comunitats aut\u00f2nomes. L&#8217;esfor\u00e7 de la societat per formar els seus joves, en definitiva, no aconsegueix, tampoc, el retorn desitjat, sobretot en un context d&#8217;elevada desocupaci\u00f3.<\/p>\n<p><span style=\"color: #339999;\"><strong>OPORTUNITATS DE MILLORA<\/strong><\/span><br \/>\nPer assegurar la inserci\u00f3 r\u00e0pida i efectiva en el mercat laboral, hi ha mesures simples com intensificar les <span style=\"color: #339999;\"><strong>pr\u00e0ctiques a empreses<\/strong><\/span>. I per seguir adaptant l&#8217;oferta de continguts tant com sigui possible a la demanda existeix la <span style=\"color: #339999;\"><strong>prospectiva de perfils de compet\u00e8ncies<\/strong><\/span>.<br \/>\nEn el <span style=\"color: #339999;\"><strong>pla tecnol\u00f2gic<\/strong><\/span>, l&#8217;alternativa m\u00e9s estesa \u00e9s el recurs progressiu a la digitalitzaci\u00f3 i a la Intel\u00b7lig\u00e8ncia Artificial. La renovaci\u00f3 de continguts i formes did\u00e0ctiques tamb\u00e9 est\u00e0 promoguda per les grans corporacions per resoldre les mancances del mercat laboral. Suposar que aquesta estrat\u00e8gia \u00e9s la que necessita el conjunt del teixit empresarial, i que a m\u00e9s cobreix les expectatives dels postgraus, \u00e9s irreal perqu\u00e8 no neix com a resposta a les seves exig\u00e8ncies. \u00c9s una tend\u00e8ncia que s&#8217;ha refor\u00e7at despr\u00e9s de l\u2019aplicaci\u00f3 massiva d&#8217;eines <em>online<\/em> durant 18 mesos de pand\u00e8mia (tot i que, per cert, amb interrogants seriosos sobre el seu rendiment).<br \/>\nCreiem que, com a complement de la irrupci\u00f3 de tecnologies avan\u00e7ades en l&#8217;ensenyament, urgeix una <span style=\"color: #339999;\"><strong>reformulaci\u00f3 de l&#8217;oferta did\u00e0ctica<\/strong><\/span> sobre la base del <span style=\"color: #339999;\"><strong>coneixement aplicat<\/strong><\/span>: hauria de ser governada per la creaci\u00f3 de valor hol\u00edstic en els alumnes com a professionals, un fet que redundaria en beneficis per a la majoria de les empreses i, per descomptat, per a la societat.<\/p>\n<blockquote>\n<h2 style=\"color: #339999;\"><img decoding=\"async\" loading=\"lazy\" class=\"alignright wp-image-33035\" src=\"https:\/\/www.monempresarial.com\/wp-content\/uploads\/2021\/10\/icono-gorro.jpg\" alt=\"\" width=\"171\" height=\"163\" srcset=\"https:\/\/www.monempresarial.com\/wp-content\/uploads\/2021\/10\/icono-gorro.jpg 633w, https:\/\/www.monempresarial.com\/wp-content\/uploads\/2021\/10\/icono-gorro-300x286.jpg 300w, https:\/\/www.monempresarial.com\/wp-content\/uploads\/2021\/10\/icono-gorro-300x286@2x.jpg 600w\" sizes=\"(max-width: 171px) 100vw, 171px\" \/>Com a complement de la irrupci\u00f3 de tecnologies avan\u00e7ades en l&#8217;ensenyament, urgeix una reformulaci\u00f3 de l&#8217;oferta did\u00e0ctica sobre la base del coneixement aplicat<\/h2>\n<\/blockquote>\n<p><span style=\"color: #339999; font-weight: bold;\">TRANSFORMAR INFORMACI\u00d3 EN CONEIXEMENT<\/span><br \/>\nLa informaci\u00f3 professional s&#8217;est\u00e0 convertint en una <em>commodity<\/em>, ja que \u00e9s accessible en la seva immensa majoria. Si l&#8217;alumne ha de resoldre un problema de m\u00e0rqueting, per exemple, emprar\u00e0 dades estad\u00edstiques, els aplicar\u00e0 algun programa de c\u00e0lcul i n\u2019analitzar\u00e0 els resultats per validar-los i articular la soluci\u00f3 final. El mode d&#8217;ensenyament tradicional aplicava la &#8220;f\u00f3rmula&#8221; corresponent a les dades i trobava la soluci\u00f3 en un context similar a un &#8220;laboratori&#8221;.<br \/>\nNo obstant aix\u00f2, la realitat \u00e9s m\u00e9s complexa: les dades poden contenir errors, la f\u00f3rmula pot no ser universal en estar limitada per rangs d&#8217;aplicaci\u00f3 o perqu\u00e8 hi poden apar\u00e8ixer distorsions causades pel factor hum\u00e0. De fet, el problema que cal resoldre pot ser que no estigui ben especificat: la soluci\u00f3, per tant, pot no ser fruit d&#8217;una aplicaci\u00f3 directa de la &#8220;f\u00f3rmula&#8221;.<br \/>\nDavant d&#8217;aquesta complexitat, en el model proposat, l&#8217;alumne &#8220;navegaria&#8221; amb l&#8217;ajuda del professor per localitzar la informaci\u00f3 rellevant sobre les causes del problema, identificar opcions, assajar amb dades i escollir la soluci\u00f3 m\u00e9s adequada: en aquest moment, \u00e9s quan hauria incorporat <span style=\"color: #339999;\"><strong>coneixement real<\/strong><\/span> al seu patrimoni professional i hauria guanyat <strong><span style=\"color: #339999;\">experi\u00e8ncia reutilitzable<\/span>.<\/strong><br \/>\nEl professor passaria a ser com un assessor de l&#8217;alumne que en guiaria els passos personalitzant-ne la formaci\u00f3, assistint-ne el treball pr\u00e0ctic, desenvolupant i assimilant les compet\u00e8ncies que en suporten el talent, aix\u00ed com facilitant-ne la reutilitzaci\u00f3 futura.<\/p>\n<blockquote>\n<h2 style=\"color: #339999;\"><img decoding=\"async\" loading=\"lazy\" class=\" wp-image-33037 alignleft\" src=\"https:\/\/www.monempresarial.com\/wp-content\/uploads\/2021\/10\/icono-mano.jpg\" alt=\"\" width=\"133\" height=\"220\" srcset=\"https:\/\/www.monempresarial.com\/wp-content\/uploads\/2021\/10\/icono-mano.jpg 376w, https:\/\/www.monempresarial.com\/wp-content\/uploads\/2021\/10\/icono-mano-181x300.jpg 181w, https:\/\/www.monempresarial.com\/wp-content\/uploads\/2021\/10\/icono-mano-181x300@2x.jpg 362w\" sizes=\"(max-width: 133px) 100vw, 133px\" \/>En el model proposat, l&#8217;alumne &#8220;navegaria&#8221; amb l&#8217;ajuda del professor per tal de: localitzar la informaci\u00f3 rellevant sobre les causes del problema, identificar opcions, assajar amb dades i escollir la soluci\u00f3 m\u00e9s adequada. \u00c9s en aquest moment quan hauria incorporat coneixement real al seu patrimoni professional i hauria guanyat experi\u00e8ncia reutilitzable<\/h2>\n<\/blockquote>\n<p><span style=\"color: #339999; font-weight: bold;\">VECTORS DE LA REFORMULACI\u00d3 DELS ENSENYAMENTS<\/span><br \/>\nAmb independ\u00e8ncia de la modalitat d&#8217;ensenyament (presencial, en l\u00ednia, h\u00edbrida), es proposen les accions seg\u00fcents per aconseguir una formaci\u00f3 universit\u00e0ria innovadora:<\/p>\n<ol>\n<li><strong><span style=\"color: #339999;\">Professorat comprom\u00e8s i amb coneixements actualitzats<\/span>: <\/strong>\u00e9s l&#8217;aut\u00e8ntic pilar de qualsevol renovaci\u00f3, tal com indiquen estudiosos del tema. A m\u00e9s, com destaquen els professors de la Universitat de Barcelona Zoia Bozu i Francesc Imbern\u00f3n, aquesta iniciativa contribueix a millorar &#8220;la qualitat del sistema universitari i la seva excel\u00b7l\u00e8ncia acad\u00e8mica, elements centrals de la universitat en la societat del coneixement&#8221;.<\/li>\n<li><strong><span style=\"color: #339999;\">Projectes realitzats pels alumnes<\/span>: <\/strong>s\u00f3n els vehicles d&#8217;interacci\u00f3 alumne\/professors, lligats a problemes i entorns de treball reals, sense descuidar el foment de pr\u00e0ctiques a l\u2019empresa.<\/li>\n<li><strong><span style=\"color: #339999;\">Mentoritzaci\u00f3<\/span>: <\/strong>el professor es converteix en facilitador del proc\u00e9s de gesti\u00f3 del coneixement.<\/li>\n<li><span style=\"color: #339999;\"><strong>Innovaci\u00f3<\/strong><\/span>: \u00e9s la disciplina que cal incorporar als ensenyaments reglats per fomentar la creativitat i la recerca de solucions.<\/li>\n<li><span style=\"color: #339999;\"><strong>Emprenedoria<\/strong><\/span>: \u00e9s la capacitat que cal estimular en els alumnes per posar en pr\u00e0ctica projectes.<\/li>\n<li><strong><span style=\"color: #339999;\">Formaci\u00f3<\/span> <span style=\"color: #339999;\">cont\u00ednua<\/span><\/strong>: \u00e9s el proc\u00e9s per actualitzar els coneixements a trav\u00e9s del refor\u00e7 de de les estructures d\u2019<em>alumni <\/em>i del comprom\u00eds de les empreses per compartir coneixements.<\/li>\n<\/ol>\n<p>Aquestes iniciatives possiblement incrementarien el cost de l&#8217;ensenyament, per\u00f2 en conjunt tamb\u00e9 abaratirien costos perqu\u00e8 es deixarien d&#8217;impartir mat\u00e8ries access\u00f2ries i hi hauria altres beneficis addicionals (com ara comptar abans amb professionals m\u00e9s eficients, per exemple). Pel que fa al seu costat menys tangible, s&#8217;obtindria m\u00e9s satisfacci\u00f3 i el desenvolupament vocacional de les carreres professionals dels postgraus.<br \/>\nAmb aix\u00f2 es formaria el <span style=\"color: #339999;\"><strong>postgraduat que necessitem: un professional capa\u00e7 d&#8217;afrontar i solucionar problemes complexo<\/strong>s<\/span>. Com que aquestes compet\u00e8ncies s\u00f3n les pr\u00f2pies de les <span style=\"color: #339999;\"><strong>ments<\/strong> <strong>innovadores<\/strong><\/span>, la <span style=\"color: #339999;\"><strong>reformulaci\u00f3 dels ensenyaments de postgrau<\/strong><\/span> hauria d&#8217;estar orientada a <span style=\"color: #339999;\"><strong>aprendre a innovar<\/strong><\/span>.<\/p>\n<p><img decoding=\"async\" loading=\"lazy\" class=\"aligncenter wp-image-33632\" src=\"https:\/\/www.monempresarial.com\/wp-content\/uploads\/2021\/11\/cuadro.jpg\" alt=\"\" width=\"485\" height=\"388\" srcset=\"https:\/\/www.monempresarial.com\/wp-content\/uploads\/2021\/11\/cuadro.jpg 544w, https:\/\/www.monempresarial.com\/wp-content\/uploads\/2021\/11\/cuadro-300x240.jpg 300w\" sizes=\"(max-width: 485px) 100vw, 485px\" \/><\/p>\n<p>&nbsp;<\/p>\n","protected":false},"excerpt":{"rendered":"<p>La formaci\u00f3 cl\u00e0ssica de postgraus universitaris est\u00e0 estancada i aix\u00f2 afecta fins i tot institucions educatives de prestigi mundial, com passa a escoles de negoci l\u00edders d&#8217;Am\u00e8rica del Nord, on els estudiants no aconsegueixen rendibilitzar la inversi\u00f3 en la matr\u00edcula.<\/p>\n","protected":false},"author":1,"featured_media":33044,"comment_status":"closed","ping_status":"closed","sticky":false,"template":"","format":"standard","meta":{"_mi_skip_tracking":false,"mc4wp_mailchimp_campaign":[],"jnews-multi-image_gallery":[],"jnews_single_post":[],"jnews_primary_category":[]},"categories":[16,10815,10844],"tags":[10301,10302,10605,181,242,270,8510],"_links":{"self":[{"href":"https:\/\/www.monempresarial.com\/ca\/wp-json\/wp\/v2\/posts\/33045"}],"collection":[{"href":"https:\/\/www.monempresarial.com\/ca\/wp-json\/wp\/v2\/posts"}],"about":[{"href":"https:\/\/www.monempresarial.com\/ca\/wp-json\/wp\/v2\/types\/post"}],"author":[{"embeddable":true,"href":"https:\/\/www.monempresarial.com\/ca\/wp-json\/wp\/v2\/users\/1"}],"replies":[{"embeddable":true,"href":"https:\/\/www.monempresarial.com\/ca\/wp-json\/wp\/v2\/comments?post=33045"}],"version-history":[{"count":1,"href":"https:\/\/www.monempresarial.com\/ca\/wp-json\/wp\/v2\/posts\/33045\/revisions"}],"predecessor-version":[{"id":47287,"href":"https:\/\/www.monempresarial.com\/ca\/wp-json\/wp\/v2\/posts\/33045\/revisions\/47287"}],"wp:featuredmedia":[{"embeddable":true,"href":"https:\/\/www.monempresarial.com\/ca\/wp-json\/wp\/v2\/media\/33044"}],"wp:attachment":[{"href":"https:\/\/www.monempresarial.com\/ca\/wp-json\/wp\/v2\/media?parent=33045"}],"wp:term":[{"taxonomy":"category","embeddable":true,"href":"https:\/\/www.monempresarial.com\/ca\/wp-json\/wp\/v2\/categories?post=33045"},{"taxonomy":"post_tag","embeddable":true,"href":"https:\/\/www.monempresarial.com\/ca\/wp-json\/wp\/v2\/tags?post=33045"}],"curies":[{"name":"wp","href":"https:\/\/api.w.org\/{rel}","templated":true}]}}