{"id":33108,"date":"2021-11-25T09:00:18","date_gmt":"2021-11-25T08:00:18","guid":{"rendered":"https:\/\/www.monempresarial.com\/2021\/10\/19\/la-formacion-universitaria-de-postgrado-en-espana\/"},"modified":"2025-09-24T10:59:21","modified_gmt":"2025-09-24T08:59:21","slug":"la-formacio-universitaria-de-postgrau-a-espanya","status":"publish","type":"post","link":"https:\/\/www.monempresarial.com\/ca\/2021\/11\/25\/la-formacio-universitaria-de-postgrau-a-espanya\/","title":{"rendered":"La formaci\u00f3 universit\u00e0ria de postgrau a Espanya"},"content":{"rendered":"<p><strong>Un cop titulat en un grau universitari, l\u2019alumne pot decidir continuar amb els seus estudis mitjan\u00e7ant la realitzaci\u00f3 de formaci\u00f3 universit\u00e0ria de postgrau destinada a la seva especialitzaci\u00f3 acad\u00e8mica o professional. N\u2019hi ha de diversos tipus: ensenyaments oficials (m\u00e0ster oficial i doctorat) i no oficials (m\u00e0sters propis, diplomatures de postgrau, cursos d\u2019especialitzaci\u00f3 i formaci\u00f3 permanent en general, que poden ser oferts per universitats i altres institucions). En aquest article ens centrem en els estudis de m\u00e0ster oficial que ofereixen les universitats.<\/strong><\/p>\n<p><img decoding=\"async\" loading=\"lazy\" class=\"aligncenter size-full wp-image-33840\" src=\"https:\/\/www.monempresarial.com\/wp-content\/uploads\/2021\/10\/autore-cat.jpg\" alt=\"\" width=\"802\" height=\"385\" srcset=\"https:\/\/www.monempresarial.com\/wp-content\/uploads\/2021\/10\/autore-cat.jpg 802w, https:\/\/www.monempresarial.com\/wp-content\/uploads\/2021\/10\/autore-cat-300x144.jpg 300w, https:\/\/www.monempresarial.com\/wp-content\/uploads\/2021\/10\/autore-cat-352x169.jpg 352w, https:\/\/www.monempresarial.com\/wp-content\/uploads\/2021\/10\/autore-cat-300x144@2x.jpg 600w\" sizes=\"(max-width: 802px) 100vw, 802px\" \/><\/p>\n<p>&nbsp;<\/p>\n<hr style=\"color: #b72126;\" \/>\n<p><span style=\"color: #339999;\"><strong>CARACTER\u00cdSTIQUES GENERALS I NORMATIVA<\/strong><\/span><br \/>\nEls m\u00e0sters universitaris oficials tenen una durada d\u2019entre 60 i 120 cr\u00e8dits ECTS \u2014\u00e9s a dir entre un i dos cursos acad\u00e8mics\u2014, amb validesa oficial en tot l\u2019Espai Europeu d\u2019Educaci\u00f3 Superior (EEES) i compten amb la verificaci\u00f3 de l\u2019ANECA \u2014o d\u2019altres ag\u00e8ncies similars auton\u00f2miques, com ara l\u2019AQU, en el cas catal\u00e0\u2014 que els ha d\u2019acreditar cada quatre anys.<br \/>\n<img decoding=\"async\" loading=\"lazy\" class=\"alignright wp-image-33079\" src=\"https:\/\/www.monempresarial.com\/wp-content\/uploads\/2021\/10\/icono-flechas.jpg\" alt=\"\" width=\"173\" height=\"168\" srcset=\"https:\/\/www.monempresarial.com\/wp-content\/uploads\/2021\/10\/icono-flechas.jpg 649w, https:\/\/www.monempresarial.com\/wp-content\/uploads\/2021\/10\/icono-flechas-300x292.jpg 300w, https:\/\/www.monempresarial.com\/wp-content\/uploads\/2021\/10\/icono-flechas-300x292@2x.jpg 600w\" sizes=\"(max-width: 173px) 100vw, 173px\" \/>Els m\u00e0sters oficials tenen dues orientacions: o b\u00e9 s\u00f3n habilitants per a l\u2019exercici d\u2019una professi\u00f3 regulada o no habilitants i tenen una intenci\u00f3 formativa. D\u2019altra banda, si es vol accedir a estudis de doctorat cal haver realitzat pr\u00e8viament un m\u00e0ster oficial espec\u00edficament orientat a la recerca.<br \/>\nLes professions regulades a les quals donen acc\u00e9s els m\u00e0sters habilitants s\u00f3n: arquitecte, advocat, procurador, professor d&#8217;ensenyament secundari obligatori, batxillerat, formaci\u00f3 professional o idiomes, psic\u00f2leg general sanitari, capit\u00e0 i cap de m\u00e0quines de la marina mercant, i enginyer, de camins, canals i ports; de mines; de monts; naval i oce\u00e0nic; de telecomunicacions; industrial; aeron\u00e0utic i agr\u00f2nom.<br \/>\nPel que fa a la normativa sobre els m\u00e0sters oficials \u00e9s relativament recent. El curs d\u2019inici d\u2019impartici\u00f3 a Espanya va ser el 2006-2007. Des d\u2019aleshores, l\u2019increment dels programes, matriculats i titulats ha estat molt notable. Pel curs 2019-2020, segons les dades oficials definitives del Ministeri d\u2019Universitats, hi havia matriculats 237.174 estudiants de m\u00e0ster oficial al sistema universitari espanyol (SUE) dels quals es van graduar 127.388 alumnes. La magnitud d\u2019aquestes xifres ens mostren la import\u00e0ncia que t\u00e9 per al pa\u00eds la seva qualitat.<\/p>\n<p><span style=\"color: #339999;\"><strong>UNIVERSITAT P\u00daBLICA VS. UNIVERSITAT PRIVADA<\/strong><\/span><br \/>\nAquest any, el Sistema Universitari Espanyol (SUE) el conformen 50 universitats publiques (47 presencials, 1 no presencial i 2 especials: no disposen de titulacions de grau) i 39 privades (33 presencials i 6 a dist\u00e0ncia).<\/p>\n<p><strong><span style=\"color: #339999;\"><img decoding=\"async\" loading=\"lazy\" class=\"alignleft wp-image-33083\" src=\"https:\/\/www.monempresarial.com\/wp-content\/uploads\/2021\/10\/icono-folio.jpg\" alt=\"\" width=\"82\" height=\"87\" srcset=\"https:\/\/www.monempresarial.com\/wp-content\/uploads\/2021\/10\/icono-folio.jpg 493w, https:\/\/www.monempresarial.com\/wp-content\/uploads\/2021\/10\/icono-folio-283x300.jpg 283w\" sizes=\"(max-width: 82px) 100vw, 82px\" \/>Matriculaci\u00f3<\/span>.<\/strong>La participaci\u00f3 de les universitats privades en el total de la matr\u00edcula dels m\u00e0sters oficials \u00e9s molt significativa. Si b\u00e9 en el cas del grau representen menys del 20% del total de matriculats en el Sistema Universitari Espanyol (SUE), quant al m\u00e0ster oficial estan per sobre del 40% dels estudiants. D\u2019aquest 40%, m\u00e9s de la meitat correspon a universitats privades no presencials.<\/p>\n<p>&nbsp;<\/p>\n<p><strong><span style=\"color: #339999;\"><img decoding=\"async\" loading=\"lazy\" class=\"alignleft wp-image-33085\" src=\"https:\/\/www.monempresarial.com\/wp-content\/uploads\/2021\/10\/icono-mano-1.jpg\" alt=\"\" width=\"97\" height=\"89\" srcset=\"https:\/\/www.monempresarial.com\/wp-content\/uploads\/2021\/10\/icono-mano-1.jpg 685w, https:\/\/www.monempresarial.com\/wp-content\/uploads\/2021\/10\/icono-mano-1-300x275.jpg 300w, https:\/\/www.monempresarial.com\/wp-content\/uploads\/2021\/10\/icono-mano-1-300x275@2x.jpg 600w\" sizes=\"(max-width: 97px) 100vw, 97px\" \/>Oferta acad\u00e8mica i modalitat d\u2019estudi.<\/span><\/strong>Un cop vista la resposta de la matr\u00edcula a l\u2019oferta del SUE, n\u2019analitzem breument la dimensi\u00f3 i distribuci\u00f3. Pel curs 2020-2021, les titulacions de m\u00e0ster oficial ofertes pel SUE va ser de 3.613, de les quals el 77,8% constava de 60 cr\u00e8dits i el 24,2% s\u2019impartien en universitats privades. Els programes de m\u00e0ster oficial en universitats privades presencials es van poder seguir en major mesura que en les p\u00fabliques presencials en una modalitat diferent a l\u2019estrictament presencial (h\u00edbrida o en l\u00ednia): 42,5% enfront del 14,4%.<\/p>\n<p>&nbsp;<\/p>\n<p><strong><span style=\"color: #339999;\"><img decoding=\"async\" loading=\"lazy\" class=\"alignleft wp-image-33087\" src=\"https:\/\/www.monempresarial.com\/wp-content\/uploads\/2021\/10\/icono-mano-euro.jpg\" alt=\"\" width=\"97\" height=\"75\" srcset=\"https:\/\/www.monempresarial.com\/wp-content\/uploads\/2021\/10\/icono-mano-euro.jpg 622w, https:\/\/www.monempresarial.com\/wp-content\/uploads\/2021\/10\/icono-mano-euro-300x233.jpg 300w, https:\/\/www.monempresarial.com\/wp-content\/uploads\/2021\/10\/icono-mano-euro-300x233@2x.jpg 600w\" sizes=\"(max-width: 97px) 100vw, 97px\" \/>Preu.<\/span>.<\/strong>Els preus dels m\u00e0sters oficials a les universitats p\u00fabliques estan regulats a nivell estatal: la normativa dona un marge a les comunitats aut\u00f2nomes per fixar-los dins d\u2019uns llindars pr\u00e8viament establerts. D\u2019aquesta manera, pel curs 2020-2021 els preus dels cr\u00e8dits de la primera matricula, en el cas dels m\u00e0sters habilitants, s\u00f3n l\u00f2gicament diferents per comunitats i van des dels 31,1 euros de Castella i Lle\u00f3 i els 29,5 de Madrid i Catalunya als 11 de Gal\u00edcia i els 11,4 de Can\u00e0ries. I pel que fa als m\u00e0sters no habilitants, l\u2019import per cr\u00e8dit va des dels 52,3 euros de Madrid i els poc m\u00e9s de 41 de Castella i Lle\u00f3 i Catalunya fins als 11,9 euros de Gal\u00edcia, els 13,4 de Can\u00e0ries i els 13,7 d\u2019Andalusia.<br \/>\nA les universitats privades els preus de les matr\u00edcules no estan sotmesos a les restriccions de les p\u00fabliques i no cal dir que s\u00f3n m\u00e9s alts. Tanmateix, en general, la difer\u00e8ncia entre cursar un m\u00e0ster oficial en una universitat p\u00fablica o una de privada no \u00e9s tan significativa com la que es dona en l\u2019\u00e0mbit del grau.<\/p>\n<blockquote>\n<h4 style=\"color: #339999;\">La participaci\u00f3 de les universitats privades en el total de la matr\u00edcula dels m\u00e0sters oficials \u00e9s molt significativa. Si b\u00e9 al grau signifiquen menys del 20% del total de matriculats en el Sistema Universitari Espanyol, al m\u00e0ster oficial estan per sobre del 40% dels estudiants (m\u00e9s de la meitat correspon a universitats privades no presencials)<\/h4>\n<\/blockquote>\n<p><img decoding=\"async\" loading=\"lazy\" class=\"aligncenter wp-image-33112\" src=\"https:\/\/www.monempresarial.com\/wp-content\/uploads\/2021\/10\/cuadre-comparativa.jpg\" alt=\"\" width=\"792\" height=\"541\" srcset=\"https:\/\/www.monempresarial.com\/wp-content\/uploads\/2021\/10\/cuadre-comparativa.jpg 998w, https:\/\/www.monempresarial.com\/wp-content\/uploads\/2021\/10\/cuadre-comparativa-300x205.jpg 300w, https:\/\/www.monempresarial.com\/wp-content\/uploads\/2021\/10\/cuadre-comparativa-300x205@2x.jpg 600w\" sizes=\"(max-width: 792px) 100vw, 792px\" \/><\/p>\n<p>&nbsp;<\/p>\n<p><span style=\"color: #339999; font-weight: bold;\"><img decoding=\"async\" loading=\"lazy\" class=\"wp-image-33117 alignright\" src=\"https:\/\/www.monempresarial.com\/wp-content\/uploads\/2021\/10\/cuadre-a-favor-en-contra.jpg\" alt=\"\" width=\"365\" height=\"860\" srcset=\"https:\/\/www.monempresarial.com\/wp-content\/uploads\/2021\/10\/cuadre-a-favor-en-contra.jpg 286w, https:\/\/www.monempresarial.com\/wp-content\/uploads\/2021\/10\/cuadre-a-favor-en-contra-127x300.jpg 127w, https:\/\/www.monempresarial.com\/wp-content\/uploads\/2021\/10\/cuadre-a-favor-en-contra-127x300@2x.jpg 254w\" sizes=\"(max-width: 365px) 100vw, 365px\" \/>EL VALOR AFEGIT DEL M\u00c0STER OFICIAL<\/span><br \/>\nEn comparaci\u00f3 amb el grau universitari, en el m\u00e0ster oficial es registren millors indicadors acad\u00e8mics: per exemple, el percentatge de cr\u00e8dits aprovats respecte als matriculats en el curs 2018-2019 va ser de prop del 90% enfront del 78% del grau, o la taxa d\u2019abandonament de l\u2019estudi el primer any va ser del 12,3% (21,8% en el cas del grau). Aix\u00ed mateix, en els m\u00e0sters d\u2019un any, el 72,3% dels estudiants es graduen en el temps te\u00f2ric estipulat, mentre que en el grau de quatre cursos (que representa el 94,2% del total de graus) aquesta taxa est\u00e0 en el 36,2%. El 22,3% dels estudiants que es van titular en grau en el curs 2017-2018 van comen\u00e7ar el m\u00e0ster el curs seg\u00fcent 2018-2019 (per\u00f2 nom\u00e9s el 53,8% d&#8217;aquests ho van fer a la mateixa universitat). El fet que els estudiants, en bona part, canvi\u00efn d\u2019universitat, i sovint fins i tot de comunitat aut\u00f2noma, \u00e9s fruit de comptar amb m\u00e9s i millor informaci\u00f3, del fet que hi hagi una compet\u00e8ncia m\u00e9s forta entre universitats i una especialitzaci\u00f3 professionalitzadora m\u00e9s acurada.<br \/>\nTamb\u00e9 els titulats en m\u00e0sters oficials registren millors indicadors d\u2019inserci\u00f3 laboral que els de grau pel que fa a l\u2019encaix entre el nivell d\u2019estudis i el treball que desenvolupen i el salari percebut. Aix\u00ed, amb dades de la Encuesta de Inserci\u00f3n Laboral de Titulados Universitarios de l\u2019INE, referent als titulats del curs 2013-2014 que treballaven l\u2019any 2019, pr\u00e0cticament el 62% dels de m\u00e0ster ingressaven a partir de 1.500 euros nets al mes en comparaci\u00f3 amb el 54% dels de grau. Pel que fa al nivell de sobrequalificaci\u00f3 era uns set punts percentuals inferior: entorn al 87% del titulats en m\u00e0ster treballava en ocupacions d\u2019alta qualificaci\u00f3 (directors i gerents, t\u00e8cnics i professionals cient\u00edfics i intel\u00b7lectuals i t\u00e8cnics i professionals de suport) per menys del 80% en el cas dels de grau. Aquestes dades s\u00f3n una mostra de la millora del sistema quan disposa de m\u00e9s capacitat de decisi\u00f3 i m\u00e9s voluntat d\u2019adequaci\u00f3 a la demanda.<br \/>\nEn comparaci\u00f3n con el grado universitario, en el m\u00e1ster oficial se registran mejores indicadores acad\u00e9micos y de inserci\u00f3n laboral: el 62% de los titulados de m\u00e1ster del curso 2013-2014 que trabajaban en el a\u00f1o 2019 ingresaban a partir de 1.500\u20ac netos\/mes en comparaci\u00f3n con el 54% de los de grado (fuente: INE)<\/p>\n<blockquote>\n<h4 style=\"color: #339999;\"><img decoding=\"async\" loading=\"lazy\" class=\"alignright wp-image-33115\" src=\"https:\/\/www.monempresarial.com\/wp-content\/uploads\/2021\/10\/icono-barres.jpg\" alt=\"\" width=\"193\" height=\"187\" srcset=\"https:\/\/www.monempresarial.com\/wp-content\/uploads\/2021\/10\/icono-barres.jpg 561w, https:\/\/www.monempresarial.com\/wp-content\/uploads\/2021\/10\/icono-barres-300x290.jpg 300w\" sizes=\"(max-width: 193px) 100vw, 193px\" \/>En comparaci\u00f3 amb el grau universitari, en el m\u00e0ster oficial es registren millors indicadors acad\u00e8mics i d\u2019inserci\u00f3 laboral: el 62% dels titulats de m\u00e0ster del curs 2013-2014 que treballaven l\u2019any 2019 ingressaven a partir de 1.500\u20ac nets\/mes en comparaci\u00f3 amb el 54% dels de grau (font: INE)<\/h4>\n<\/blockquote>\n<p>&nbsp;<\/p>\n<p><img decoding=\"async\" loading=\"lazy\" class=\"aligncenter wp-image-33119\" src=\"https:\/\/www.monempresarial.com\/wp-content\/uploads\/2021\/10\/cuadre-masters-catala.jpg\" alt=\"\" width=\"700\" height=\"712\" srcset=\"https:\/\/www.monempresarial.com\/wp-content\/uploads\/2021\/10\/cuadre-masters-catala.jpg 669w, https:\/\/www.monempresarial.com\/wp-content\/uploads\/2021\/10\/cuadre-masters-catala-295x300.jpg 295w, https:\/\/www.monempresarial.com\/wp-content\/uploads\/2021\/10\/cuadre-masters-catala-295x300@2x.jpg 590w\" sizes=\"(max-width: 700px) 100vw, 700px\" \/><\/p>\n","protected":false},"excerpt":{"rendered":"<p>Un cop titulat en un grau universitari, l\u2019alumne pot decidir continuar amb els seus estudis mitjan\u00e7ant la realitzaci\u00f3 de formaci\u00f3 universit\u00e0ria de postgrau destinada a la seva especialitzaci\u00f3 acad\u00e8mica o professional. N\u2019hi ha de diversos tipus: ensenyaments oficials (m\u00e0ster oficial i doctorat) i no oficials (m\u00e0sters propis, diplomatures de postgrau, cursos d\u2019especialitzaci\u00f3 i formaci\u00f3 permanent en general, que poden ser oferts per universitats i altres institucions). En aquest article ens centrem en els estudis de m\u00e0ster oficial que ofereixen les universitats.<\/p>\n","protected":false},"author":1,"featured_media":33839,"comment_status":"closed","ping_status":"closed","sticky":false,"template":"","format":"standard","meta":{"_mi_skip_tracking":false,"mc4wp_mailchimp_campaign":[],"jnews-multi-image_gallery":[],"jnews_single_post":{"source_name":"","source_url":"","via_name":"","via_url":"","override_template":"0","override":[{"template":"1","single_blog_custom":"","parallax":"1","fullscreen":"1","layout":"right-sidebar","sidebar":"default-sidebar","second_sidebar":"default-sidebar","sticky_sidebar":"1","share_position":"bottom","share_float_style":"share-monocrhome","show_share_counter":"1","show_view_counter":"1","show_featured":"1","show_post_meta":"1","show_post_author":"1","show_post_author_image":"1","show_post_date":"1","post_date_format":"default","post_date_format_custom":"Y\/m\/d","show_post_category":"0","show_post_reading_time":"1","post_reading_time_wpm":"300","show_zoom_button":"0","zoom_button_out_step":"2","zoom_button_in_step":"3","show_post_tag":"1","show_prev_next_post":"0","show_popup_post":"1","number_popup_post":"2","show_author_box":"1","show_post_related":"1","show_inline_post_related":"1"}],"override_image_size":"0","image_override":[{"single_post_thumbnail_size":"crop-715","single_post_gallery_size":"crop-500"}],"trending_post":"0","trending_post_position":"meta","trending_post_label":"Trending","sponsored_post":"0","sponsored_post_label":"Sponsored by","sponsored_post_name":"","sponsored_post_url":"","sponsored_post_logo_enable":"0","sponsored_post_logo":"","sponsored_post_desc":"","disable_ad":"0"},"jnews_primary_category":{"id":"10844","hide":""}},"categories":[10815,10844,12,13,30,7713],"tags":[10420,3773,3787,10313,10315,10316,10318,10418,10419],"_links":{"self":[{"href":"https:\/\/www.monempresarial.com\/ca\/wp-json\/wp\/v2\/posts\/33108"}],"collection":[{"href":"https:\/\/www.monempresarial.com\/ca\/wp-json\/wp\/v2\/posts"}],"about":[{"href":"https:\/\/www.monempresarial.com\/ca\/wp-json\/wp\/v2\/types\/post"}],"author":[{"embeddable":true,"href":"https:\/\/www.monempresarial.com\/ca\/wp-json\/wp\/v2\/users\/1"}],"replies":[{"embeddable":true,"href":"https:\/\/www.monempresarial.com\/ca\/wp-json\/wp\/v2\/comments?post=33108"}],"version-history":[{"count":3,"href":"https:\/\/www.monempresarial.com\/ca\/wp-json\/wp\/v2\/posts\/33108\/revisions"}],"predecessor-version":[{"id":47585,"href":"https:\/\/www.monempresarial.com\/ca\/wp-json\/wp\/v2\/posts\/33108\/revisions\/47585"}],"wp:featuredmedia":[{"embeddable":true,"href":"https:\/\/www.monempresarial.com\/ca\/wp-json\/wp\/v2\/media\/33839"}],"wp:attachment":[{"href":"https:\/\/www.monempresarial.com\/ca\/wp-json\/wp\/v2\/media?parent=33108"}],"wp:term":[{"taxonomy":"category","embeddable":true,"href":"https:\/\/www.monempresarial.com\/ca\/wp-json\/wp\/v2\/categories?post=33108"},{"taxonomy":"post_tag","embeddable":true,"href":"https:\/\/www.monempresarial.com\/ca\/wp-json\/wp\/v2\/tags?post=33108"}],"curies":[{"name":"wp","href":"https:\/\/api.w.org\/{rel}","templated":true}]}}