{"id":3312,"date":"2015-03-06T08:00:14","date_gmt":"2015-03-06T07:00:14","guid":{"rendered":"http:\/\/monempresarial.com\/?p=3312"},"modified":"2025-09-16T11:47:50","modified_gmt":"2025-09-16T09:47:50","slug":"el-pes-dels-idiomes-empresa","status":"publish","type":"post","link":"https:\/\/www.monempresarial.com\/ca\/2015\/03\/06\/el-pes-dels-idiomes-empresa\/","title":{"rendered":"El pes dels idiomes a l\u2019empresa<\/span>"},"content":{"rendered":"<h4>L\u2019angl\u00e8s est\u00e0 s\u00f2lidament establert com a llengua vehicular o franca dels negocis i, donades les complexitats d\u2019aprendre xin\u00e8s mandar\u00ed, sembla que continuar\u00e0 sent aix\u00ed en el futur proper. Per\u00f2 quines s\u00f3n les necessitats espec\u00edfiques de l\u2019empresa respecte d\u2019aquest idioma?<\/h4>\n<h4>Text: <a href=\"http:\/\/monempresarial.com\/author\/rrooze\/\">Richard Rooze<\/a>. Director del British Council de Barcelona i Balears.<\/h4>\n<hr style=\"color: #b72126;\" \/>\n<p><span style=\"color: #000000; font-weight: bold; text-transform: uppercase;\">L\u2019\u00fas de l\u2019angl\u00e8s per raons empresarials<\/span> continua creixent, ja que la demanda de parlants amb un nivell alt d\u2019aquest idioma perqu\u00e8 participin en reunions cara a cara, per\u00f2 tamb\u00e9 en confer\u00e8ncies telef\u00f2niques o per v\u00eddeo, i en la presa de decisions \u00e9s constant. Tanmateix un dels principals reptes d\u2019aquesta llengua en l\u2019ambient canviant i cada cop m\u00e9s global de les organitzacions \u00e9s el tipus d\u2019angl\u00e8s parlat per gent de diferents nacionalitats. Ara les empreses sovint demanen recursos de <i>listening<\/i> per ajudar-los a entendre, per exemple, l\u2019angl\u00e8s indi o xin\u00e8s. Aquest \u00e9s un canvi significatiu d\u2019\u00e8mfasi, que no jutja la correcci\u00f3 d\u2019aquests tipus d\u2019angl\u00e8s, sin\u00f3 que m\u00e9s aviat busca estrat\u00e8gies pragm\u00e0tiques per entendre o per ser ent\u00e8s.<\/p>\n<p><span style=\"color: #006633; font-weight: bold; text-transform: uppercase;\">Llengua i imatge corporativa<\/span><br \/>\nLa q\u00fcesti\u00f3 de la imatge corporativa \u00e9s un tema que sorgeix molt sovint. La gent normalment diu que els sembla que no estan projectant la imatge de l\u2019empresa correctament si no parlen b\u00e9. Aquesta preocupaci\u00f3 reflexa la realitat que una empresa que vol triomfar en el m\u00f3n modern necessita treballadors amb un alt nivell d\u2019angl\u00e8s. Les negociacions complexes i amb matisos ho requereixen, i bones habilitats ling\u00fc\u00edstiques infonen confian\u00e7a a clients, socis i col\u2022laboradors.<\/p>\n<p>Moltes empreses amb les quals treballem posen com a condici\u00f3 acreditativa de compet\u00e8ncia un nivell avan\u00e7at o de C1 als seus nous treballadors, i aquest fet ha canviat la naturalesa de les seves necessitats d\u2019aprenentatge. La paraula clau aqu\u00ed \u00e9s l\u2019especialitzaci\u00f3. L\u2019ensenyament que es demana est\u00e0 basat en les necessitats i en un context espec\u00edfic. Les sessions de <i>training<\/i> s\u2019han d\u2019adaptar a les necessitats dels estudiants m\u00e9s que no pas a l\u2019inrev\u00e9s, i aquestes necessitats s\u00f3n molt m\u00e9s funcionals.<\/p>\n<p>El proc\u00e9s d\u2019ensenyament ja no implica ensenyar temes generals; comporta avaluar quines s\u00f3n les mancances espec\u00edfiques pel que fa a les habilitats i consci\u00e8ncia ling\u00fc\u00edstica dels estudiants i mirar com es poden suplir. Aquesta tend\u00e8ncia significa que ara les empreses demanen cursos m\u00e9s personalitzats, un fet que posa l\u2019exig\u00e8ncia no nom\u00e9s en els estudiants, sin\u00f3 tamb\u00e9 en els professors, en el sentit que aquests han d\u2019estar m\u00e9s especialitzats i ser m\u00e9s funcionals per adaptar-se al canviant context empresarial.<\/p>\n<blockquote>\n<h2 style=\"color: #006633;\">La q\u00fcesti\u00f3 de la imatge corporativa preocupa. Una empresa que vulgui triomfar en el m\u00f3n modern necessita treballadors amb un alt nivell d\u2019angl\u00e8s. Comptar amb bones habilitats ling\u00fc\u00edstiques infon confian\u00e7a a clients, socis i col\u2022laboradors<\/h2>\n<\/blockquote>\n","protected":false},"excerpt":{"rendered":"<p>L\u2019angl\u00e8s est\u00e0 s\u00f2lidament establert com a llengua vehicular o franca dels negocis i, donades les complexitats d\u2019aprendre xin\u00e8s mandar\u00ed, sembla que continuar\u00e0 sent aix\u00ed en el futur proper. Per\u00f2 quines s\u00f3n les necessitats espec\u00edfiques de l\u2019empresa respecte d\u2019aquest idioma?<\/p>\n","protected":false},"author":17,"featured_media":3316,"comment_status":"open","ping_status":"open","sticky":false,"template":"","format":"standard","meta":{"_mi_skip_tracking":false,"mc4wp_mailchimp_campaign":[],"jnews-multi-image_gallery":[],"jnews_single_post":[],"jnews_primary_category":[]},"categories":[62],"tags":[8241,180,281,283,594],"_links":{"self":[{"href":"https:\/\/www.monempresarial.com\/ca\/wp-json\/wp\/v2\/posts\/3312"}],"collection":[{"href":"https:\/\/www.monempresarial.com\/ca\/wp-json\/wp\/v2\/posts"}],"about":[{"href":"https:\/\/www.monempresarial.com\/ca\/wp-json\/wp\/v2\/types\/post"}],"author":[{"embeddable":true,"href":"https:\/\/www.monempresarial.com\/ca\/wp-json\/wp\/v2\/users\/17"}],"replies":[{"embeddable":true,"href":"https:\/\/www.monempresarial.com\/ca\/wp-json\/wp\/v2\/comments?post=3312"}],"version-history":[{"count":1,"href":"https:\/\/www.monempresarial.com\/ca\/wp-json\/wp\/v2\/posts\/3312\/revisions"}],"predecessor-version":[{"id":47125,"href":"https:\/\/www.monempresarial.com\/ca\/wp-json\/wp\/v2\/posts\/3312\/revisions\/47125"}],"wp:featuredmedia":[{"embeddable":true,"href":"https:\/\/www.monempresarial.com\/ca\/wp-json\/wp\/v2\/media\/3316"}],"wp:attachment":[{"href":"https:\/\/www.monempresarial.com\/ca\/wp-json\/wp\/v2\/media?parent=3312"}],"wp:term":[{"taxonomy":"category","embeddable":true,"href":"https:\/\/www.monempresarial.com\/ca\/wp-json\/wp\/v2\/categories?post=3312"},{"taxonomy":"post_tag","embeddable":true,"href":"https:\/\/www.monempresarial.com\/ca\/wp-json\/wp\/v2\/tags?post=3312"}],"curies":[{"name":"wp","href":"https:\/\/api.w.org\/{rel}","templated":true}]}}