{"id":33313,"date":"2022-02-24T08:20:25","date_gmt":"2022-02-24T07:20:25","guid":{"rendered":"https:\/\/www.monempresarial.com\/2021\/10\/22\/maria-jose-landaburu-vicepresidenta-de-conpymes-y-secretaria-general-de-uatae\/"},"modified":"2025-06-06T09:58:53","modified_gmt":"2025-06-06T07:58:53","slug":"maria-jose-landaburu-vicepresidenta-de-conpymes-i-secretaria-general-duatae","status":"publish","type":"post","link":"https:\/\/www.monempresarial.com\/ca\/2022\/02\/24\/maria-jose-landaburu-vicepresidenta-de-conpymes-i-secretaria-general-duatae\/","title":{"rendered":"Entrevista a Mar\u00eda Jos\u00e9 Landaburu. Vicepresidenta de CONPYMES i secret\u00e0ria general d\u2019UATAE"},"content":{"rendered":"<p><strong>Amb la reforma de les pensions i el sistema de cotitzacions a l\u2019horitz\u00f3, els treballadors aut\u00f2noms encaren un quart trimestre amb la incertesa econ\u00f2mica com a protagonista. Parlem amb la secret\u00e0ria general d\u2019UATAE i vicepresidenta de CONPYMES, Mar\u00eda Jos\u00e9 Landaburu, sobre els drets i els reptes de futur d\u2019aquest col\u00b7lectiu. <\/strong><\/p>\n<p><strong>Fotos: <span style=\"color: #9d9c9c;\">UATAE<\/span><\/strong><\/p>\n<hr style=\"color: #b72126;\" \/>\n<h4 style=\"text-align: center;\"><span style=\"color: #9d9c9c;\"><strong>\u201cEls drets dels aut\u00f2noms ja no poden esperar. Hem de deixar d\u2019estar a la cambra del darrere de la precarietat\u201d <\/strong><\/span><\/h4>\n<p><strong>Segons dades de l\u2019EPA, en el primer trimestre de 2021 hi havia 30.000 aut\u00f2noms menys que abans de l\u2019arribada de la pand\u00e8mia. Com en qualificaria la situaci\u00f3 actual? <\/strong><br \/>\nLa situaci\u00f3 \u00e9s molt preocupant. Les darreres dades de la Seguretat Social confirmen una tend\u00e8ncia a la recuperaci\u00f3 econ\u00f2mica, suportada pel ritme de vacunaci\u00f3, i al juny hem superat les 3,3 milions d\u2019altes al RETA. Tanmateix, l\u2019impacte de la COVID-19 ha estat de tal magnitud que la realitat per a molts aut\u00f2noms \u00e9s de minva pel que fa als seus ingressos, m\u00e9s endeutament i poc m\u00fascul d\u2019estalvi i liquiditat. La recuperaci\u00f3 ser\u00e0 m\u00e9s lenta i asim\u00e8trica del qu\u00e8 podr\u00edem haver pensat. Ho hem vist en el sector tur\u00edstic, que afrontava amb molta esperan\u00e7a la nova temporada. Aix\u00f2 t\u00e9 implicacions en moltes activitats.<br \/>\nL\u2019escut de protecci\u00f3 social excepcional desplegat per la crisi sanit\u00e0ria ha estat imprescindible per esmorteir el cop. Per\u00f2 altres mesures no han funcionat al mateix nivell; la l\u00ednia d\u2019avals ICO va alleugerir la liquiditat de molts aut\u00f2noms i pimes, per\u00f2 tamb\u00e9 ha suposat males pr\u00e0ctiques i abusos per parts del bancs, un fet que fins i tot est\u00e0 investigant la CNMC. Hem trobat a faltar un major comprom\u00eds de la banca envers el teixit productiu, amb mesures m\u00e9s ambicioses. En canvi, s\u2019han dedicat a fer negoci amb el diner p\u00fablic dels cr\u00e8dits ICO.<\/p>\n<blockquote>\n<h4><span style=\"color: #9d9c9c;\"><img decoding=\"async\" loading=\"lazy\" class=\"alignright wp-image-33282\" src=\"https:\/\/www.monempresarial.com\/wp-content\/uploads\/2021\/10\/icono-1-3.jpg\" alt=\"\" width=\"114\" height=\"110\" srcset=\"https:\/\/www.monempresarial.com\/wp-content\/uploads\/2021\/10\/icono-1-3.jpg 469w, https:\/\/www.monempresarial.com\/wp-content\/uploads\/2021\/10\/icono-1-3-300x289.jpg 300w\" sizes=\"(max-width: 114px) 100vw, 114px\" \/>Sobre el paper de la banca en la crisi de la COVID-19: \u201cLa l\u00ednia d\u2019avals ICO va alleugerir la liquiditat de molts aut\u00f2noms i pimes, per\u00f2 tamb\u00e9 ha suposat males pr\u00e0ctiques i abusos per parts del bancs.\u201d<\/span><\/h4>\n<\/blockquote>\n<p>&nbsp;<\/p>\n<p><strong><span style=\"color: #000000;\">UATAE ja lamentava la situaci\u00f3 complicada que vivien els aut\u00f2noms abans de la pand\u00e8mia. Surten encara m\u00e9s d\u00e8bils d\u2019aquesta crisi?<\/span><\/strong><br \/>\nLa pand\u00e8mia ha evidenciat les escletxes i costures del model econ\u00f2mic actual i d\u2019un model de protecci\u00f3 social molt precari per als treballadors aut\u00f2noms. Tornar a l\u2019activitat despr\u00e9s de tants mesos d\u2019aturada no significa recuperar la normalitat de la nit al dia, perqu\u00e8 la incertesa segueix operant. Quan es va precipitar la crisi de la COVID-19, es va fer evident que era necessari un paquet de mesures excepcionals. Ens vam adonar de com d\u2019important \u00e9s aquella xarxa de protecci\u00f3 que ens atorga all\u00f2 p\u00fablic. Els treballadors aut\u00f2noms entrem en aquesta crisi al marge de l\u2019estat del benestar. Amb cobertures socials insuficients, sense prestacions de maternitat o paternitat dignes i amb les pensions m\u00e9s pobres. De com en sortirem dep\u00e8n molt de la recuperaci\u00f3 econ\u00f2mica general, per\u00f2 el que ens interpel\u00b7la directament en aquesta crisi \u00e9s que els drets dels aut\u00f2noms ja no poden esperar. Hem de deixar d\u2019estar a la cambra del darrere de la precarietat.<\/p>\n<p><img decoding=\"async\" loading=\"lazy\" class=\"alignright wp-image-34440 \" src=\"https:\/\/www.monempresarial.com\/wp-content\/uploads\/2022\/02\/IMG_1395.jpg\" alt=\"\" width=\"517\" height=\"404\" srcset=\"https:\/\/www.monempresarial.com\/wp-content\/uploads\/2022\/02\/IMG_1395.jpg 1600w, https:\/\/www.monempresarial.com\/wp-content\/uploads\/2022\/02\/IMG_1395-300x234.jpg 300w, https:\/\/www.monempresarial.com\/wp-content\/uploads\/2022\/02\/IMG_1395-1024x799.jpg 1024w, https:\/\/www.monempresarial.com\/wp-content\/uploads\/2022\/02\/IMG_1395-1536x1198.jpg 1536w, https:\/\/www.monempresarial.com\/wp-content\/uploads\/2022\/02\/IMG_1395-300x234@2x.jpg 600w\" sizes=\"(max-width: 517px) 100vw, 517px\" \/><\/p>\n<p><strong><span style=\"color: #000000;\">Com valora les ajudes p\u00fabliques atorgades a aquest col\u00b7lectiu per part del Govern central i les comunitats aut\u00f2nomes?<\/span><\/strong><br \/>\nLes ajudes directes suposen un bal\u00f3 d\u2019oxigen. Per\u00f2 quan abordem la q\u00fcesti\u00f3 concreta de la seva gesti\u00f3 i tramitaci\u00f3 a c\u00e0rrec de les comunitats aut\u00f2nomes, hem observat poca dilig\u00e8ncia i poca sensibilitat cap a la urg\u00e8ncia que requerien. El Govern va aprovar al mar\u00e7 els fons i a mitjans de juny nom\u00e9s se n\u2019havien llan\u00e7at vuit convocat\u00f2ries! Des d\u2019UATAE, en un estudi recent, vam fer visible la falta d\u2019informaci\u00f3 que estaven oferint les diferents comunitats aut\u00f2nomes; a m\u00e9s, s\u2019extreia que el 55% dels aut\u00f2noms considerava que la seva comunitat no estava gestionant de forma diligent i \u00e0gil aquestes ajudes. Cal pitjar l\u2019accelerador.<\/p>\n<p><strong><span style=\"color: #000000;\">El sistema de cotitzaci\u00f3 dels treballadors aut\u00f2noms \u00e9s uns dels fronts oberts que t\u00e9, en aquests moments, el Ministeri d\u2019Inclusi\u00f3, Seguretat Social i Migracions. Com valora la proposta de l\u2018Executiu de cotitzar per trams segons la renda? <\/span><\/strong><br \/>\nEl comprom\u00eds del Govern \u00e9s de sentit com\u00fa, i beu d\u2019all\u00f2 contemplat en les recomanacions del Pacte de Toledo, les conclusions de la Comissi\u00f3 parlament\u00e0ria per a la Reconstrucci\u00f3 Econ\u00f2mica i Social i el propi programa de govern de coalici\u00f3. Cal avan\u00e7ar cap a l\u2019equiparaci\u00f3 de drets i obligacions entre els treballadors aut\u00f2noms i el r\u00e8gim general. Cal avan\u00e7ar cap a un model contributiu m\u00e9s just i solidari en la Seguretat Social. Benvingut sigui caminar per aquesta senda.<\/p>\n<p><strong><span style=\"color: #000000;\">La proposta arriba tard?<\/span><\/strong><br \/>\nEns consta que la reforma pret\u00e9n aprovar-se pel 2022 per comen\u00e7ar a implementar-se al 2023, amb una graduaci\u00f3 de fins a nou anys. Entenem que aplicar un canvi d\u2019aquesta envergadura i amb tant de calat per al treball aut\u00f2nom no es pot realitzar d\u2019un dia per l\u2019altre. Des d\u2019UATAE sempre hem proposat que un canvi d\u2019aquestes dimensions ha d\u2019anar acompanyat d\u2019un per\u00edode d\u2019adaptaci\u00f3 i transici\u00f3, per\u00f2 que des de l\u2019inici permeti a aquells que ingressen menys beneficiar-se de la quota redu\u00efda. No es pot fer esperar nou anys a qui la quota actual pels seus baixos ingressos l\u2019est\u00e0 asfixiant. Tamb\u00e9 som conscients que per poder impulsar una mesura que acontenti tot el col\u00b7lectiu \u00e9s necessari el di\u00e0leg. Per aix\u00f2, des d\u2019UATAE, emplacem el Ministeri a asseure\u2019ns al m\u00e9s aviat possible per passar dels titulars als acords.<\/p>\n<blockquote>\n<h4><span style=\"color: #9d9c9c;\"><img decoding=\"async\" loading=\"lazy\" class=\"alignleft wp-image-33284\" src=\"https:\/\/www.monempresarial.com\/wp-content\/uploads\/2021\/10\/icono-2-3.jpg\" alt=\"\" width=\"126\" height=\"98\" srcset=\"https:\/\/www.monempresarial.com\/wp-content\/uploads\/2021\/10\/icono-2-3.jpg 652w, https:\/\/www.monempresarial.com\/wp-content\/uploads\/2021\/10\/icono-2-3-300x233.jpg 300w, https:\/\/www.monempresarial.com\/wp-content\/uploads\/2021\/10\/icono-2-3-300x233@2x.jpg 600w\" sizes=\"(max-width: 126px) 100vw, 126px\" \/>Sobre el nou sistema de cotitzaci\u00f3 dels treballadors aut\u00f2noms: \u201cNo es pot fer esperar nou anys a qui la quota actual pels seus baixos ingressos l\u2019est\u00e0 asfixiant.\u201d<\/span><\/h4>\n<\/blockquote>\n<p>&nbsp;<\/p>\n<p><strong><span style=\"color: #000000;\">UATAE s\u2019ha associat a CONPYMES, la nova organitzaci\u00f3 empresarial que pret\u00e9n fer-se un lloc a les taules de di\u00e0leg social. Els aut\u00f2noms estan mal representats als \u00f2rgans de decisi\u00f3 p\u00fablics?<\/span><\/strong><br \/>\nCONPYMES neix com un projecte per a la defensa de les i els aut\u00f2noms i petites empreses del nostre pa\u00eds, amb veu pr\u00f2pia i en primera persona. Per aix\u00f2, UATAE ha volgut integrar-se a aquest projecte. Els aut\u00f2noms tenim la convicci\u00f3 que cal agafar les regnes per tal que ning\u00fa parli per nosaltres. Fins ara, la veu que s\u2019ha erigit com a representant del teixit productiu ha estat la de la gran patronal. Per\u00f2 \u00e9s evident que els interessos de la botiga de barri no s\u00f3n els mateixos que els d\u2019El Corte Ingl\u00e9s. I es tracta d\u2019un projecte que no neix contra ning\u00fa, sin\u00f3 per sumar, per cobrir un espai orfe. CONPYMES integra organitzacions representatives significatives en alguns sectors i territoris i no s\u2019entendria que romangu\u00e9s al marge del di\u00e0leg social.<\/p>\n<p><strong><span style=\"color: #000000;\">Al 2020, UATAE va ser l\u2019\u00fanica associaci\u00f3 d\u2019aut\u00f2noms i aut\u00f2nomes que va aconseguir augmentar la seva representativitat, per\u00f2 ATA segueix sent la principal organitzaci\u00f3. Consideren que la representativitat davant els \u00f2rgans p\u00fablics hauria de ser compartida entre les principals associacions?<\/span><\/strong><br \/>\nEfectivament, al 2020 UATAE va ser l\u2019\u00fanica intersectorial representativa de treballadors aut\u00f2noms que va cr\u00e9ixer en implantaci\u00f3 territorial, pes d\u2019organitzacions integrades i estructura. En els darrers anys, la nostra const\u00e0ncia s\u2019ha anat obrint pas davant l\u2019statu quo que s\u2019havia apropiat de la interlocuci\u00f3 institucional. Avui encarnem l\u2019alternativa clara de defensa dels drets dels treballadors aut\u00f2noms des d\u2019una perspectiva social, compromesa, reivindicativa i plural. Per\u00f2 la representativitat no pot ser atorgada, sin\u00f3 que ha de ser oberta a la participaci\u00f3 democr\u00e0tica dels aut\u00f2noms, com fan els assalariats en les seves eleccions sindicals.<\/p>\n<p><strong><span style=\"color: #000000;\">M\u00e9s enll\u00e0 de les bases de cotitzaci\u00f3 i la representativitat, quines altres demandes consideren essencials? <\/span><\/strong><br \/>\nNecessitem una fiscalitat veritablement justa. Actualment, el pagament de l\u2019Impost de Societats de les multinacionals \u00e9s d\u2019un 17% del seu benefici, davant del 25% que paguen les pimes. 22 multinacionals espanyoles paguen un impost mitj\u00e0 de societats de l\u20191,3%. Aix\u00f2 \u00e9s totalment abusiu i s\u2019ha d\u2019equilibrar la balan\u00e7a perqu\u00e8, del contrari, el greuge llastrar\u00e0 la competitivitat i la recuperaci\u00f3 econ\u00f2mica. D\u2019altra banda, ens preocupa que l\u2019anomenada Llei de la Segona Oportunitat inclogui tamb\u00e9 els deutes de titularitat p\u00fablica, amb Hisenda i la Seguretat Social. Si no \u00e9s aix\u00ed, aquesta segona oportunitat \u00e9s un miratge.<\/p>\n<blockquote>\n<h4><span style=\"color: #9d9c9c;\"><img decoding=\"async\" loading=\"lazy\" class=\"alignright wp-image-33286\" src=\"https:\/\/www.monempresarial.com\/wp-content\/uploads\/2021\/10\/icono-3.jpg\" alt=\"\" width=\"168\" height=\"96\" srcset=\"https:\/\/www.monempresarial.com\/wp-content\/uploads\/2021\/10\/icono-3.jpg 905w, https:\/\/www.monempresarial.com\/wp-content\/uploads\/2021\/10\/icono-3-300x172.jpg 300w, https:\/\/www.monempresarial.com\/wp-content\/uploads\/2021\/10\/icono-3-300x172@2x.jpg 600w\" sizes=\"(max-width: 168px) 100vw, 168px\" \/>Sobre la pol\u00edtica fiscal espanyola: \u201cEl pagament de l\u2019Impost de Societats de les multinacionals \u00e9s d\u2019un 17% del seu benefici, davant del 25% que paguen les pimes.\u201d<\/span><\/h4>\n<\/blockquote>\n<p>&nbsp;<\/p>\n<p><strong><span style=\"color: #000000;\">Mirant al futur, qu\u00e8 necessiten els aut\u00f2noms per fer que els seus negocis siguin viables en un entorn cada cop m\u00e9s competitiu? <\/span><\/strong><br \/>\nEls reptes que afronta la nostra economia s\u00f3n reptes del conjunt de la societat. No hi ha futur sense digitalitzaci\u00f3, transici\u00f3 ecol\u00f2gica, plena igualtat de g\u00e8nere i una organitzaci\u00f3 social de les cures justa. Els aut\u00f2noms som ja m\u00e9s de 3,3 milions de treballadors a Espanya. La pregunta que jo em faig \u00e9s si el nostre pa\u00eds, per tal d\u2019abordar aquests reptes, es pot permetre prescindir de tota la riquesa, l\u2019ocupaci\u00f3, el talent i la resili\u00e8ncia que aportem. I com la resposta \u00e9s que no, necessitem que totes aquestes reivindicacions del col\u00b7lectiu estiguin en l\u2019agenda i es duguin a terme. Juntament amb aix\u00f2, l\u2019oportunitat que obren els fons europeus de recuperaci\u00f3 s\u2019ha de traduir en projectes relacionats amb la digitalitzaci\u00f3 o la reconversi\u00f3 energ\u00e8tica, ja que suposen un h\u00e0ndicap per als petits.<\/p>\n<blockquote>\n<h4><span style=\"color: #9d9c9c;\"><img decoding=\"async\" loading=\"lazy\" class=\"alignleft wp-image-33310\" src=\"https:\/\/www.monempresarial.com\/wp-content\/uploads\/2021\/10\/icono-4.jpg\" alt=\"\" width=\"196\" height=\"103\" srcset=\"https:\/\/www.monempresarial.com\/wp-content\/uploads\/2021\/10\/icono-4.jpg 746w, https:\/\/www.monempresarial.com\/wp-content\/uploads\/2021\/10\/icono-4-300x158.jpg 300w, https:\/\/www.monempresarial.com\/wp-content\/uploads\/2021\/10\/icono-4-300x158@2x.jpg 600w\" sizes=\"(max-width: 196px) 100vw, 196px\" \/>Sobre els fons europeus: \u201cL\u2019oportunitat que obren els fons europeus de recuperaci\u00f3 s\u2019ha de traduir en projectes relacionats amb la digitalitzaci\u00f3 o la reconversi\u00f3 energ\u00e8tica, ja que suposen un h\u00e0ndicap per als petits.\u201d<\/span><\/h4>\n<\/blockquote>\n<p>&nbsp;<\/p>\n<p><strong><span style=\"color: #000000;\">\u00c9s necess\u00e0ria, per tant, una nova cultura empresarial que sigui capa\u00e7 d\u2019adaptar-se a contextos incerts? <\/span><\/strong><br \/>\nEl temps de les grans certeses duradores i els llocs comuns assentats durant d\u00e8cades han passat. Sens dubte, hem d\u2019adaptar la nostra mirada a una realitat m\u00e9s canviant, en l\u2019\u00e0mbit econ\u00f2mic i empresarial, i arreu. Els aut\u00f2noms i pimes som m\u00e9s del 99% del teixit productiu. Sabem qu\u00e8 \u00e9s resistir, anticipar-nos i ser part de la soluci\u00f3. Valorem la import\u00e0ncia de crear ocupaci\u00f3 de qualitat, l\u2019estabilitat a les nostres plantilles, l\u2019arrelament de la nostra activitat amb el territori, les sin\u00e8rgies i col\u00b7laboracions entre iguals. S\u00f3n elements que, sens dubte, cobren m\u00e9s import\u00e0ncia en el context actual.<\/p>\n<p>&nbsp;<\/p>\n<p><img decoding=\"async\" loading=\"lazy\" class=\"aligncenter wp-image-33318\" src=\"https:\/\/www.monempresarial.com\/wp-content\/uploads\/2021\/10\/test-catala.jpg\" alt=\"\" width=\"282\" height=\"1025\" \/><\/p>\n","protected":false},"excerpt":{"rendered":"<p>Amb la reforma de les pensions i el sistema de cotitzacions a l\u2019horitz\u00f3, els treballadors aut\u00f2noms encaren un quart trimestre amb la incertesa econ\u00f2mica com a protagonista. Parlem amb la secret\u00e0ria general d\u2019UATAE i vicepresidenta de CONPYMES, Mar\u00eda Jos\u00e9 Landaburu, sobre els drets i els reptes de futur d\u2019aquest col\u00b7lectiu. <\/p>\n","protected":false},"author":1,"featured_media":34451,"comment_status":"closed","ping_status":"closed","sticky":false,"template":"","format":"standard","meta":{"_mi_skip_tracking":false,"mc4wp_mailchimp_campaign":[],"jnews-multi-image_gallery":[],"jnews_single_post":{"source_name":"","source_url":"","via_name":"","via_url":"","override_template":"0","override":[{"template":"1","single_blog_custom":"","parallax":"1","fullscreen":"1","layout":"right-sidebar","sidebar":"default-sidebar","second_sidebar":"default-sidebar","sticky_sidebar":"1","share_position":"bottom","share_float_style":"share-monocrhome","show_share_counter":"1","show_view_counter":"1","show_featured":"1","show_post_meta":"1","show_post_author":"1","show_post_author_image":"1","show_post_date":"1","post_date_format":"default","post_date_format_custom":"Y\/m\/d","show_post_category":"0","show_post_reading_time":"1","post_reading_time_wpm":"300","show_zoom_button":"0","zoom_button_out_step":"2","zoom_button_in_step":"3","show_post_tag":"1","show_prev_next_post":"0","show_popup_post":"1","number_popup_post":"2","show_author_box":"1","show_post_related":"1","show_inline_post_related":"1"}],"override_image_size":"0","image_override":[{"single_post_thumbnail_size":"crop-715","single_post_gallery_size":"crop-500"}],"trending_post":"0","trending_post_position":"meta","trending_post_label":"Trending","sponsored_post":"0","sponsored_post_label":"Sponsored by","sponsored_post_name":"","sponsored_post_url":"","sponsored_post_logo_enable":"0","sponsored_post_logo":"","sponsored_post_desc":"","disable_ad":"0"},"jnews_primary_category":{"id":"10828","hide":""}},"categories":[9,10820,10819,10828],"tags":[10349,10351,10353,10354,113,995,1000,3950,6251,7981],"_links":{"self":[{"href":"https:\/\/www.monempresarial.com\/ca\/wp-json\/wp\/v2\/posts\/33313"}],"collection":[{"href":"https:\/\/www.monempresarial.com\/ca\/wp-json\/wp\/v2\/posts"}],"about":[{"href":"https:\/\/www.monempresarial.com\/ca\/wp-json\/wp\/v2\/types\/post"}],"author":[{"embeddable":true,"href":"https:\/\/www.monempresarial.com\/ca\/wp-json\/wp\/v2\/users\/1"}],"replies":[{"embeddable":true,"href":"https:\/\/www.monempresarial.com\/ca\/wp-json\/wp\/v2\/comments?post=33313"}],"version-history":[{"count":5,"href":"https:\/\/www.monempresarial.com\/ca\/wp-json\/wp\/v2\/posts\/33313\/revisions"}],"predecessor-version":[{"id":46074,"href":"https:\/\/www.monempresarial.com\/ca\/wp-json\/wp\/v2\/posts\/33313\/revisions\/46074"}],"wp:featuredmedia":[{"embeddable":true,"href":"https:\/\/www.monempresarial.com\/ca\/wp-json\/wp\/v2\/media\/34451"}],"wp:attachment":[{"href":"https:\/\/www.monempresarial.com\/ca\/wp-json\/wp\/v2\/media?parent=33313"}],"wp:term":[{"taxonomy":"category","embeddable":true,"href":"https:\/\/www.monempresarial.com\/ca\/wp-json\/wp\/v2\/categories?post=33313"},{"taxonomy":"post_tag","embeddable":true,"href":"https:\/\/www.monempresarial.com\/ca\/wp-json\/wp\/v2\/tags?post=33313"}],"curies":[{"name":"wp","href":"https:\/\/api.w.org\/{rel}","templated":true}]}}