{"id":33392,"date":"2022-01-17T09:00:01","date_gmt":"2022-01-17T08:00:01","guid":{"rendered":"https:\/\/www.monempresarial.com\/2021\/10\/25\/entrevista-a-aleix-planas-director-del-salon-bizbarcelona\/"},"modified":"2025-06-06T09:59:06","modified_gmt":"2025-06-06T07:59:06","slug":"entrevista-a-aleix-planas-director-del-salo-bizbarcelona","status":"publish","type":"post","link":"https:\/\/www.monempresarial.com\/ca\/2022\/01\/17\/entrevista-a-aleix-planas-director-del-salo-bizbarcelona\/","title":{"rendered":"Entrevista a Aleix Planas. Director del Sal\u00f3 Bizbarcelona"},"content":{"rendered":"<p><strong>Despr\u00e9s d\u2019un any convuls per al teixit empresarial del pa\u00eds, Bizbarcelona torna a obrir les seves portes, en un sal\u00f3 centrat en quatre eixos: emprenedoria, creixement, <em>start-ups<\/em> i innovaci\u00f3. Parlem amb el seu director, Aleix Planas, per reflexionar sobre els reptes de futur per reactivar els negocis de petites i mitjanes empreses. <\/strong><\/p>\n<h4>Text: <span style=\"color: #9d9c9c;\">Adri\u00e0 Gratac\u00f3s Torras<\/span><br \/>\nFotos: <span style=\"color: #9d9c9c;\">Bizbarcelona <\/span><\/h4>\n<hr style=\"color: #b72126;\" \/>\n<h1 style=\"text-align: center;\"><span style=\"color: #9d9c9c;\"><strong><img decoding=\"async\" loading=\"lazy\" class=\"alignright wp-image-34261 size-full\" src=\"https:\/\/www.monempresarial.com\/wp-content\/uploads\/2021\/10\/Aleix-Planas-1.jpg\" alt=\"\" width=\"274\" height=\"247\" \/><\/strong><\/span><\/h1>\n<h1 style=\"text-align: center;\"><span style=\"color: #9d9c9c;\"><strong>\u201cLes empreses del futur hauran d\u2019apostar per la digitalitzaci\u00f3, la flexibilitat en processos i el treball col\u00b7laboratiu amb altres companyies\u201d <\/strong><\/span><\/h1>\n<p>&nbsp;<\/p>\n<p><strong>Els estralls econ\u00f2mics i socials generats per la COVID-19 han portat moltes empreses a un moment de transformaci\u00f3. Qu\u00e8 ens trobarem enguany de diferent a Bizbarcelona? <\/strong><br \/>\nBizBarcelona va ser un dels pocs esdeveniments que es van celebrar al 2020, malgrat la pand\u00e8mia, per tal d\u2019ajudar a reactivar l\u2019activitat econ\u00f2mica i l\u2019ocupaci\u00f3 de Barcelona. Aquest any volem fer un pas m\u00e9s per impulsar aquesta reactivaci\u00f3, aplegant el m\u00e0xim de recursos, idees i eines possibles perqu\u00e8 les persones emprenedores i les pimes puguin encarar millor i adaptar els seus negocis a la postpand\u00e8mia. L\u2019ecosistema emprenedor i empresarial de Barcelona \u00e9s molt din\u00e0mic i t\u00e9 ganes de retrobar-se de nou. Per aix\u00f2 enguany potenciarem les activitats de <em>networking<\/em> . Volem que la d\u2019enguany sigui una edici\u00f3 molt participativa.<\/p>\n<p><strong><span style=\"color: #000000;\">El lema d\u2019aquest 2021 \u00e9s \u201cinnovaci\u00f3 i talent per reactivar negocis\u201d. La pand\u00e8mia obligar\u00e0 moltes empreses a repensar el seu model de negoci? <\/span><\/strong><br \/>\nEfectivament, la pand\u00e8mia ha portat molts canvis socials, econ\u00f2mics, tecnol\u00f2gics i de consum; alguns dels quals han arribat per quedar-se. Aix\u00f2 implica adaptar i repensar models de negoci, formes de treballar, de comercialitzaci\u00f3 de productes, de gesti\u00f3 empresarial, de relaci\u00f3 amb els clients i prove\u00efdors&#8230; \u00c9s a dir, caldr\u00e0 innovar en tots els \u00e0mbits de l\u2019empresa. Per aconseguir-ho ser\u00e0 necessari incorporar, gestionar i retenir tot tipus de talent. Aix\u00f2 \u00e9s el que mostrarem a Bizbarcelona.<\/p>\n<blockquote>\n<h2><span style=\"color: #9d9c9c;\"><img decoding=\"async\" loading=\"lazy\" class=\"alignright wp-image-33380\" src=\"https:\/\/www.monempresarial.com\/wp-content\/uploads\/2021\/10\/icono-esquema.jpg\" alt=\"\" width=\"199\" height=\"135\" srcset=\"https:\/\/www.monempresarial.com\/wp-content\/uploads\/2021\/10\/icono-esquema.jpg 717w, https:\/\/www.monempresarial.com\/wp-content\/uploads\/2021\/10\/icono-esquema-300x205.jpg 300w, https:\/\/www.monempresarial.com\/wp-content\/uploads\/2021\/10\/icono-esquema-300x205@2x.jpg 600w\" sizes=\"(max-width: 199px) 100vw, 199px\" \/> \u201cL\u2019ecosistema emprenedor i empresarial de Barcelona \u00e9s molt din\u00e0mic i t\u00e9 ganes de trobar-se de nou, per aix\u00f2 enguany potenciarem les activitats de <em>networking<\/em>. Volem que la d\u2019enguany sigui una edici\u00f3 molt participativa.\u201d<\/span><\/h2>\n<\/blockquote>\n<p><strong><span style=\"color: #000000;\">La innovaci\u00f3 \u00e9s un terme molt lligat amb la tecnologia. I la revoluci\u00f3 digital est\u00e0 suposant una bretxa de competitivitat entre pimes i grans empreses. Com es pot ajudar les pimes a assolir la transformaci\u00f3 digital?<\/span><\/strong><br \/>\nAssociar exclusivament innovaci\u00f3 i tecnologia \u00e9s una confusi\u00f3 bastant estesa. Per\u00f2 s\u2019ha d\u2019entendre la innovaci\u00f3 com la capacitat de resoldre problemes, de trobar solucions que tinguin un impacte en activitats concretes o en l\u2019entorn i les persones. La tecnologia et dona eines per poder innovar i, l\u00f2gicament, en l\u2019era de la connectivitat \u00e9s obligat incorporar la digitalitzaci\u00f3 per augmentar la resili\u00e8ncia dels negocis i fer-los m\u00e9s competitius. Les pimes estan portant a terme aquesta transformaci\u00f3 i poden accedir a ajudes econ\u00f2miques i assessorament, no nom\u00e9s per invertir en tecnologies, sin\u00f3 tamb\u00e9 per promoure el canvi cultural que els cal per tal de capacitar les persones amb les habilitats adients.<\/p>\n<p><strong><span style=\"color: #000000;\">Bizbarcelona sempre ha estat molt lligat a la capital catalana. Tot i la pand\u00e8mia, Barcelona seguir\u00e0 sent una ciutat atractiva per als negocis? <\/span><\/strong><br \/>\nNo en tinc cap dubte. Barcelona \u00e9s una ciutat din\u00e0mica, acollidora, que ha convertit la innovaci\u00f3, el desenvolupament tecnol\u00f2gic i cient\u00edfic, el disseny, l\u2019oferta comercial, la gastronomia i els serveis de qualitat en elements de la seva identitat. \u00c9s una ciutat que t\u00e9 i \u00e9s capa\u00e7 d\u2019atraure tot tipus de talent i aix\u00f2 n\u2019augmenta el potencial per als negocis.<\/p>\n<p><strong><span style=\"color: #000000;\">En qu\u00e8 pot ajudar Bizbarcelona una persona emprenedora? <\/span><\/strong><br \/>\nLes persones emprenedores hi trobaran inspiraci\u00f3 per ajudar-les a completar amb \u00e8xit el cam\u00ed que va de la idea al negoci. Hi haur\u00e0 un eix espec\u00edfic de confer\u00e8ncies en qu\u00e8 experts de refer\u00e8ncia donaran consells, explicaran t\u00e8cniques, eines i recursos i on s\u2019hi podran con\u00e8ixer casos reals per mostrar noves perspectives d\u2019emprenedoria. Tamb\u00e9 Bizbarcelona posa a l\u2019abast recursos, solucions i serveis per superar els reptes que planteja el proc\u00e9s de creaci\u00f3 d\u2019un nou negoci; des del finan\u00e7ament fins a la gesti\u00f3 i l\u2019estrat\u00e8gia empresarial, passant per la comunicaci\u00f3 i el <em>m\u00e0rqueting<\/em>, les vendes o els aspectes legals, entre d\u2019altres.<br \/>\nTamb\u00e9 oferim assessorament personalitzat a trav\u00e9s de les entitats promotores de l\u2019esdeveniment que treballen en la dinamitzaci\u00f3 de l\u2019ecosistema emprenedor i fem activitats de networking i tallers per adquirir habilitats d\u2019utilitat.<\/p>\n<blockquote>\n<h2><span style=\"color: #9d9c9c;\"><img decoding=\"async\" loading=\"lazy\" class=\"wp-image-33382 alignright\" src=\"https:\/\/www.monempresarial.com\/wp-content\/uploads\/2021\/10\/icono-cuadros.jpg\" alt=\"\" width=\"125\" height=\"122\" srcset=\"https:\/\/www.monempresarial.com\/wp-content\/uploads\/2021\/10\/icono-cuadros.jpg 482w, https:\/\/www.monempresarial.com\/wp-content\/uploads\/2021\/10\/icono-cuadros-300x293.jpg 300w\" sizes=\"(max-width: 125px) 100vw, 125px\" \/>\u201cLes pimes estan portant a terme la transformaci\u00f3 digital i poden accedir a ajudes econ\u00f2miques i assessorament, no nom\u00e9s per invertir en tecnologies, sin\u00f3 tamb\u00e9 per promoure el canvi cultural que els cal.\u201d<\/span><\/h2>\n<\/blockquote>\n<p><strong><span style=\"color: #000000;\">Amb els reconeixements \u201cBarcelona mai s\u2019atura\u201d busquen negocis innovadors i amb talent. Estan satisfets amb la resposta del teixit emprenedor de la ciutat?<\/span><\/strong><br \/>\nS\u00ed. Despr\u00e9s de la bona acollida de l\u2019any passat tornem a convocar aquests reconeixements per posar en valor la feina de pimes, entitats i persones emprenedores que han destacat durant el 2020 i el 2021 en l\u2019aplicaci\u00f3 de la innovaci\u00f3 i el talent en la transformaci\u00f3 dels seus negocis. Atesa la situaci\u00f3 tan complicada que estem vivint, trobar i donar visibilitat a projectes que han tingut impacte en l\u2019entorn, les persones i els processos de les empreses pot resultar inspirador.<\/p>\n<p><strong><span style=\"color: #000000;\">Enguany Bizbarcelona se celebrar\u00e0 juntament amb el Sal\u00f3 de l\u2019Ocupaci\u00f3. La formaci\u00f3 \u00e9s un element clau per a la generaci\u00f3 de talent?<\/span><\/strong><br \/>\nS\u00ed. Com ja vam fer l\u2019any passat, Bizbarcelona i el Sal\u00f3 de l\u2019Ocupaci\u00f3 se celebraran conjuntament per sumar sinergies, esfor\u00e7os i poder de convocat\u00f2ria. Tenim l\u2019objectiu d\u2019impulsar la reactivaci\u00f3 econ\u00f2mica i l\u2019activitat empresarial, a m\u00e9s de les oportunitats laborals i de reinvenci\u00f3 professional. L\u2019actitud emprenedora i el talent seran el nexe de tots dos salons, que es fan en el marc de BcnTalent, un conjunt d\u2019esdeveniments i activitats que es duran a terme a la capital catalana la setmana pr\u00e8via per posar en valor el potencial transformador del talent aplicat a empreses i negocis.<\/p>\n<p><strong><span style=\"color: #000000;\">La pand\u00e8mia ens ha ensenyat que vivim en un m\u00f3n canviant. Com hauran de ser les empreses del futur per adaptar-se a possibles imprevistos com la COVID-19?<\/span><\/strong><br \/>\nLes empreses del futur hauran d\u2019apostar per la digitalitzaci\u00f3, la flexibilitat en processos i el treball col\u00b7laboratiu amb altres companyies. A m\u00e9s, i el m\u00e9s important, hauran de posar les persones al centre del seu desenvolupament com a empresa.<\/p>\n<p><strong><span style=\"color: #000000;\">L\u2019ecosistema <em>start-up<\/em> \u00e9s el que creix m\u00e9s a Catalunya: un 60% en els darrers cinc anys, segons dades d\u2019Acci\u00f3. El futur del teixit empresarial del pa\u00eds passa per adoptar una cultura m\u00e9s semblant a la de les <em>start-ups<\/em>?<\/span><\/strong><br \/>\nCrec que el futur de les empreses passa per interioritzar clarament valors com l\u2019orientaci\u00f3 a objectius, la flexibilitat i l\u2019aposta per la innovaci\u00f3 continua i oberta.<\/p>\n<p><strong><span style=\"color: #000000;\">Y Bizbarcelona, \u00bfqu\u00e9 retos se fija m\u00e1s all\u00e1 de esta edici\u00f3n? <\/span><\/strong><br \/>\nQueremos seguir siendo referente y aglutinador del ecosistema emprendedor de Barcelona y su \u00e1rea metropolitana. Tambi\u00e9n queremos adaptar nuestros contenidos a las necesidades que vayan surgiendo, de manera que las empresas, y especialmente las pymes, sigan creciendo. Nuestro reto es adelantarnos y detectar las tendencias que marcan el desarrollo de los negocios. De esta manera, podemos ayudar a nuestros visitantes a adaptarse a cualquier coyuntura.<\/p>\n","protected":false},"excerpt":{"rendered":"<p>Despr\u00e9s d\u2019un any convuls per al teixit empresarial del pa\u00eds, Bizbarcelona torna a obrir les seves portes, en un sal\u00f3 centrat en quatre eixos: emprenedoria, creixement, start-ups i innovaci\u00f3. Parlem amb el seu director, Aleix Planas, per reflexionar sobre els reptes de futur per reactivar els negocis de petites i mitjanes empreses. <\/p>\n","protected":false},"author":1,"featured_media":33384,"comment_status":"closed","ping_status":"closed","sticky":false,"template":"","format":"standard","meta":{"_mi_skip_tracking":false,"mc4wp_mailchimp_campaign":[],"jnews-multi-image_gallery":[],"jnews_single_post":[],"jnews_primary_category":[]},"categories":[9,10820,10821,10825],"tags":[181,252,595,1135,1136,1174,1181,1222,1865,3038,5587,5588,7369],"_links":{"self":[{"href":"https:\/\/www.monempresarial.com\/ca\/wp-json\/wp\/v2\/posts\/33392"}],"collection":[{"href":"https:\/\/www.monempresarial.com\/ca\/wp-json\/wp\/v2\/posts"}],"about":[{"href":"https:\/\/www.monempresarial.com\/ca\/wp-json\/wp\/v2\/types\/post"}],"author":[{"embeddable":true,"href":"https:\/\/www.monempresarial.com\/ca\/wp-json\/wp\/v2\/users\/1"}],"replies":[{"embeddable":true,"href":"https:\/\/www.monempresarial.com\/ca\/wp-json\/wp\/v2\/comments?post=33392"}],"version-history":[{"count":1,"href":"https:\/\/www.monempresarial.com\/ca\/wp-json\/wp\/v2\/posts\/33392\/revisions"}],"predecessor-version":[{"id":46076,"href":"https:\/\/www.monempresarial.com\/ca\/wp-json\/wp\/v2\/posts\/33392\/revisions\/46076"}],"wp:featuredmedia":[{"embeddable":true,"href":"https:\/\/www.monempresarial.com\/ca\/wp-json\/wp\/v2\/media\/33384"}],"wp:attachment":[{"href":"https:\/\/www.monempresarial.com\/ca\/wp-json\/wp\/v2\/media?parent=33392"}],"wp:term":[{"taxonomy":"category","embeddable":true,"href":"https:\/\/www.monempresarial.com\/ca\/wp-json\/wp\/v2\/categories?post=33392"},{"taxonomy":"post_tag","embeddable":true,"href":"https:\/\/www.monempresarial.com\/ca\/wp-json\/wp\/v2\/tags?post=33392"}],"curies":[{"name":"wp","href":"https:\/\/api.w.org\/{rel}","templated":true}]}}