{"id":33527,"date":"2021-10-28T12:23:54","date_gmt":"2021-10-28T10:23:54","guid":{"rendered":"https:\/\/www.monempresarial.com\/?p=33527"},"modified":"2025-06-06T10:00:40","modified_gmt":"2025-06-06T08:00:40","slug":"els-enginyers-mostren-el-seu-compromis-en-la-lluita-contra-el-canvi-climatic-en-la-10a-edicio-de-igenium","status":"publish","type":"post","link":"https:\/\/www.monempresarial.com\/ca\/2021\/10\/28\/els-enginyers-mostren-el-seu-compromis-en-la-lluita-contra-el-canvi-climatic-en-la-10a-edicio-de-igenium\/","title":{"rendered":"Els enginyers mostren el seu comprom\u00eds en la lluita contra el canvi clim\u00e0tic en la 10\u00aa edici\u00f3 de iGenium"},"content":{"rendered":"<p><strong>La primera jornada de iGenium posa de manifest la complexitat del moment i el ferm comprom\u00eds de l\u2019enginyeria en la lluita pel canvi clim\u00e0tic<\/strong><br \/>\n<strong>Transici\u00f3 Ecol\u00f2gica i Enginyeria<\/strong><br \/>\n<strong>Va inaugurar la 10a. edici\u00f3 de iGenium Francesc Sol\u00e9 Parellada,catedr\u00e0tic em\u00e8rit de la UPC.<\/strong><\/p>\n<hr style=\"color: #b72126;\" \/>\n<figure id=\"attachment_33528\" aria-describedby=\"caption-attachment-33528\" style=\"width: 473px\" class=\"wp-caption alignright\"><img decoding=\"async\" loading=\"lazy\" class=\" wp-image-33528\" src=\"https:\/\/www.monempresarial.com\/wp-content\/uploads\/2021\/10\/foto-jornada.jpg\" alt=\"\" width=\"473\" height=\"228\" srcset=\"https:\/\/www.monempresarial.com\/wp-content\/uploads\/2021\/10\/foto-jornada.jpg 563w, https:\/\/www.monempresarial.com\/wp-content\/uploads\/2021\/10\/foto-jornada-300x144.jpg 300w, https:\/\/www.monempresarial.com\/wp-content\/uploads\/2021\/10\/foto-jornada-352x169.jpg 352w\" sizes=\"(max-width: 473px) 100vw, 473px\" \/><figcaption id=\"caption-attachment-33528\" class=\"wp-caption-text\"><em>Ricard Granados, president de l\u2019INEC dona la benvinguda a ponents i assistents a la 10a. edici\u00f3 d\u2019 iGenium<\/em><\/figcaption><\/figure>\n<p><strong>Barcelona, 18 de octubre de 2021<\/strong>_ Transici\u00f3 ecol\u00f2gica i Enginyeria, \u00e9s l&#8217;eix de la 10a. edici\u00f3 de iGenium\u20192021, que va presentar Ricard Granados, president de l\u2019Institut d\u2019Enginyers de Catalunya, i va inaugurar Francesc Sol\u00e9 Parellada amb la confer\u00e8ncia \u201cProspectiva tecnol\u00f2gica i econ\u00f2mica\u201d. Sol\u00e9, en una xerrada plena d&#8217;an\u00e8cdotes i exemples quotidians, va destacar_ que una cosa \u00e9s la previsi\u00f3 de l&#8217;evoluci\u00f3 de la tecnologia i l&#8217;altra els efectes dels canvis tecnol\u00f2gics sobre la societat en els seus diferents aspectes. La proposici\u00f3 _ va concloure _ \u00e9s que no hi ha manera de predir amb certesa les conseq\u00fc\u00e8ncies de la tecnologia . La prospectiva, com a ci\u00e8ncia que estudia les causes t\u00e8cniques, cient\u00edfiques, econ\u00f2miques i socials que acceleren l&#8217;evoluci\u00f3 del m\u00f3n i la previsi\u00f3 de les situacions que podrien derivar-se de les seves influ\u00e8ncies, en aquest sentit, va assenyalar_ no \u00e9s molt predictible la seva prospectiva_ va cloure. \u00c9s molt dif\u00edcil \u00e9s un entorn de complexitat, incertesa i ambig\u00fcitat.<\/p>\n<p>Va seguir el torn d&#8217;Irene Donaire, del Grup RENFE, amb el projecte \u201cCompromesos amb la descarbonitzaci\u00f3 i la mobilitat sostenible\u201d, dins del marc actual d&#8217;urg\u00e8ncia clim\u00e0tica, liberalitzaci\u00f3 del sector ferroviari i de la inestabilitat de les tarifes el\u00e8ctriques. Donaire va destacar com el Grup Renfe refor\u00e7a el seu comprom\u00eds amb la lluita contra el canvi clim\u00e0tic i continua apostant per la descarbonitzaci\u00f3 i per la mobilitat sostenible. Per a aix\u00f2, Renfe desenvolupa diferents projectes amb la finalitat de millorar la seva efici\u00e8ncia energ\u00e8tica i reduir l&#8217;impacte del seu consum sobre el medi ambient. Va presentar algunes de les actuacions m\u00e9s destacades i les noves l\u00ednies estrat\u00e8giques de treball que es troben en fase d&#8217;an\u00e0lisi com les Subestacions reversibles: recuperaci\u00f3 de l&#8217;energia de frenat, en col\u00b7laboraci\u00f3 amb Adif, per a evitar que l&#8217;excedent d&#8217;energia generada pel frenat regeneratiu es dissipi i recuperar-lo per a ser retornat a la xarxa el\u00e8ctrica d&#8217;alta tensi\u00f3; la Implantaci\u00f3 d&#8217;energia fotovoltaica en les Bases de Fabricaci\u00f3 i manteniment per a reduir el consum el\u00e8ctric de la xarxa, amb la conseq\u00fc\u00e8ncia de reducci\u00f3 de les emissions GEI associades i reducci\u00f3 del cost econ\u00f2mic en la factura de les Bases de major consum, o l&#8217;aposta del Grup Renfe per la substituci\u00f3 progressiva del di\u00e8sel per combustibles m\u00e9s nets.<br \/>\nOscar S\u00e1nchez de Grup La M\u00fatua dels Enginyers, va incidir en qu\u00e8 les asseguradores s\u00f3n claus en la lluita pel canvi clim\u00e0tic perqu\u00e8 donat el potencial financer d&#8217;aquestes entitats, les seves pol\u00edtiques d&#8217;inversi\u00f3 s\u00f3n nuclears en el cam\u00ed cap a unes finances sostenibles a nivell global. A m\u00e9s_ va comentar_ les asseguradores com a comercialitzadores de productes financers, constitueixen una palanca fonamental per a generar conscienciaci\u00f3 social sobre aquest tema.<br \/>\nEn conseq\u00fc\u00e8ncia, va assenyalar S\u00e1nchez_ el paper de les entitats asseguradores \u00e9s rellevant en la lluita contra el canvi clim\u00e0tic i en les metes que la societat aconsegueixi pel que fa a la transici\u00f3 energ\u00e8tica. Com exemples, va fer especial \u00e8mfasi en les conseq\u00fc\u00e8ncies, cada vegada m\u00e9s catastr\u00f2fiques i m\u00e9s freq\u00fcents, de les tempestes, les pluges torrencials o per contra de les sequeres, i tamb\u00e9 de les patologies en les persones. Les entitats asseguradores han d&#8217;adaptar els seus productes als nous riscos derivats del canvi clim\u00e0tic<\/p>\n<p>La sessi\u00f3 moderada per Jos\u00e9 Gabriel Mart\u00edn, president de la delegaci\u00f3 de Catalunya de l&#8217;Associaci\u00f3 d&#8217;Enginyers Aeron\u00e0utics d&#8217;Espanya, va concloure la seva primera jornada empla\u00e7ant als assistents a la seg\u00fcent jornada iGenium del dia 21 d&#8217;octubre.<\/p>\n<p>En l\u2019edici\u00f3 ha col\u00b7laborat Cellnex Telecom Grup La M\u00fatua dels Enginyers Mobile World Capital Barcelona RENFE i Grup Caixa d\u2019Enginyers<\/p>\n<p style=\"text-align: right;\"><strong>Per a m\u00e9s informaci\u00f3 Olga Vela info@inec.cat<\/strong><\/p>\n","protected":false},"excerpt":{"rendered":"<p>La primera jornada de iGenium posa de manifest la complexitat del moment i el ferm comprom\u00eds de l\u2019enginyeria en la lluita pel canvi clim\u00e0tic Transici\u00f3 Ecol\u00f2gica i Enginyeria Va inaugurar la 10a. edici\u00f3 de iGenium Francesc Sol\u00e9 Parellada,catedr\u00e0tic em\u00e8rit de la UPC. Barcelona, 18 de octubre de 2021_ Transici\u00f3 ecol\u00f2gica i Enginyeria, \u00e9s l&#8217;eix de [&hellip;]<\/p>\n","protected":false},"author":1,"featured_media":33536,"comment_status":"open","ping_status":"open","sticky":false,"template":"","format":"standard","meta":{"_mi_skip_tracking":false,"mc4wp_mailchimp_campaign":[],"jnews-multi-image_gallery":[],"jnews_single_post":{"source_name":"","source_url":"","via_name":"","via_url":"","override_template":"0","override":[{"template":"1","single_blog_custom":"","parallax":"1","fullscreen":"1","layout":"right-sidebar","sidebar":"default-sidebar","second_sidebar":"default-sidebar","sticky_sidebar":"1","share_position":"bottom","share_float_style":"share-monocrhome","show_share_counter":"1","show_view_counter":"1","show_featured":"1","show_post_meta":"1","show_post_author":"1","show_post_author_image":"1","show_post_date":"1","post_date_format":"default","post_date_format_custom":"Y\/m\/d","show_post_category":"0","show_post_reading_time":"1","post_reading_time_wpm":"300","show_zoom_button":"0","zoom_button_out_step":"2","zoom_button_in_step":"3","show_post_tag":"1","show_prev_next_post":"0","show_popup_post":"1","number_popup_post":"2","show_author_box":"1","show_post_related":"1","show_inline_post_related":"1"}],"override_image_size":"0","image_override":[{"single_post_thumbnail_size":"crop-715","single_post_gallery_size":"crop-500"}],"trending_post":"0","trending_post_position":"meta","trending_post_label":"Trending","sponsored_post":"0","sponsored_post_label":"Sponsored by","sponsored_post_name":"","sponsored_post_url":"","sponsored_post_logo_enable":"0","sponsored_post_logo":"","sponsored_post_desc":"","disable_ad":"0"},"jnews_primary_category":{"id":"10825","hide":""}},"categories":[5694,10820,10821,10,10825],"tags":[1130,10388,10389,1127],"_links":{"self":[{"href":"https:\/\/www.monempresarial.com\/ca\/wp-json\/wp\/v2\/posts\/33527"}],"collection":[{"href":"https:\/\/www.monempresarial.com\/ca\/wp-json\/wp\/v2\/posts"}],"about":[{"href":"https:\/\/www.monempresarial.com\/ca\/wp-json\/wp\/v2\/types\/post"}],"author":[{"embeddable":true,"href":"https:\/\/www.monempresarial.com\/ca\/wp-json\/wp\/v2\/users\/1"}],"replies":[{"embeddable":true,"href":"https:\/\/www.monempresarial.com\/ca\/wp-json\/wp\/v2\/comments?post=33527"}],"version-history":[{"count":2,"href":"https:\/\/www.monempresarial.com\/ca\/wp-json\/wp\/v2\/posts\/33527\/revisions"}],"predecessor-version":[{"id":46087,"href":"https:\/\/www.monempresarial.com\/ca\/wp-json\/wp\/v2\/posts\/33527\/revisions\/46087"}],"wp:featuredmedia":[{"embeddable":true,"href":"https:\/\/www.monempresarial.com\/ca\/wp-json\/wp\/v2\/media\/33536"}],"wp:attachment":[{"href":"https:\/\/www.monempresarial.com\/ca\/wp-json\/wp\/v2\/media?parent=33527"}],"wp:term":[{"taxonomy":"category","embeddable":true,"href":"https:\/\/www.monempresarial.com\/ca\/wp-json\/wp\/v2\/categories?post=33527"},{"taxonomy":"post_tag","embeddable":true,"href":"https:\/\/www.monempresarial.com\/ca\/wp-json\/wp\/v2\/tags?post=33527"}],"curies":[{"name":"wp","href":"https:\/\/api.w.org\/{rel}","templated":true}]}}