{"id":33583,"date":"2021-11-04T10:37:55","date_gmt":"2021-11-04T09:37:55","guid":{"rendered":"https:\/\/www.monempresarial.com\/?p=33583"},"modified":"2025-06-06T10:00:16","modified_gmt":"2025-06-06T08:00:16","slug":"igenium-clausura-la-10a-edicio-estimulant-les-empreses-industrials-a-fer-sinergies-per-a-la-gestio-denergia-i-lestalvi-de-co%e2%82%82","status":"publish","type":"post","link":"https:\/\/www.monempresarial.com\/ca\/2021\/11\/04\/igenium-clausura-la-10a-edicio-estimulant-les-empreses-industrials-a-fer-sinergies-per-a-la-gestio-denergia-i-lestalvi-de-co%e2%82%82\/","title":{"rendered":"iGenium clausura la 10a edici\u00f3 estimulant les empreses industrials a fer sinergies per a la gesti\u00f3 d&#8217;energia i l&#8217;estalvi de CO\u2082"},"content":{"rendered":"<p><strong><img decoding=\"async\" loading=\"lazy\" class=\"aligncenter wp-image-33538 \" src=\"https:\/\/www.monempresarial.com\/wp-content\/uploads\/2021\/10\/logo-3-e1636019712710.jpg\" alt=\"\" width=\"463\" height=\"137\" srcset=\"https:\/\/www.monempresarial.com\/wp-content\/uploads\/2021\/10\/logo-3-e1636019712710.jpg 818w, https:\/\/www.monempresarial.com\/wp-content\/uploads\/2021\/10\/logo-3-e1636019712710-300x88.jpg 300w, https:\/\/www.monempresarial.com\/wp-content\/uploads\/2021\/10\/logo-3-e1636019712710-768x226.jpg 768w\" sizes=\"(max-width: 463px) 100vw, 463px\" \/><\/strong><\/p>\n<p><strong>iGenium\u00a0conclou el cicle Transici\u00f3 Ecol\u00f2gica i Enginyeria estimulant a les empreses industrials a fer sinergies per a la gesti\u00f3 d&#8217;energia i l&#8217;estalvi de CO\u2082<br \/>\n<\/strong><strong>Els ponents van coincidir en la necessitat de reduir, reciclar i reutilitzar, conceptes clau de l&#8217;economia circular per a la transici\u00f3 ecol\u00f2gica<\/strong><\/p>\n<hr style=\"color: #b72126;\" \/>\n<p><img decoding=\"async\" loading=\"lazy\" class=\"aligncenter wp-image-33584 size-full\" src=\"https:\/\/www.monempresarial.com\/wp-content\/uploads\/2021\/11\/noticia-2.jpg\" alt=\"\" width=\"566\" height=\"226\" srcset=\"https:\/\/www.monempresarial.com\/wp-content\/uploads\/2021\/11\/noticia-2.jpg 566w, https:\/\/www.monempresarial.com\/wp-content\/uploads\/2021\/11\/noticia-2-300x120.jpg 300w\" sizes=\"(max-width: 566px) 100vw, 566px\" \/><\/p>\n<p><strong>Barcelona 29 d\u2019octubre de 2021<\/strong>_ Durant la inauguraci\u00f3 de l&#8217;\u00faltima sessi\u00f3 de iGenium\u20192021, del cicle <em>Transici\u00f3 Ecol\u00f2gica i Enginyeria<\/em>, Ricard Granados, president del Institut d\u2019Enginyers de Catalunya, va resumir les jornades anteriors, emfatitzant el paper de les empreses industrials i de serveis en aquesta transici\u00f3 ecol\u00f2gica, citant de les sessions anteriors a Grup La M\u00fatua dels Enginyers, RENFE , Grup Caixa d&#8217;Enginyers, Port de Barcelona, i la UPC.<\/p>\n<p>Tot seguit, va presentar a Cristina Montserrat, enginyera forestal i degana a Catalunya del Col\u00b7legi de muntanyes i moderadora de la sessi\u00f3, que va presentar als diferents ponents.<\/p>\n<p><strong>Ra\u00fcl Gonz\u00e1lez Prats, <\/strong>responsable del\u00a0Mobility\u00a0Lab.\u00a0Cellnex\u00a0amb el projecte \u201cZero\u00a0Emissions\u00a0Rural\u00a0Site\u201d\u00a0(ZERS)\u00a0dissenyat i desenvolupat en el\u00a0Mobility\u00a0Lab\u00a0que la companyia t\u00e9 en el municipi barcelon\u00ed de Castellol\u00ed. El\u00a0ZERS\u00a0\u00e9s un innovador empla\u00e7ament de telecomunicacions amb emissions zero que inclou panell solar, turbina e\u00f2lica, antenes 5G, enlla\u00e7os en banda mil\u00b7lim\u00e8trica (mmW), c\u00e0meres de v\u00eddeo, sensors mediambientals i diverses tecnologies m\u00f2bils de connectivitat relacionades amb la mobilitat i la connectivitat amb els vehicles. Es tracta d&#8217;un sistema aut\u00f2nom de generaci\u00f3, acumulaci\u00f3 i gesti\u00f3 energ\u00e8tica orientat a empla\u00e7aments de comunicacions m\u00f2bils sense acc\u00e9s a la xarxa el\u00e8ctrica que, fins ara, es doten de grups electr\u00f2gens contaminants. Un innovador projecte per al desplegament del 5G Rural. Buscar la m\u00e0xima efici\u00e8ncia energ\u00e8tica<strong>.<\/strong><\/p>\n<p>Va seguir, <strong>Joan\u00a0Vil\u00e0<\/strong>, Enginyer Industrial i\u00a0CEO\u00a0de\u00a0LC\u00a0Papers\u00a0amb el projecte \u201cFlexibilitat de la biomassa en l&#8217;equilibri del sistema el\u00e8ctric renovable. Durant la seva intervenci\u00f3 explico que la<br \/>\nbiomassa \u00e9s un recurs estrat\u00e8gic per a resoldre la transformaci\u00f3 energ\u00e8tica de l&#8217;economia, sobretot la industrial. <em>Tant en usos de temperatura elevada com en balan\u00e7 del sistema el\u00e8ctric, la biomassa \u00e9s clau<\/em>_ va destacar_ <em>Pot ser amb caldera de vapor, per\u00f2 tamb\u00e9 amb la gasificaci\u00f3 per pir\u00f2lisi, oferint un gas clau per la generaci\u00f3 flexible del sistema\u00a0electrico_\u00a0va seguir. \u00c9s necessari que hi hagi una sinergia entre la xarxa de gas, renovable, i la xarxa electricitat, una sinergia enlaire consumeixo que haur\u00e0 de ser traslladada a la resta de la societat, per a resoldre els buits de producci\u00f3 el\u00e8ctrica,<\/em> va concloure.<\/p>\n<p>&nbsp;<\/p>\n","protected":false},"excerpt":{"rendered":"<p>iGenium\u00a0conclou el cicle Transici\u00f3 Ecol\u00f2gica i Enginyeria estimulant a les empreses industrials a fer sinergies per a la gesti\u00f3 d&#8217;energia i l&#8217;estalvi de CO\u2082 Els ponents van coincidir en la necessitat de reduir, reciclar i reutilitzar, conceptes clau de l&#8217;economia circular per a la transici\u00f3 ecol\u00f2gica Barcelona 29 d\u2019octubre de 2021_ Durant la inauguraci\u00f3 de [&hellip;]<\/p>\n","protected":false},"author":1,"featured_media":33595,"comment_status":"open","ping_status":"open","sticky":false,"template":"","format":"standard","meta":{"_mi_skip_tracking":false,"mc4wp_mailchimp_campaign":[],"jnews-multi-image_gallery":[],"jnews_single_post":{"source_name":"","source_url":"","via_name":"","via_url":"","override_template":"0","override":[{"template":"1","single_blog_custom":"","parallax":"1","fullscreen":"1","layout":"right-sidebar","sidebar":"default-sidebar","second_sidebar":"default-sidebar","sticky_sidebar":"1","share_position":"bottom","share_float_style":"share-monocrhome","show_share_counter":"1","show_view_counter":"1","show_featured":"1","show_post_meta":"1","show_post_author":"1","show_post_author_image":"1","show_post_date":"1","post_date_format":"default","post_date_format_custom":"Y\/m\/d","show_post_category":"0","show_post_reading_time":"1","post_reading_time_wpm":"300","show_zoom_button":"0","zoom_button_out_step":"2","zoom_button_in_step":"3","show_post_tag":"1","show_prev_next_post":"0","show_popup_post":"1","number_popup_post":"2","show_author_box":"1","show_post_related":"1","show_inline_post_related":"1"}],"override_image_size":"0","image_override":[{"single_post_thumbnail_size":"crop-715","single_post_gallery_size":"crop-500"}],"trending_post":"0","trending_post_position":"meta","trending_post_label":"Trending","sponsored_post":"0","sponsored_post_label":"Sponsored by","sponsored_post_name":"","sponsored_post_url":"","sponsored_post_logo_enable":"0","sponsored_post_logo":"","sponsored_post_desc":"","disable_ad":"0"},"jnews_primary_category":{"id":"10907","hide":""}},"categories":[5694,10820,10821,10,10825],"tags":[1051,10388,178,711],"_links":{"self":[{"href":"https:\/\/www.monempresarial.com\/ca\/wp-json\/wp\/v2\/posts\/33583"}],"collection":[{"href":"https:\/\/www.monempresarial.com\/ca\/wp-json\/wp\/v2\/posts"}],"about":[{"href":"https:\/\/www.monempresarial.com\/ca\/wp-json\/wp\/v2\/types\/post"}],"author":[{"embeddable":true,"href":"https:\/\/www.monempresarial.com\/ca\/wp-json\/wp\/v2\/users\/1"}],"replies":[{"embeddable":true,"href":"https:\/\/www.monempresarial.com\/ca\/wp-json\/wp\/v2\/comments?post=33583"}],"version-history":[{"count":2,"href":"https:\/\/www.monempresarial.com\/ca\/wp-json\/wp\/v2\/posts\/33583\/revisions"}],"predecessor-version":[{"id":46085,"href":"https:\/\/www.monempresarial.com\/ca\/wp-json\/wp\/v2\/posts\/33583\/revisions\/46085"}],"wp:featuredmedia":[{"embeddable":true,"href":"https:\/\/www.monempresarial.com\/ca\/wp-json\/wp\/v2\/media\/33595"}],"wp:attachment":[{"href":"https:\/\/www.monempresarial.com\/ca\/wp-json\/wp\/v2\/media?parent=33583"}],"wp:term":[{"taxonomy":"category","embeddable":true,"href":"https:\/\/www.monempresarial.com\/ca\/wp-json\/wp\/v2\/categories?post=33583"},{"taxonomy":"post_tag","embeddable":true,"href":"https:\/\/www.monempresarial.com\/ca\/wp-json\/wp\/v2\/tags?post=33583"}],"curies":[{"name":"wp","href":"https:\/\/api.w.org\/{rel}","templated":true}]}}