{"id":33734,"date":"2021-11-18T11:57:27","date_gmt":"2021-11-18T10:57:27","guid":{"rendered":"https:\/\/www.monempresarial.com\/?p=33734"},"modified":"2025-06-06T09:59:57","modified_gmt":"2025-06-06T07:59:57","slug":"la-iniciativa-crit-per-les-dones-afganeses-convoca-una-manifestacio-virtual-al-passeig-de-gracia-de-barcelona","status":"publish","type":"post","link":"https:\/\/www.monempresarial.com\/ca\/2021\/11\/18\/la-iniciativa-crit-per-les-dones-afganeses-convoca-una-manifestacio-virtual-al-passeig-de-gracia-de-barcelona\/","title":{"rendered":"La iniciativa \u201cCrit per les dones afganeses\u201d convoca una manifestaci\u00f3 virtual al Passeig de Gr\u00e0cia de Barcelona"},"content":{"rendered":"<p>&nbsp;<\/p>\n<p>La iniciativa sorgida des de diversos col\u00b7lectius i entitats de dones de Catalunya coneguda amb el nom de \u201cCrit per les dones afganeses\u201d ha convocat una manifestaci\u00f3 virtual pel proper dissabte, 27 de novembre, a les 18 hores, per denunciar la greu situaci\u00f3 que est\u00e0 vivint la poblaci\u00f3 afganesa, especialment les dones i els infants, des del retorn dels talibans al poder. \u201cVolem despertar consci\u00e8ncies, que s\u00e0piguen que lluitarem perqu\u00e8 no les portin de nou al t\u00fanel del temps\u201d, ha explicat Joana Amat, una de les seves impulsores i presidenta de Fidem, durant l\u2019acte de presentaci\u00f3 de la convocat\u00f2ria.<\/p>\n<p>Es tracta de la primera trobada d\u2019aquest caire que t\u00e9 lloc al m\u00f3n i pret\u00e9n omplir virtualment el Passeig de Gr\u00e0cia de Barcelona. Per fer-ho, des de l\u2019organitzaci\u00f3 criden a una gran participaci\u00f3, tant nacional com internacional, on s\u2019inscriguin homes, dones i criatures.<\/p>\n<p>L\u2019acte es retransmetr\u00e0 en <em>streaming<\/em> i ser\u00e0 conduit pel periodista Antoni Bassas, qui llegir\u00e0 el manifest en catal\u00e0 i angl\u00e8s. La periodista Rosa Montero ho far\u00e0 en castell\u00e0. Tamb\u00e9 intervindran l\u2019escriptora i activista afganesa, Nadia Ghulam, l\u2019actriu Clara Segura i diversos testimonis des d\u2019Afganistan i des de Barcelona. Hi haur\u00e0 poesia musicada a c\u00e0rrec de Llu\u00eds Llach i S\u00edlvia Bel, i tancaran l\u2019acte l\u2019alcaldessa de Barcelona, Ada Colau; la consellera d\u2019Igualtat i Feminismes, T\u00e0nia Verge; i la presidenta del Parlament, Laura Borr\u00e0s.<\/p>\n<p>La inscripci\u00f3 per a participar a la manifestaci\u00f3 ja est\u00e0 oberta i es pot fer a la p\u00e0gina web <a href=\"http:\/\/www.critvirtual.com\">www.critvirtual.com<\/a>, que inclou un apartat de donaci\u00f3 per recollir diners per a les oenag\u00e9s que estan donant suport a la poblaci\u00f3 afganesa sobre el terreny.<\/p>\n<p><strong>En temps real<\/strong><br \/>\nAquesta iniciativa es basa fonamentalment en el treball desenvolupat des de donesCOEINF del Col\u00b7legi Oficial d\u2019Enginyeria Inform\u00e0tica de Catalunya. Karina Gibert, catedr\u00e0tica d\u2019IDEAI-UPC i presidenta de donesCOEINF ha explicat que \u201cl\u2019element m\u00e9s innovador del web \u00e9s que la manifestaci\u00f3 ha comen\u00e7at el dia 15 i totes les persones i entitats que vulguin s\u2019hi poden anar afegint fins el dia 27 a trav\u00e9s d\u2019un petit formulari de registre, on verifiquem que la persona existeix i s\u2019inscriu nom\u00e9s una vegada i en el moment de la inscripci\u00f3, una de les personetes de la manifestaci\u00f3 es posar\u00e0 de color lila i quedareu assignats a aquella posici\u00f3\u201d.<\/p>\n<p>La imatge de la manifestaci\u00f3 es va actualitzant a temps real i a la cap\u00e7alera es poden veure les entitats que s\u2019adhereixen i est\u00e0 marcada en un altre color. A m\u00e9s, es poden deixar missatges de coratge cap a les dones i el poble afgan\u00e8s, que es visualitzen en continu en una finestreta al costat del manifest. Cal ressaltar tamb\u00e9 que les inscripcions s\u00f3n molt segures, el n\u00famero d\u2019identitat de la persona (DNI, passaport, NIE,) no surt mai del m\u00f2bil, ordinador o tauleta de la persona que s\u2019inscriu i nom\u00e9s es guarda una versi\u00f3 encriptada per garantir la inscripci\u00f3 \u00fanica.<\/p>\n","protected":false},"excerpt":{"rendered":"<p>&nbsp; La iniciativa sorgida des de diversos col\u00b7lectius i entitats de dones de Catalunya coneguda amb el nom de \u201cCrit per les dones afganeses\u201d ha convocat una manifestaci\u00f3 virtual pel proper dissabte, 27 de novembre, a les 18 hores, per denunciar la greu situaci\u00f3 que est\u00e0 vivint la poblaci\u00f3 afganesa, especialment les dones i els [&hellip;]<\/p>\n","protected":false},"author":1,"featured_media":33735,"comment_status":"open","ping_status":"open","sticky":false,"template":"","format":"standard","meta":{"_mi_skip_tracking":false,"mc4wp_mailchimp_campaign":[],"jnews-multi-image_gallery":[],"jnews_single_post":[],"jnews_primary_category":[]},"categories":[5694,10820,10821,10825],"tags":[4644,10399,10400,10401],"_links":{"self":[{"href":"https:\/\/www.monempresarial.com\/ca\/wp-json\/wp\/v2\/posts\/33734"}],"collection":[{"href":"https:\/\/www.monempresarial.com\/ca\/wp-json\/wp\/v2\/posts"}],"about":[{"href":"https:\/\/www.monempresarial.com\/ca\/wp-json\/wp\/v2\/types\/post"}],"author":[{"embeddable":true,"href":"https:\/\/www.monempresarial.com\/ca\/wp-json\/wp\/v2\/users\/1"}],"replies":[{"embeddable":true,"href":"https:\/\/www.monempresarial.com\/ca\/wp-json\/wp\/v2\/comments?post=33734"}],"version-history":[{"count":1,"href":"https:\/\/www.monempresarial.com\/ca\/wp-json\/wp\/v2\/posts\/33734\/revisions"}],"predecessor-version":[{"id":46083,"href":"https:\/\/www.monempresarial.com\/ca\/wp-json\/wp\/v2\/posts\/33734\/revisions\/46083"}],"wp:featuredmedia":[{"embeddable":true,"href":"https:\/\/www.monempresarial.com\/ca\/wp-json\/wp\/v2\/media\/33735"}],"wp:attachment":[{"href":"https:\/\/www.monempresarial.com\/ca\/wp-json\/wp\/v2\/media?parent=33734"}],"wp:term":[{"taxonomy":"category","embeddable":true,"href":"https:\/\/www.monempresarial.com\/ca\/wp-json\/wp\/v2\/categories?post=33734"},{"taxonomy":"post_tag","embeddable":true,"href":"https:\/\/www.monempresarial.com\/ca\/wp-json\/wp\/v2\/tags?post=33734"}],"curies":[{"name":"wp","href":"https:\/\/api.w.org\/{rel}","templated":true}]}}