{"id":34038,"date":"2021-12-15T09:22:13","date_gmt":"2021-12-15T08:22:13","guid":{"rendered":"https:\/\/www.monempresarial.com\/2021\/12\/13\/la-apuesta-por-la-movilidad-electrica-de-enric-asuncion-cofundador-de-wallbox-consigue-el-premio-joven-empresario-de-aijec-2\/"},"modified":"2025-06-06T09:59:29","modified_gmt":"2025-06-06T07:59:29","slug":"mes-de-600-empreses-i-1-000-treballadors-es-beneficiaran-de-laposta-de-la-diputacio-de-barcelona-per-la-transformacio-sostenible-del-sector-de-lautomocio","status":"publish","type":"post","link":"https:\/\/www.monempresarial.com\/ca\/2021\/12\/15\/mes-de-600-empreses-i-1-000-treballadors-es-beneficiaran-de-laposta-de-la-diputacio-de-barcelona-per-la-transformacio-sostenible-del-sector-de-lautomocio\/","title":{"rendered":"M\u00e9s de 600 empreses i 1.000 treballadors es beneficiaran de l\u2019aposta de la Diputaci\u00f3 de Barcelona per la transformaci\u00f3 sostenible del sector de l\u2019automoci\u00f3"},"content":{"rendered":"<h5><span style=\"color: #808080;\">PUBLIREPORTATGE<\/span><\/h5>\n<h2><strong>Vuit consells comarcals reben suport i assessorament de la Diputaci\u00f3 per orientar el sector cap a la reindustrialitzaci\u00f3 i la transici\u00f3 de la mobilitat sostenible.<\/strong><\/h2>\n<p><strong>La Diputaci\u00f3 de Barcelona treballa amb vuit consells comarcals de la prov\u00edncia per impulsar la transformaci\u00f3 de la ind\u00fastria de l\u2019automoci\u00f3 cap a la mobilitat sostenible i per revertir els efectes de la crisi que amena\u00e7a el sector. La corporaci\u00f3 ha destinat 1,5 M\u20ac per assessorar els plans d\u2019acci\u00f3 comarcals orientats a donar suport a les empreses i als treballadors, amb activitats formatives, acreditacions competencials i acompanyament empresarial. El gruix de les accions dels plans es dur\u00e0 a terme al llarg del 2022. <\/strong><\/p>\n<hr \/>\n<p>A Catalunya la ind\u00fastria de l\u2019autom\u00f2bil afronta molts reptes en el futur m\u00e9s immediat i la transformaci\u00f3 que viur\u00e0 capgirar\u00e0 el sector en tota la seva cadena de valor. \u201cNo volem que la prov\u00edncia de Barcelona, que t\u00e9 empreses capdavanteres en l\u2019\u00e0mbit de l\u2019automoci\u00f3, perdi el posicionament estrat\u00e8gic que ha assolit durant tots aquests anys. Treballem al costat del sector privat per acompanyar-lo i per facilitar la transici\u00f3 cap a la nova mobilitat i evitar al m\u00e0xim que tanquin empreses clau\u201d, afirma Eva Menor, diputada de l\u2019\u00c0rea de Desenvolupament Econ\u00f2mic, Turisme i Comer\u00e7 de la Diputaci\u00f3 de Barcelona. \u201cVolem que la prov\u00edncia de Barcelona \u2014afegeix Menor\u2014 continu\u00ef sent un punt clau al sud d\u2019Europa pel que fa a l\u2019automoci\u00f3\u201d.<\/p>\n<p>El programa de suport a la ind\u00fastria de l\u2019automoci\u00f3 de la Diputaci\u00f3 treballa amb els consells comarcals de l\u2019Alt Pened\u00e8s, l\u2019Anoia, el Bages, el Bergued\u00e0, el Baix Llobregat, el Garraf, el Vall\u00e8s Occidental i el Vall\u00e8s Oriental, les vuit comarques que presenten un \u00edndex d\u2019especialitzaci\u00f3 en la ind\u00fastria de l\u2019autom\u00f2bil superior al 25%. Per definir els plans d\u2019acci\u00f3 i executar-los, els consells comarcals han rebut suport de la Diputaci\u00f3 de Barcelona. El programa preveu tamb\u00e9 unes accions transversals amb plans d\u2019acompanyament empresarial, recerca d\u2019ajudes, formaci\u00f3 per capacitar els treballadors, acreditacions competencials i actuacions preventives per evitar nous tancaments empresarials. En total, s\u2019espera un impacte en m\u00e9s de 645 empreses i sobre m\u00e9s de 1.000 treballadors.<\/p>\n<p><strong><img decoding=\"async\" loading=\"lazy\" class=\"aligncenter wp-image-34089 \" src=\"https:\/\/www.monempresarial.com\/wp-content\/uploads\/2021\/12\/campanya_automocio_mapa_v3.jpg\" alt=\"\" width=\"759\" height=\"619\" srcset=\"https:\/\/www.monempresarial.com\/wp-content\/uploads\/2021\/12\/campanya_automocio_mapa_v3.jpg 1231w, https:\/\/www.monempresarial.com\/wp-content\/uploads\/2021\/12\/campanya_automocio_mapa_v3-300x244.jpg 300w, https:\/\/www.monempresarial.com\/wp-content\/uploads\/2021\/12\/campanya_automocio_mapa_v3-1024x834.jpg 1024w, https:\/\/www.monempresarial.com\/wp-content\/uploads\/2021\/12\/campanya_automocio_mapa_v3-72x60.jpg 72w, https:\/\/www.monempresarial.com\/wp-content\/uploads\/2021\/12\/campanya_automocio_mapa_v3-300x244@2x.jpg 600w\" sizes=\"(max-width: 759px) 100vw, 759px\" \/><\/strong><\/p>\n<p style=\"text-align: center;\"><span style=\"color: #808080;\">Mapa del pes del sector de l&#8217;automoci\u00f3 a la prov\u00edncia de Barcelona \/ Diputaci\u00f3 de Barcelona<\/span><\/p>\n<p>&nbsp;<\/p>\n<p><strong>El pla per salvar Robert Bosch a Castellet i la Gornal<\/strong><br \/>\nUna de les primeres accions que ja s\u2019ha dut a terme dins d\u2019aquest programa \u00e9s la reindustrialitzaci\u00f3 de la planta de Robert Bosch a Castellet i la Gornal, a l\u2019Alt Pened\u00e8s. Evitar com fos la p\u00e8rdua d\u2019aquesta ind\u00fastria va ser un dels objectius que es va fixar el Consell Comarcal de l\u2019Alt Pened\u00e8s. A finals de novembre, es va aconseguir presentar la proposta del projecte industrial de GCR Group. \u201cSense una aposta pol\u00edtica clara com la que ha fet la Diputaci\u00f3 de Barcelona, que ens va oferir els recursos econ\u00f2mics, i sense la decisi\u00f3 pol\u00edtica del govern del Consell Comarcal per decidir utilitzar una part important d\u2019aquests recursos, hagu\u00e9s estat impossible afrontar el repte de trobar una soluci\u00f3 al tancament\u201d, diu Xavier Lluch, president del Consell Comarcal de l\u2019Alt Pened\u00e8s. Aquest suport, juntament al de les altres administracions implicades \u2014l\u2019Ajuntament de Castellet i la Gornal, el Ministeri d\u2019Ind\u00fastria del Govern d\u2019Espanya, i el suport econ\u00f2mic de la Generalitat de Catalunya\u2014 han perm\u00e8s la reindustrialitzaci\u00f3 de la planta. Una seixantena de treballadors continuaran treballant a Castellet i la Gornal amb la multinacional GCR Group, que podria arribar a ocupar un centenar de persones. Els treballadors que, de moment, quedin fora, formaran part d\u2019una borsa de treball que gestionar\u00e0 el consell comarcal a trav\u00e9s de la xarxa XALOC.<\/p>\n<p><strong>Acompanyar la nova mobilitat<\/strong><br \/>\nEl Baix Llobregat \u00e9s la comarca de Catalunya on el sector automobil\u00edstic t\u00e9 un pes m\u00e9s important, amb un volum de negoci de m\u00e9s de 19,7 M\u20ac i m\u00e9s de 34.000 treballadors. La situaci\u00f3 estrat\u00e8gica de la comarca fa que sigui pol d\u2019atracci\u00f3 per a empreses del sector que ja treballen en la nova mobilitat sostenible, com Silence o Wallbox. La presidenta del Consell Comarcal del Baix Llobregat, Eva Mart\u00ednez Morales, explica que \u201cens hem proposat acompanyar empreses de l\u2019ecosistema industrial de l\u2019automoci\u00f3, en especial prove\u00efdors de segon i tercer nivell, on creiem que el projecte pot tenir un major impacte en termes de suport a la transformaci\u00f3 i a l\u2019adaptaci\u00f3 a nous models de negoci\u201d i atraure, aix\u00ed, nous inversors.<\/p>\n<p><strong><img decoding=\"async\" loading=\"lazy\" class=\"aligncenter wp-image-34013 \" src=\"https:\/\/www.monempresarial.com\/wp-content\/uploads\/2021\/12\/Els-principals-reptes-de-futur-del-sector-de-lautomocio-Diputacio-de-Barcelona.jpg\" alt=\"\" width=\"909\" height=\"629\" srcset=\"https:\/\/www.monempresarial.com\/wp-content\/uploads\/2021\/12\/Els-principals-reptes-de-futur-del-sector-de-lautomocio-Diputacio-de-Barcelona.jpg 1092w, https:\/\/www.monempresarial.com\/wp-content\/uploads\/2021\/12\/Els-principals-reptes-de-futur-del-sector-de-lautomocio-Diputacio-de-Barcelona-300x208.jpg 300w, https:\/\/www.monempresarial.com\/wp-content\/uploads\/2021\/12\/Els-principals-reptes-de-futur-del-sector-de-lautomocio-Diputacio-de-Barcelona-1024x709.jpg 1024w, https:\/\/www.monempresarial.com\/wp-content\/uploads\/2021\/12\/Els-principals-reptes-de-futur-del-sector-de-lautomocio-Diputacio-de-Barcelona-300x208@2x.jpg 600w\" sizes=\"(max-width: 909px) 100vw, 909px\" \/><\/strong><\/p>\n<p style=\"text-align: center;\"><span style=\"color: #808080;\">Principals reptes de futur del sector de l&#8217;automoci\u00f3 \/ Diputaci\u00f3 de Barcelona<\/span><\/p>\n<p>&nbsp;<\/p>\n<p><strong>Capacitar els nous treballadors<\/strong><br \/>\nEl programa preveu tamb\u00e9 invertir en formaci\u00f3 per capacitar els treballadors en els nous requisits de la ind\u00fastria i certificar la seva experi\u00e8ncia amb acreditacions competencials reconegudes per l\u2019Ag\u00e8ncia P\u00fablica de Formaci\u00f3 i Qualificaci\u00f3 Professional de Catalunya. La formaci\u00f3 es far\u00e0 amb el suport de l\u2019EOI (Escuela de Organizaci\u00f3n Industrial) de Madrid. \u201cVolem estar al costat de les empreses de la prov\u00edncia i dels seus treballadors. La formaci\u00f3 de pimes i treballadors \u00e9s vital per avan\u00e7ar en el nou paradigma de la mobilitat sostenible\u201d, exposa la diputada Eva Menor.<\/p>\n<p>Amb la voluntat de seguir donant suport al sector automobil\u00edstic, la Diputaci\u00f3 de Barcelona treballa en nous projectes i programes que contribueixin a transformar la ind\u00fastria de l\u2019automoci\u00f3 cap a la mobilitat sostenible i a combatre els efectes de la crisi que tant ha afectat el sector en aquests darrers anys.<\/p>\n<p><strong>M\u00e9s informaci\u00f3 a <\/strong><a href=\"https:\/\/www.diba.cat\/web\/economieslocals\/\">www.diba.cat\/web\/economieslocals\/<\/a><\/p>\n<p><em>Aquesta acci\u00f3 de la Diputaci\u00f3 de Barcelona respon a l\u2019Objectiu de Desenvolupament Sostenible (ODS) n\u00famero 8: <strong>\u201cPromoure el creixement econ\u00f2mic sostingut, inclusiu i sostenible, l\u2019ocupaci\u00f3 plena i productiva i el treball digne per a tothom\u201d.<\/strong> Els 17 ODS van ser proclamats per l\u2019Assemblea General de Nacions Unides el 25 de setembre de 2015 i formen part de l\u2019agenda global per a 2030. La Diputaci\u00f3 de Barcelona n\u2019assumeix el compliment i desplega la seva acci\u00f3 de suport als governs locals de la prov\u00edncia d\u2019acord amb aquests ODS.<\/em><\/p>\n<p>&nbsp;<\/p>\n","protected":false},"excerpt":{"rendered":"<p>PUBLIREPORTATGE Vuit consells comarcals reben suport i assessorament de la Diputaci\u00f3 per orientar el sector cap a la reindustrialitzaci\u00f3 i la transici\u00f3 de la mobilitat sostenible. La Diputaci\u00f3 de Barcelona treballa amb vuit consells comarcals de la prov\u00edncia per impulsar la transformaci\u00f3 de la ind\u00fastria de l\u2019automoci\u00f3 cap a la mobilitat sostenible i per revertir [&hellip;]<\/p>\n","protected":false},"author":1,"featured_media":34021,"comment_status":"closed","ping_status":"closed","sticky":false,"template":"","format":"standard","meta":{"_mi_skip_tracking":false,"mc4wp_mailchimp_campaign":[],"jnews-multi-image_gallery":[],"jnews_single_post":[],"jnews_primary_category":[]},"categories":[5694,10820,10821,10,10825],"tags":[10431,896,1448,10429,10430],"_links":{"self":[{"href":"https:\/\/www.monempresarial.com\/ca\/wp-json\/wp\/v2\/posts\/34038"}],"collection":[{"href":"https:\/\/www.monempresarial.com\/ca\/wp-json\/wp\/v2\/posts"}],"about":[{"href":"https:\/\/www.monempresarial.com\/ca\/wp-json\/wp\/v2\/types\/post"}],"author":[{"embeddable":true,"href":"https:\/\/www.monempresarial.com\/ca\/wp-json\/wp\/v2\/users\/1"}],"replies":[{"embeddable":true,"href":"https:\/\/www.monempresarial.com\/ca\/wp-json\/wp\/v2\/comments?post=34038"}],"version-history":[{"count":1,"href":"https:\/\/www.monempresarial.com\/ca\/wp-json\/wp\/v2\/posts\/34038\/revisions"}],"predecessor-version":[{"id":46079,"href":"https:\/\/www.monempresarial.com\/ca\/wp-json\/wp\/v2\/posts\/34038\/revisions\/46079"}],"wp:featuredmedia":[{"embeddable":true,"href":"https:\/\/www.monempresarial.com\/ca\/wp-json\/wp\/v2\/media\/34021"}],"wp:attachment":[{"href":"https:\/\/www.monempresarial.com\/ca\/wp-json\/wp\/v2\/media?parent=34038"}],"wp:term":[{"taxonomy":"category","embeddable":true,"href":"https:\/\/www.monempresarial.com\/ca\/wp-json\/wp\/v2\/categories?post=34038"},{"taxonomy":"post_tag","embeddable":true,"href":"https:\/\/www.monempresarial.com\/ca\/wp-json\/wp\/v2\/tags?post=34038"}],"curies":[{"name":"wp","href":"https:\/\/api.w.org\/{rel}","templated":true}]}}