{"id":34064,"date":"2021-12-15T12:40:44","date_gmt":"2021-12-15T11:40:44","guid":{"rendered":"https:\/\/www.monempresarial.com\/2021\/12\/15\/34a-edicion-de-los-premios-pymes-pimec-reconoce-la-contribucion-de-las-pequenas-y-medianas-empresas-a-la-superacion-de-la-crisis-de-la-covid-19\/"},"modified":"2025-06-06T09:59:19","modified_gmt":"2025-06-06T07:59:19","slug":"34a-edicio-dels-premis-pimes-pimec-reconeix-la-contribucio-de-les-petites-i-mitjanes-empreses-a-la-superacio-de-la-crisi-de-la-covid-19","status":"publish","type":"post","link":"https:\/\/www.monempresarial.com\/ca\/2021\/12\/15\/34a-edicio-dels-premis-pimes-pimec-reconeix-la-contribucio-de-les-petites-i-mitjanes-empreses-a-la-superacio-de-la-crisi-de-la-covid-19\/","title":{"rendered":"34\u00aa edici\u00f3 dels Premis Pimes: PIMEC reconeix la contribuci\u00f3 de les petites i mitjanes empreses a la superaci\u00f3 de la crisi de la COVID-19"},"content":{"rendered":"<p><strong>Entre els guardonats per la patronal figuren Supermercats Llobet, Estilo Babrber Shop, El Gremi de carnissers i xarcuters, l\u2019Associaci\u00f3 Viu Guimer\u00e0 i els sectors empresarials afectats per les restriccions. El president d\u2019Honor de PIMEC i president de la Fundaci\u00f3 PIMEC, Josep Gonz\u00e1lez, ha rebut la Medalla d\u2019Or al Reconeixement Empresarial.<\/strong><\/p>\n<hr \/>\n<p>En el marc de la 34\u00aa edici\u00f3 dels Premis Pimes, que ha tingut lloc a la Sala Oval del MNAC, PIMEC ha reconegut aquest dimarts la contribuci\u00f3 de les petites i mitjanes empreses a la superaci\u00f3 de la crisi sanit\u00e0ria, social i econ\u00f2mica de la COVID-19 i l\u2019esfor\u00e7 que han fet aquestes per garantir la continu\u00eftat de l\u2019economia i els llocs de treball. En concret, la patronal ha premiat Supermercats Llobet, Estilo Babrber Shop, El Gremi de carnissers i xarcuters, l\u2019Associaci\u00f3 Viu Guimer\u00e0 i els sectors empresarials afectats per les restriccions.<img decoding=\"async\" loading=\"lazy\" class=\" wp-image-34073 alignright\" src=\"https:\/\/www.monempresarial.com\/wp-content\/uploads\/2021\/12\/Josep-Gonzalez.jpg\" alt=\"\" width=\"388\" height=\"580\" srcset=\"https:\/\/www.monempresarial.com\/wp-content\/uploads\/2021\/12\/Josep-Gonzalez-200x300.jpg 200w, https:\/\/www.monempresarial.com\/wp-content\/uploads\/2021\/12\/Josep-Gonzalez-200x300@2x.jpg 400w\" sizes=\"(max-width: 388px) 100vw, 388px\" \/><\/p>\n<p>Durant la cerim\u00f2nia aix\u00ed mateix s\u2019ha atorgat al president d\u2019Honor de PIMEC i president de la Fundaci\u00f3 PIMEC, Josep Gonz\u00e1lez, la Medalla d\u2019Or al Reconeixement Empresarial per la seva tasca, implicaci\u00f3 i fites aconseguides al capdavant de la patronal en la representaci\u00f3 i la defensa dels interessos de les pimes i els aut\u00f2noms de Catalunya. \u201cAquest reconeixement \u00e9s una satisfacci\u00f3 i tot un honor, com el fet de treballar al servei del teixit empresarial\u201d, ha declarat Gonz\u00e1lez despr\u00e9s d\u2019agrair el suport dels associats, l\u2019equip, la fam\u00edlia, i totes aquelles persones que l\u2019han acompanyat en la seva traject\u00f2ria.<\/p>\n<p>La gala dels Premis Pimes ha comptat amb la participaci\u00f3 de diferents personalitats com Pere Aragon\u00e8s, president de la Generalitat, Nadia Calvi\u00f1o, vicepresidenta primera i ministra d\u2019Afers Econ\u00f2mics i Transformaci\u00f3 Digital, Teresa Cunillera, delegada del Govern a Catalunya, Roger Torrent, conseller d\u2019Empresa i Treball, Vict\u00f2ria Alsina, consellera d\u2019Acci\u00f3 Exterior i Govern Obert, Salvador Illa, cap de l\u2019Oposici\u00f3, N\u00faria Mar\u00edn, presidenta de la Diputaci\u00f3 de Barcelona, Jaume Collboni, primer tinent d\u2019alcaldia de l\u2019Ajuntament de Barcelona, Javier Pacheco, secretari general de CCOO Catalunya, Camil Ros, secretari general d\u2019UGT Catalunya, i Carlos Prieto, subdelegat del Govern a Barcelona, entre altres<\/p>\n<p><strong>Cal apostar pel creixement<\/strong><br \/>\nEl president de PIMEC, Antoni Ca\u00f1ete, que ha viscut per primera vegada aquesta cerim\u00f2nia com a primera figura al capdavant de la patronal, ha parlat de la import\u00e0ncia de fer cr\u00e9ixer la dimensi\u00f3 de les empreses perqu\u00e8 siguin m\u00e9s competitives i rendibles, i ha fet una crida a les autoritats presents a fer arribar els fons europeus a les pimes i els aut\u00f2noms en benefici de la creaci\u00f3 de riquesa i llocs de treball. A m\u00e9s, ha parlat d\u2019altres necessitats, com l\u2019adaptaci\u00f3 de l\u2019oferta formativa a la demanda del mercat de treball, l\u2019erradicaci\u00f3 de la morositat, un millor acc\u00e9s de les pimes a la compra p\u00fablica, una homologaci\u00f3 del mapa patronal a nivell estatal perqu\u00e8 les pimes tinguin una veu pr\u00f2pia, una reforma laboral profunda, eficient i efica\u00e7, i garantir la transici\u00f3 energ\u00e8tica i la digitalitzaci\u00f3.<\/p>\n<p><strong>Els reconeixements empresarials de la nit:<\/strong><\/p>\n<ul>\n<li><strong>Reconeixement empresarial a la llengua catalana com a eina de cohesi\u00f3 social i laboral<\/strong>: <strong>Supermercats Llobet SA<\/strong> per la seva proposta de foment de la llengua catalana. L\u2019empresari Ignasi Llobet ha estat l\u2019encarregat de recollir el guard\u00f3.<\/li>\n<li><strong>Reconeixement Banc Sabadell<\/strong> als <strong>sectors empresarials afectats per les restriccions<\/strong>, en reconeixement de l\u2019associacionisme i la important tasca de les organitzacions. El reconeixement ha estat rebut pels presidents de diferents associacions representants de diferents sectors d\u2019activitat econ\u00f2mica.<\/li>\n<li><strong>Reconeixement-Homenatge CaixaBank a la segona oportunitat empresarial<\/strong>: <strong>Estilo Barber Shop<\/strong>, per la superaci\u00f3 d\u2019un moment de dificultat. Ha recollit el premi l\u2019empresari Alexi Mej\u00eda.<\/li>\n<li><strong>Reconeixement Telef\u00f2nica a la digitalitzaci\u00f3<\/strong> <strong>com a estrat\u00e8gia de competitivitat<\/strong>: <strong>Gremi d\u2019empresaris carnissers i xarcuters de Barcelona i prov\u00edncia<\/strong> per la posada en marxa del portal Carns.cat. Xavier Gallifa, president del Gremi, ha recollit el reconeixement.<\/li>\n<li><strong>Reconeixement Endesa a la sostenibilitat empresarial<\/strong>: <strong>Associaci\u00f3 Viu Guimer\u00e0<\/strong> pel seu projecte sostenible d\u2019activaci\u00f3 econ\u00f2mica local. Jordi Dalmau, president de l\u2019entitat, ha estat l\u2019encarregat de recollir el guard\u00f3.<\/li>\n<li><strong>Medalla al Reconeixement Empresarial en la seva categoria d\u2019Or:<\/strong> president d\u2019Honor de PIMEC i president de la Fundaci\u00f3 PIMEC, <strong>Josep Gonz\u00e1lez<\/strong>, per la seva tasca, implicaci\u00f3 i fites aconseguides al capdavant de la patronal en la representaci\u00f3 i la defensa dels interessos de les pimes i els aut\u00f2noms de Catalunya.<\/li>\n<\/ul>\n<p>&nbsp;<\/p>\n","protected":false},"excerpt":{"rendered":"<p>Entre els guardonats per la patronal figuren Supermercats Llobet, Estilo Babrber Shop, El Gremi de carnissers i xarcuters, l\u2019Associaci\u00f3 Viu Guimer\u00e0 i els sectors empresarials afectats per les restriccions. El president d\u2019Honor de PIMEC i president de la Fundaci\u00f3 PIMEC, Josep Gonz\u00e1lez, ha rebut la Medalla d\u2019Or al Reconeixement Empresarial. En el marc de la [&hellip;]<\/p>\n","protected":false},"author":1,"featured_media":34071,"comment_status":"closed","ping_status":"closed","sticky":false,"template":"","format":"standard","meta":{"_mi_skip_tracking":false,"mc4wp_mailchimp_campaign":[],"jnews-multi-image_gallery":[],"jnews_single_post":{"source_name":"","source_url":"","via_name":"","via_url":"","override_template":"0","override":[{"template":"1","single_blog_custom":"","parallax":"1","fullscreen":"1","layout":"right-sidebar","sidebar":"default-sidebar","second_sidebar":"default-sidebar","sticky_sidebar":"1","share_position":"bottom","share_float_style":"share-monocrhome","show_share_counter":"1","show_view_counter":"1","show_featured":"1","show_post_meta":"1","show_post_author":"1","show_post_author_image":"1","show_post_date":"1","post_date_format":"default","post_date_format_custom":"Y\/m\/d","show_post_category":"0","show_post_reading_time":"1","post_reading_time_wpm":"300","show_zoom_button":"0","zoom_button_out_step":"2","zoom_button_in_step":"3","show_post_tag":"1","show_prev_next_post":"0","show_popup_post":"1","number_popup_post":"2","show_author_box":"1","show_post_related":"1","show_inline_post_related":"1"}],"override_image_size":"0","image_override":[{"single_post_thumbnail_size":"crop-715","single_post_gallery_size":"crop-500"}],"trending_post":"0","trending_post_position":"meta","trending_post_label":"Trending","sponsored_post":"0","sponsored_post_label":"Sponsored by","sponsored_post_name":"","sponsored_post_url":"","sponsored_post_logo_enable":"0","sponsored_post_logo":"","sponsored_post_desc":"","disable_ad":"0"},"jnews_primary_category":{"id":"10828","hide":""}},"categories":[5694,10820,10819,10828,10],"tags":[5153,10435,10437],"_links":{"self":[{"href":"https:\/\/www.monempresarial.com\/ca\/wp-json\/wp\/v2\/posts\/34064"}],"collection":[{"href":"https:\/\/www.monempresarial.com\/ca\/wp-json\/wp\/v2\/posts"}],"about":[{"href":"https:\/\/www.monempresarial.com\/ca\/wp-json\/wp\/v2\/types\/post"}],"author":[{"embeddable":true,"href":"https:\/\/www.monempresarial.com\/ca\/wp-json\/wp\/v2\/users\/1"}],"replies":[{"embeddable":true,"href":"https:\/\/www.monempresarial.com\/ca\/wp-json\/wp\/v2\/comments?post=34064"}],"version-history":[{"count":3,"href":"https:\/\/www.monempresarial.com\/ca\/wp-json\/wp\/v2\/posts\/34064\/revisions"}],"predecessor-version":[{"id":46078,"href":"https:\/\/www.monempresarial.com\/ca\/wp-json\/wp\/v2\/posts\/34064\/revisions\/46078"}],"wp:featuredmedia":[{"embeddable":true,"href":"https:\/\/www.monempresarial.com\/ca\/wp-json\/wp\/v2\/media\/34071"}],"wp:attachment":[{"href":"https:\/\/www.monempresarial.com\/ca\/wp-json\/wp\/v2\/media?parent=34064"}],"wp:term":[{"taxonomy":"category","embeddable":true,"href":"https:\/\/www.monempresarial.com\/ca\/wp-json\/wp\/v2\/categories?post=34064"},{"taxonomy":"post_tag","embeddable":true,"href":"https:\/\/www.monempresarial.com\/ca\/wp-json\/wp\/v2\/tags?post=34064"}],"curies":[{"name":"wp","href":"https:\/\/api.w.org\/{rel}","templated":true}]}}