{"id":34506,"date":"2022-03-17T09:00:47","date_gmt":"2022-03-17T08:00:47","guid":{"rendered":"https:\/\/www.monempresarial.com\/2022\/03\/07\/el-concepto-economico-poblacion-ocupacion-y-paro\/"},"modified":"2025-09-24T10:57:12","modified_gmt":"2025-09-24T08:57:12","slug":"el-concepte-economic-poblacio-ocupacio-i-atur","status":"publish","type":"post","link":"https:\/\/www.monempresarial.com\/ca\/2022\/03\/17\/el-concepte-economic-poblacio-ocupacio-i-atur\/","title":{"rendered":"El concepte econ\u00f2mic: Poblaci\u00f3, ocupaci\u00f3 i atur"},"content":{"rendered":"<p><strong>Economia i poblaci\u00f3 s\u00f3n dos conceptes \u00edntimament lligats.<\/strong><\/p>\n<h4><span style=\"color: #000000;\"><strong>CARLES PUIG DE TRAVY. Deg\u00e0 del Col\u00b7legi d\u2019Economistes de Catalunya.<\/strong><\/span><\/h4>\n<hr \/>\n<p>Economia i poblaci\u00f3 s\u00f3n dos conceptes \u00edntimament lligats. La connexi\u00f3 es fa molt evident si tenim present que l\u2019economia \u00e9s una ci\u00e8ncia social que t\u00e9 per finalitat \u00faltima millorar les condicions de vida de la poblaci\u00f3.<br \/>\nLa poblaci\u00f3 tamb\u00e9 es vincula amb l\u2019economia a trav\u00e9s del fet que les persones s\u00f3n les que treballen per produir b\u00e9ns i serveis, per\u00f2, alhora, tamb\u00e9 s\u00f3n les consumidores d\u2019aquests b\u00e9ns i serveis.<br \/>\nLa primera aproximaci\u00f3 que es fa quan es considera la poblaci\u00f3 d\u2019un pa\u00eds \u00e9s d\u2019ordre purament quantitatiu i es refereix al nombre de persones que hi resideix. Espanya, l\u20191 de gener del 2021, tenia 47.394.223 habitants, 23.224.861 dels quals eren homes i 24.169.362 dones. A Catalunya, a la mateixa data, la poblaci\u00f3 estava formada per 7.716.760 persones (3.785.178 homes i 3.931.582 dones).<br \/>\nDes de la perspectiva m\u00e9s estrictament econ\u00f2mica s\u00f3n variables fonamentals a tenir en compte la poblaci\u00f3 activa, la taxa d\u2019ocupaci\u00f3 i la taxa d\u2019atur.<br \/>\nLa poblaci\u00f3 activa \u00e9s la formada per aquelles persones de 16 anys o m\u00e9s que, o b\u00e9 estan treballant per a la producci\u00f3 de b\u00e9ns i serveis o b\u00e9 estan disponibles i en condicions d\u2019incorporar-se a aquesta producci\u00f3. En definitiva tota la gent que t\u00e9 feina (ocupats) o que no en t\u00e9, per\u00f2 la busca (aturats). Segons les dades de l\u2019Enquesta de Poblaci\u00f3 Activa (EPA) del tercer trimestre del 2021, la poblaci\u00f3 activa a Espanya la formaven 23,448 milions de persones, de les quals 20,031 milions estaven ocupades i 3,417 aturades. La poblaci\u00f3 activa de Catalunya era de 3,906 milions de persones. 3,479 milions ocupades i 0,427 milions aturades.<br \/>\nLa taxa d\u2019ocupaci\u00f3 \u00e9s el percentatge entre la poblaci\u00f3 ocupada i la poblaci\u00f3 que es troba en edat de treballar (la poblaci\u00f3 de 16 a 64 anys). El tercer trimestre del 2021, a Espanya se situava en el 50,5% i a Catalunya en el 54,8%.<br \/>\nLa taxa d\u2019atur \u00e9s la relaci\u00f3 percentual entre el nombre de persones que estan buscant ocupaci\u00f3 i el total de la poblaci\u00f3 activa. En el cas d\u2019Espanya, el tercer trimestre del 2021, era del 14,57%. La de Catalunya del 10,92%.<br \/>\nDavant aquesta realitat, s\u00f3n claus les pol\u00edtiques actives d\u2019ocupaci\u00f3 per potenciar l\u2019ocupaci\u00f3 especialment entre els majors de 55 anys, els menors de 25 anys i per al conjunt del territori.<\/p>\n<p><img decoding=\"async\" loading=\"lazy\" class=\"aligncenter wp-image-34510\" src=\"https:\/\/www.monempresarial.com\/wp-content\/uploads\/2022\/03\/cuadre-ocupacio-cat.jpg\" alt=\"\" width=\"698\" height=\"542\" srcset=\"https:\/\/www.monempresarial.com\/wp-content\/uploads\/2022\/03\/cuadre-ocupacio-cat.jpg 833w, https:\/\/www.monempresarial.com\/wp-content\/uploads\/2022\/03\/cuadre-ocupacio-cat-300x233.jpg 300w, https:\/\/www.monempresarial.com\/wp-content\/uploads\/2022\/03\/cuadre-ocupacio-cat-300x233@2x.jpg 600w\" sizes=\"(max-width: 698px) 100vw, 698px\" \/><\/p>\n","protected":false},"excerpt":{"rendered":"<p>Economia i poblaci\u00f3 s\u00f3n dos conceptes \u00edntimament lligats. La connexi\u00f3 es fa molt evident si tenim present que l\u2019economia \u00e9s una ci\u00e8ncia social que t\u00e9 per finalitat \u00faltima millorar les condicions de vida de la poblaci\u00f3. <\/p>\n","protected":false},"author":96,"featured_media":31742,"comment_status":"closed","ping_status":"closed","sticky":false,"template":"","format":"standard","meta":{"_mi_skip_tracking":false,"mc4wp_mailchimp_campaign":[],"jnews-multi-image_gallery":[],"jnews_single_post":{"source_name":"","source_url":"","via_name":"","via_url":"","override_template":"0","override":[{"template":"1","single_blog_custom":"","parallax":"1","fullscreen":"1","layout":"right-sidebar","sidebar":"default-sidebar","second_sidebar":"default-sidebar","sticky_sidebar":"1","share_position":"bottom","share_float_style":"share-monocrhome","show_share_counter":"1","show_view_counter":"1","show_featured":"1","show_post_meta":"1","show_post_author":"1","show_post_author_image":"1","show_post_date":"1","post_date_format":"default","post_date_format_custom":"Y\/m\/d","show_post_category":"0","show_post_reading_time":"1","post_reading_time_wpm":"300","show_zoom_button":"0","zoom_button_out_step":"2","zoom_button_in_step":"3","show_post_tag":"1","show_prev_next_post":"0","show_popup_post":"1","number_popup_post":"2","show_author_box":"1","show_post_related":"1","show_inline_post_related":"1"}],"override_image_size":"0","image_override":[{"single_post_thumbnail_size":"crop-715","single_post_gallery_size":"crop-500"}],"trending_post":"0","trending_post_position":"meta","trending_post_label":"Trending","sponsored_post":"0","sponsored_post_label":"Sponsored by","sponsored_post_name":"","sponsored_post_url":"","sponsored_post_logo_enable":"0","sponsored_post_logo":"","sponsored_post_desc":"","disable_ad":"0"},"jnews_primary_category":{"id":"10845","hide":""}},"categories":[9,10815,10845,10729,7674,7670],"tags":[895,901,1102,6678,7772,7884,723],"_links":{"self":[{"href":"https:\/\/www.monempresarial.com\/ca\/wp-json\/wp\/v2\/posts\/34506"}],"collection":[{"href":"https:\/\/www.monempresarial.com\/ca\/wp-json\/wp\/v2\/posts"}],"about":[{"href":"https:\/\/www.monempresarial.com\/ca\/wp-json\/wp\/v2\/types\/post"}],"author":[{"embeddable":true,"href":"https:\/\/www.monempresarial.com\/ca\/wp-json\/wp\/v2\/users\/96"}],"replies":[{"embeddable":true,"href":"https:\/\/www.monempresarial.com\/ca\/wp-json\/wp\/v2\/comments?post=34506"}],"version-history":[{"count":3,"href":"https:\/\/www.monempresarial.com\/ca\/wp-json\/wp\/v2\/posts\/34506\/revisions"}],"predecessor-version":[{"id":47576,"href":"https:\/\/www.monempresarial.com\/ca\/wp-json\/wp\/v2\/posts\/34506\/revisions\/47576"}],"wp:featuredmedia":[{"embeddable":true,"href":"https:\/\/www.monempresarial.com\/ca\/wp-json\/wp\/v2\/media\/31742"}],"wp:attachment":[{"href":"https:\/\/www.monempresarial.com\/ca\/wp-json\/wp\/v2\/media?parent=34506"}],"wp:term":[{"taxonomy":"category","embeddable":true,"href":"https:\/\/www.monempresarial.com\/ca\/wp-json\/wp\/v2\/categories?post=34506"},{"taxonomy":"post_tag","embeddable":true,"href":"https:\/\/www.monempresarial.com\/ca\/wp-json\/wp\/v2\/tags?post=34506"}],"curies":[{"name":"wp","href":"https:\/\/api.w.org\/{rel}","templated":true}]}}