{"id":34615,"date":"2022-03-14T11:29:35","date_gmt":"2022-03-14T10:29:35","guid":{"rendered":"https:\/\/www.monempresarial.com\/2022\/03\/14\/la-27a-nit-de-las-telecomunicaciones-y-la-informatica-rendira-homenaje-a-las-pioneras-del-sector\/"},"modified":"2025-06-06T09:58:48","modified_gmt":"2025-06-06T07:58:48","slug":"la-27a-nit-de-les-telecomunicacions-i-la-informatica-retra-homenatge-a-les-pioneres-del-sector","status":"publish","type":"post","link":"https:\/\/www.monempresarial.com\/ca\/2022\/03\/14\/la-27a-nit-de-les-telecomunicacions-i-la-informatica-retra-homenatge-a-les-pioneres-del-sector\/","title":{"rendered":"La 27a Nit de les Telecomunicacions i la Inform\u00e0tica retr\u00e0 homenatge a les pioneres del sector"},"content":{"rendered":"<p><strong>La gran trobada del sector TIC del pa\u00eds tindr\u00e0 lloc el 21 de mar\u00e7 a l\u2019Auditori i comptar\u00e0 amb la participaci\u00f3 del MHP de la Generalitat, Pere Aragon\u00e8s<br \/>\nLa cerim\u00f2nia, que presentar\u00e0 la periodista N\u00faria Sol\u00e9 i es podr\u00e0 seguir en directe per Fibracat TV, tornar\u00e0 a acollir el lliurament dels Premis Salv\u00e0 i Campillo, Joan Clarke, Alan Turing, el Premi a la Comunicaci\u00f3 i Divulgaci\u00f3 de les TIC i el Premi d\u2019Honor<\/strong><\/p>\n<hr \/>\n<p><strong>Barcelona, 21 de febrer<\/strong>. En un mes (el dilluns <strong>21 de mar\u00e7<\/strong>), l\u2019Auditori de Barcelona acollir\u00e0 la <strong>27a edici\u00f3 de la \u201cNit de les Telecomunicacions i la Inform\u00e0tica\u201d<\/strong> (<a href=\"http:\/\/www.lanit.cat\"><strong>www.lanit.cat<\/strong><\/a>), la gran trobada del m\u00f3n TIC del pa\u00eds que aglutina professionals, empreses, administraci\u00f3, associacions i institucions del sector, i que organitzen conjuntament<strong>\u00a0l\u2019Associaci\u00f3 Catalana d\u2019Enginyeria de Telecomunicaci\u00f3 i Tecnologies Digitals (Telecos.cat) i el Col\u00b7legi Oficial d\u2019Enginyeria Inform\u00e0tica de Catalunya (COEINF). <\/strong><\/p>\n<p>A iniciativa de les comissions de g\u00e8nere de tots dos col\u00b7lectius professionals, la gala d\u2019enguany-que presentar\u00e0 la popular periodista de TV3 <a href=\"https:\/\/youtu.be\/fbyArzFAe2M\"><strong>N\u00faria Sol\u00e9<\/strong><\/a> i tornar\u00e0 a retransmetre <strong>en directe Fibracat TV-, <\/strong>servir\u00e0 per <strong>reivindicar les dones referents del sector,<\/strong> amb <strong>un homenatge a aquelles que van ser pioneres<\/strong> a l\u2019hora d\u2019optar per unes carreres tecnol\u00f2giques (telecomunicacions i inform\u00e0tica) en un moment (finals dels 70 i principis dels 80) en qu\u00e8 la pres\u00e8ncia femenina era inexistent.<\/p>\n<p><strong>La cerim\u00f2nia, que comptar\u00e0 amb la participaci\u00f3 ja confirmada del Molt Hble. President de la Generalitat, Pere Aragon\u00e8s, tamb\u00e9 acollir\u00e0, com \u00e9s habitual, <\/strong>el lliurament dels <strong>Premis Salv\u00e0 i Campillo <\/strong>(guard\u00f3 de prestigi que reconeix la personalitat destacada i l\u2019emprenedoria), <strong>Joan Clarke<\/strong> (que premiar\u00e0 al CIO destacat), <strong>Alan Turing<\/strong> (al comprom\u00eds social), el <strong>Premi a la Comunicaci\u00f3 i Divulgaci\u00f3 de les TIC<\/strong>, i el <strong>Premi d\u2019Honor de La Nit <\/strong>(el nom dels guanyadors es desvetllar\u00e0 en el decurs de la mateixa cerim\u00f2nia).<\/p>\n<p><strong>Les inscripcions ja s\u00f3n obertes a <\/strong><a href=\"http:\/\/www.lanit.cat\"><strong>www.lanit.cat<\/strong><\/a> (v\u00eddeo promocional disponible <a href=\"https:\/\/youtu.be\/TAuo3NvRAkY\"><strong>AQU<\/strong>\u00cd<\/a>).<\/p>\n","protected":false},"excerpt":{"rendered":"<p>La gran trobada del sector TIC del pa\u00eds tindr\u00e0 lloc el 21 de mar\u00e7 a l\u2019Auditori i comptar\u00e0 amb la participaci\u00f3 del MHP de la Generalitat, Pere Aragon\u00e8s La cerim\u00f2nia, que presentar\u00e0 la periodista N\u00faria Sol\u00e9 i es podr\u00e0 seguir en directe per Fibracat TV, tornar\u00e0 a acollir el lliurament dels Premis Salv\u00e0 i Campillo, [&hellip;]<\/p>\n","protected":false},"author":1,"featured_media":34613,"comment_status":"closed","ping_status":"closed","sticky":false,"template":"","format":"standard","meta":{"_mi_skip_tracking":false,"mc4wp_mailchimp_campaign":[],"jnews-multi-image_gallery":[],"jnews_single_post":[],"jnews_primary_category":[]},"categories":[5694,10820,10821,10825],"tags":[194,5144,7686,10449,10451],"_links":{"self":[{"href":"https:\/\/www.monempresarial.com\/ca\/wp-json\/wp\/v2\/posts\/34615"}],"collection":[{"href":"https:\/\/www.monempresarial.com\/ca\/wp-json\/wp\/v2\/posts"}],"about":[{"href":"https:\/\/www.monempresarial.com\/ca\/wp-json\/wp\/v2\/types\/post"}],"author":[{"embeddable":true,"href":"https:\/\/www.monempresarial.com\/ca\/wp-json\/wp\/v2\/users\/1"}],"replies":[{"embeddable":true,"href":"https:\/\/www.monempresarial.com\/ca\/wp-json\/wp\/v2\/comments?post=34615"}],"version-history":[{"count":1,"href":"https:\/\/www.monempresarial.com\/ca\/wp-json\/wp\/v2\/posts\/34615\/revisions"}],"predecessor-version":[{"id":46073,"href":"https:\/\/www.monempresarial.com\/ca\/wp-json\/wp\/v2\/posts\/34615\/revisions\/46073"}],"wp:featuredmedia":[{"embeddable":true,"href":"https:\/\/www.monempresarial.com\/ca\/wp-json\/wp\/v2\/media\/34613"}],"wp:attachment":[{"href":"https:\/\/www.monempresarial.com\/ca\/wp-json\/wp\/v2\/media?parent=34615"}],"wp:term":[{"taxonomy":"category","embeddable":true,"href":"https:\/\/www.monempresarial.com\/ca\/wp-json\/wp\/v2\/categories?post=34615"},{"taxonomy":"post_tag","embeddable":true,"href":"https:\/\/www.monempresarial.com\/ca\/wp-json\/wp\/v2\/tags?post=34615"}],"curies":[{"name":"wp","href":"https:\/\/api.w.org\/{rel}","templated":true}]}}