{"id":34698,"date":"2022-03-21T09:41:07","date_gmt":"2022-03-21T08:41:07","guid":{"rendered":"https:\/\/www.monempresarial.com\/2022\/03\/21\/el-precio-de-la-luz-tensa-europa-el-reto-de-afrontar-la-dependencia-del-gas-y-la-descarbonizacion-del-continente\/"},"modified":"2022-12-22T10:37:59","modified_gmt":"2022-12-22T09:37:59","slug":"el-preu-de-la-llum-tensa-europa-el-repte-dafrontar-la-dependencia-del-gas-i-la-descarbonitzacio-del-continent","status":"publish","type":"post","link":"https:\/\/www.monempresarial.com\/ca\/2022\/03\/21\/el-preu-de-la-llum-tensa-europa-el-repte-dafrontar-la-dependencia-del-gas-i-la-descarbonitzacio-del-continent\/","title":{"rendered":"<span style=\"color: # b8b4b4; font-weight: bold;\">El preu de la llum tensa Europa. El repte d\u2019afrontar la depend\u00e8ncia del gas i la descarbonitzaci\u00f3 del continent"},"content":{"rendered":"<p><strong>L\u2019\u00faltima cimera europea del 2021 va acabar amb molta m\u00e9s pol\u00e8mica de l\u2019esperada per una q\u00fcesti\u00f3 que alguns van subestimar: el mercat de l\u2019electricitat i la pol\u00edtica energ\u00e8tica de la Uni\u00f3 Europea. Despr\u00e9s d\u2019hores i hores d\u2019un debat en qu\u00e8 q\u00fcestions com la pol\u00edtica migrat\u00f2ria, la gesti\u00f3 de la pand\u00e8mia o les tensions amb Bielor\u00fassia semblaven els punts calents de la jornada, els vint-i-set l\u00edders de la Uni\u00f3 es van encallar en el debat sobre la llum, que sense cap mena de dubte continua portant cua aquest 2022. La factura el\u00e8ctrica s\u2019ha encarit per a les butxaques de tots els ciutadans europeus. El mercat el\u00e8ctric \u00e9s com\u00fa, funciona sota normes europees, per\u00f2 no tots els vint-i-set pateixen el problema amb la mateixa severitat ni en fan el mateix diagn\u00f2stic. <\/strong><\/p>\n<h4>Text: <span style=\"color: #719f8c;\">J\u00falia Manresa Nogueras<\/span><\/h4>\n<hr \/>\n<p>Fa tres d\u00e8cades, el sector el\u00e8ctric de la UE estava organitzat de manera monopol\u00edstica. A cada pa\u00eds, una o unes poques empreses eren les responsables de generar, transmetre, distribuir i subministrar l\u2019electricitat. Per\u00f2 a trav\u00e9s de diverses reformes legislatives \u2014feixugues i costoses, tant per la complexitat de la q\u00fcesti\u00f3 com per les friccions nacionals\u2014, la Uni\u00f3 Europea va aconseguir anar liberalitzant el sector per obrir la porta a una major compet\u00e8ncia, un enfocament que la Comissi\u00f3 Europea defensa aferrissadament perqu\u00e8 considera que \u00e9s l\u2019opci\u00f3 m\u00e9s competitiva i assequible per a la ciutadania i l\u2019empresariat europeu. Aix\u00ed ho ha reiterat diverses vegades la comiss\u00e0ria encarregada d\u2019aquesta q\u00fcesti\u00f3, Kadri Simson.<\/p>\n<p><strong><span style=\"color: #719f8c;\">La caixa dels trons de l\u2019energia<\/span><\/strong><br \/>\n\u201cAlguns estan assenyalant el disseny del mercat europeu de l\u2019electricitat com a part del problema\u201d, deia Simson a l\u2019octubre en un ple de l\u2019Eurocambra, en refer\u00e8ncia a posicions com l\u2019espanyola, que apunta directament al sistema marginalista de fixaci\u00f3 de preus i a una possible especulaci\u00f3 en el mercat de les emissions de carboni (ETS) com a part del problema. Per\u00f2 la comiss\u00e0ria ho t\u00e9 car: \u201cEl disseny del mercat el\u00e8ctric \u00e9s un vestit fet a mida per impulsar les renovables i l\u2019energia m\u00e9s barata a tots els consumidors i tamb\u00e9 per millorar la integraci\u00f3 europea.\u201d Certament des del 1996, quan va comen\u00e7ar la liberalitzaci\u00f3, s\u2019han anat impulsant reformes i les dues \u00faltimes, la de 2019 i l\u2019actual, tenen com a principals objectius la transici\u00f3 ecol\u00f2gica.<\/p>\n<blockquote>\n<h2><span style=\"color: #719f8c;\"><img decoding=\"async\" loading=\"lazy\" class=\"wp-image-34692 alignright\" src=\"https:\/\/www.monempresarial.com\/wp-content\/uploads\/2022\/03\/ICONO-1.jpg\" alt=\"\" width=\"139\" height=\"136\" \/>Obrir el debat sobre el mercat el\u00e8ctric europeu \u00e9s obrir la capsa de Pandora, perqu\u00e8 cada govern t\u00e9 les seves pr\u00f2pies demandes i necessitats<\/span><\/h2>\n<\/blockquote>\n<p>Justament la cimera de desembre va acabar en frac\u00e0s perqu\u00e8 pa\u00efsos dependents del carb\u00f3 com la Rep\u00fablica Txeca o Pol\u00f2nia van aferrar-se a les cr\u00edtiques espanyoles per posar en q\u00fcesti\u00f3 el sistema ETS. Obrir el debat sobre el mercat el\u00e8ctric europeu \u00e9s obrir la capsa de Pandora, perqu\u00e8 cada govern t\u00e9 les seves pr\u00f2pies demandes i necessitats. Per exemple, aquest any ha arrencat amb la pol\u00e8mica sobre la taxonomia (la classificaci\u00f3 que ha de delimitar quines s\u00f3n les inversions verdes a partir d\u2019ara) amb qu\u00e8 Brussel\u00b7les (com Fran\u00e7a i contr\u00e0riament a Alemanya o Espanya) preveu incloure la nuclear i el gas.<\/p>\n<p><span style=\"color: #719f8c;\"><strong>Brussel\u00b7les defensa el sistema actual<\/strong><\/span><br \/>\nPer\u00f2, al cap i a la fi, una liberalitzaci\u00f3 del mercat tamb\u00e9 deixa menys marge de maniobra als governs per fixar l\u00edmits de preus o alterar la factura en situacions com l\u2019actual, tal com va arribar a proposar el govern de Pedro S\u00e1nchez en un document presentat a Brussel\u00b7les que va ser r\u00e0pidament rebutjat, tamb\u00e9 per la majoria de governs n\u00f2rdics, m\u00e9s ben interconnectats. Ara b\u00e9, la realitat \u00e9s que la factura de la llum s\u2019ha disparat un 200% arreu d\u2019Europa, i encara m\u00e9s a pa\u00efsos com Portugal o Espanya, considerats una illa energ\u00e8tica per problemes d\u2019integraci\u00f3 amb les interconnexions del continent.<\/p>\n<p>Fins ara, Brussel\u00b7les ha aportat poques solucions, m\u00e9s enll\u00e0 de recordar als governs totes les eines que tenen a les seves mans per mitigar l\u2019escalada a nivell nacional. La Comissi\u00f3 Europea tamb\u00e9 va demanar a l\u2019Ag\u00e8ncia de Cooperaci\u00f3 dels Reguladors de l\u2019Energia (ACER) un informe exhaustiu sobre el funcionament del mercat per determinar les causes i possibles solucions a l\u2019escalada de preus. El primer informe preliminar, publicat el novembre passat, va ser contundent: el sistema funciona correctament i est\u00e0 ben dissenyat, la mare dels ous \u00e9s el preu del gas. I aqu\u00ed tamb\u00e9 hi entra en joc la geopol\u00edtica (les relacions amb R\u00fassia, Arg\u00e8lia i Marroc).<\/p>\n<blockquote>\n<h2><span style=\"color: #719f8c;\"><img decoding=\"async\" loading=\"lazy\" class=\"wp-image-34694 alignright\" src=\"https:\/\/www.monempresarial.com\/wp-content\/uploads\/2022\/03\/ICONO-2.jpg\" alt=\"\" width=\"223\" height=\"186\" srcset=\"https:\/\/www.monempresarial.com\/wp-content\/uploads\/2022\/03\/ICONO-2.jpg 321w, https:\/\/www.monempresarial.com\/wp-content\/uploads\/2022\/03\/ICONO-2-300x250.jpg 300w, https:\/\/www.monempresarial.com\/wp-content\/uploads\/2022\/03\/ICONO-2-72x60.jpg 72w\" sizes=\"(max-width: 223px) 100vw, 223px\" \/>Segons un informe encarregat per la Comissi\u00f3 Europea a l\u2019Ag\u00e8ncia de Cooperaci\u00f3 dels Reguladors de l\u2019Energia (ACER) per determinar les causes i possibles solucions a l\u2019escalada de preus, el sistema funciona correctament i est\u00e0 ben dissenyat, la mare dels ous \u00e9s el preu del gas. I aqu\u00ed tamb\u00e9 hi entra en joc la geopol\u00edtica <\/span><\/h2>\n<\/blockquote>\n<p>L\u2019informe de l\u2019Ag\u00e8ncia situa Espanya i Portugal al redu\u00eft grup de pa\u00efsos m\u00e9s altament dependent del gas o m\u00e9s mal interconnectats i rebutja frontalment la proposta espanyola de fixar un topall al preu d\u2019aquest combustible perqu\u00e8 podria provocar \u201cdanys col\u00b7laterals\u201d en els objectius europeus de descarbonitzaci\u00f3. L\u2019ACER considera que alterar els preus podria acabar deixant fora certs productors que podrien acabar-se veient abocats a vendre a p\u00e8rdues, cosa que alteraria la lliure compet\u00e8ncia per cobrir l\u2019augment de la demanda.<\/p>\n<p>Aix\u00ed doncs, des de la UE tenen clar que ha costat molt arribar a dissenyar i teixir l\u2019actual sistema el\u00e8ctric europeu i que, ara que estem en plena transici\u00f3 verda, no \u00e9s hora de posar-lo en dubte. Al mateix temps, per\u00f2, s\u2019admet que cal una UE menys dependent del gas rus o d\u2019altres regions i s\u2019obre la porta a buscar maneres de crear una reserva estrat\u00e8gica de gas o fer una compra conjunta volunt\u00e0ria. Per\u00f2, per a Europa, la prioritat \u00e9s descarbonitzar i encarir encara m\u00e9s l\u2019\u00fas de les energies contaminants encara que durant aquest proc\u00e9s sigui necessari un petit ajut als m\u00e9s vulnerables a trav\u00e9s d\u2019un fons de transici\u00f3 justa.<br \/>\n.<\/p>\n<p><img decoding=\"async\" loading=\"lazy\" class=\"aligncenter wp-image-34700 size-full\" src=\"https:\/\/www.monempresarial.com\/wp-content\/uploads\/2022\/03\/CUADRO-CAT-1.jpg\" alt=\"\" width=\"515\" height=\"576\" srcset=\"https:\/\/www.monempresarial.com\/wp-content\/uploads\/2022\/03\/CUADRO-CAT-1.jpg 515w, https:\/\/www.monempresarial.com\/wp-content\/uploads\/2022\/03\/CUADRO-CAT-1-268x300.jpg 268w\" sizes=\"(max-width: 515px) 100vw, 515px\" \/><\/p>\n","protected":false},"excerpt":{"rendered":"<p>L\u2019\u00faltima cimera europea del 2021 va acabar amb molta m\u00e9s pol\u00e8mica de l\u2019esperada per una q\u00fcesti\u00f3 que alguns van subestimar: el mercat de l\u2019electricitat i la pol\u00edtica energ\u00e8tica de la Uni\u00f3 Europea. Despr\u00e9s d\u2019hores i hores d\u2019un debat en qu\u00e8 q\u00fcestions com la pol\u00edtica migrat\u00f2ria, la gesti\u00f3 de la pand\u00e8mia o les tensions amb Bielor\u00fassia semblaven els punts calents de la jornada, els vint-i-set l\u00edders de la Uni\u00f3 es van encallar en el debat sobre la llum, que sense cap mena de dubte continua portant cua aquest 2022. La factura el\u00e8ctrica s\u2019ha encarit per a les butxaques de tots els ciutadans europeus. El mercat el\u00e8ctric \u00e9s com\u00fa, funciona sota normes europees, per\u00f2 no tots els vint-i-set pateixen el problema amb la mateixa severitat ni en fan el mateix diagn\u00f2stic. <\/p>\n","protected":false},"author":1,"featured_media":34697,"comment_status":"closed","ping_status":"closed","sticky":false,"template":"","format":"standard","meta":{"_mi_skip_tracking":false,"mc4wp_mailchimp_campaign":[],"jnews-multi-image_gallery":[],"jnews_single_post":[],"jnews_primary_category":[]},"categories":[10839,10815,10843,19],"tags":[170,1051,5319,7388,7394,10456],"_links":{"self":[{"href":"https:\/\/www.monempresarial.com\/ca\/wp-json\/wp\/v2\/posts\/34698"}],"collection":[{"href":"https:\/\/www.monempresarial.com\/ca\/wp-json\/wp\/v2\/posts"}],"about":[{"href":"https:\/\/www.monempresarial.com\/ca\/wp-json\/wp\/v2\/types\/post"}],"author":[{"embeddable":true,"href":"https:\/\/www.monempresarial.com\/ca\/wp-json\/wp\/v2\/users\/1"}],"replies":[{"embeddable":true,"href":"https:\/\/www.monempresarial.com\/ca\/wp-json\/wp\/v2\/comments?post=34698"}],"version-history":[{"count":0,"href":"https:\/\/www.monempresarial.com\/ca\/wp-json\/wp\/v2\/posts\/34698\/revisions"}],"wp:featuredmedia":[{"embeddable":true,"href":"https:\/\/www.monempresarial.com\/ca\/wp-json\/wp\/v2\/media\/34697"}],"wp:attachment":[{"href":"https:\/\/www.monempresarial.com\/ca\/wp-json\/wp\/v2\/media?parent=34698"}],"wp:term":[{"taxonomy":"category","embeddable":true,"href":"https:\/\/www.monempresarial.com\/ca\/wp-json\/wp\/v2\/categories?post=34698"},{"taxonomy":"post_tag","embeddable":true,"href":"https:\/\/www.monempresarial.com\/ca\/wp-json\/wp\/v2\/tags?post=34698"}],"curies":[{"name":"wp","href":"https:\/\/api.w.org\/{rel}","templated":true}]}}