{"id":34723,"date":"2022-03-22T12:53:48","date_gmt":"2022-03-22T11:53:48","guid":{"rendered":"https:\/\/www.monempresarial.com\/2022\/03\/22\/la-27a-nit-de-las-telecomunicaciones-y-la-informatica-premia-a-los-mejores-profesionales-y-proyectos-del-sector-tic\/"},"modified":"2025-06-06T09:58:39","modified_gmt":"2025-06-06T07:58:39","slug":"la-27a-nit-de-les-telecomunicacions-i-la-informatica-premia-els-millors","status":"publish","type":"post","link":"https:\/\/www.monempresarial.com\/ca\/2022\/03\/22\/la-27a-nit-de-les-telecomunicacions-i-la-informatica-premia-els-millors\/","title":{"rendered":"La 27a Nit de les Telecomunicacions i la Inform\u00e0tica premia els millors professionals i projectes del sector TIC"},"content":{"rendered":"<p><strong><em>Asunci\u00f3n Moreno<\/em><\/strong><em> i <strong>Elena Bardaj\u00ed<\/strong> s\u00f3n homenatjades com a primeres titulades en Enginyeria de Telecomunicaci\u00f3 i Inform\u00e0tica de Catalunya<\/em><\/p>\n<p><em>El catedr\u00e0tic i professor de l\u2019Escola d\u2019Enginyeria de Telecomunicaci\u00f3 i Aeroespacial de Castelldefels<strong>, Ramon Pall\u00e0s Areny,<\/strong> rep el <strong>Premi d\u2019Honor <\/strong><\/em><\/p>\n<p><em>Telecos.cat i COEINF tamb\u00e9 reconeixen amb els premis Salv\u00e0 i Campillo,\u00a0 Alan Turing i Joan Clarke, a <strong>Anna N. Schlegel <\/strong>(Procore Technologies); <strong>Marta Guardiola <\/strong>(MiWEndo Solutions);<strong> Merc\u00e8 Buxadera <\/strong>(Grup Danone) i <strong>el Projecte HUGO <\/strong>(de la companyia Evidenze)<\/em><\/p>\n<p><em>L\u2019hist\u00f2ric programa de R\u00e0dio 4<\/em><strong><em> L\u2019Altra R\u00e0dio<\/em><\/strong><em> rep el Premi a la Comunicaci\u00f3 i Divulgaci\u00f3 de les TIC, i <\/em><strong><em>Localret <\/em><\/strong><em>i <\/em><strong><em>l\u2019ETSETB-UPC<\/em><\/strong><em>, un reconeixement especial <\/em><\/p>\n<hr \/>\n<p><strong><img decoding=\"async\" loading=\"lazy\" class=\"aligncenter wp-image-34718\" src=\"https:\/\/www.monempresarial.com\/wp-content\/uploads\/2022\/03\/PremisHonorLaNit2.jpg\" alt=\"\" width=\"864\" height=\"576\" srcset=\"https:\/\/www.monempresarial.com\/wp-content\/uploads\/2022\/03\/PremisHonorLaNit2.jpg 1274w, https:\/\/www.monempresarial.com\/wp-content\/uploads\/2022\/03\/PremisHonorLaNit2-300x200.jpg 300w, https:\/\/www.monempresarial.com\/wp-content\/uploads\/2022\/03\/PremisHonorLaNit2-1024x683.jpg 1024w, https:\/\/www.monempresarial.com\/wp-content\/uploads\/2022\/03\/PremisHonorLaNit2-252x167.jpg 252w, https:\/\/www.monempresarial.com\/wp-content\/uploads\/2022\/03\/PremisHonorLaNit2-300x200@2x.jpg 600w\" sizes=\"(max-width: 864px) 100vw, 864px\" \/><\/strong><\/p>\n<p><strong>Barcelona, 21 de mar\u00e7<\/strong>. La <strong>27a Nit de les Telecomunicacions i la Inform\u00e0tica<\/strong> ha estat aquest vespre el marc de lliurament dels Premis Salv\u00e0 i Campillo, Alan Turing, Joan Clarke i del Premi d\u2019Honor de La Nit, atorgats conjuntament per l\u2019Associaci\u00f3 Catalana d\u2019Enginyeria de Telecomunicaci\u00f3 i Tecnologies Digitals (<strong>Telecos.cat<\/strong>) i el Col\u00b7legi Oficial d\u2019Enginyeria en Inform\u00e0tica de Catalunya (<strong>COEINF<\/strong>), en una cerim\u00f2nia que ha comptat amb la participaci\u00f3, entre d\u2019altres autoritats, del president de la Generalitat, <strong>Pere Aragon\u00e8s;<\/strong> del vicepresident i conseller de Pol\u00edtiques Digitals i Territori, <strong>Jordi Puigner\u00f3; <\/strong>de la ministra de Ci\u00e8ncia i Innovaci\u00f3 del Govern d\u2019Espanya,<strong> Diana Morant <\/strong>(via v\u00eddeo); del secretari d\u2019Estat de Telecomunicacions i Infraestructures Digitals, <strong>Roberto S\u00e1nchez; <\/strong>de la tinenta d\u2019Agenda 2030 de l\u2019Ajuntament de Barcelona, <strong>Laia Bonet; <\/strong>i del president delegat de l\u2019\u00c0rea d\u2019Innovaci\u00f3 de la Diputaci\u00f3 de Barcelona, <strong>Josep Arimany.<\/strong><\/p>\n<p>La gala arrencava amb l\u2019homenatge a <strong>Asunci\u00f3n Moreno i Elena Bardaj\u00ed<\/strong>, pioneres a Catalunya a l\u2019hora d\u2019optar per unes carreres tecnol\u00f2giques (Telecomunicacions i Inform\u00e0tica), en un moment (finals dels 70-principis dels 80), en qu\u00e8 la pres\u00e8ncia femenina era inexistent.\u00a0 Llicenciada en Inform\u00e0tica per la FIB-UPC i M\u00e0ster en desenvolupament d&#8217;aplicacions i entorns TIC, Bardaj\u00ed t\u00e9 una llarga traject\u00f2ria en el desenvolupament de processos de producci\u00f3 per a diverses companyies del sector industrial (com SEAT, MASSANA o ENHER) i en el disseny d\u2019arquitectura de sistemes d&#8217;informaci\u00f3 i eines de desenvolupament de programari per a empreses del sector financer i de serveis (com CaixaBank o Sema Metra). Moreno, de la seva banda, \u00e9s catedr\u00e0tica de Teoria del Senyal i les Comunicacions de la UPC i va iniciar la seva carrera a principis dels vuitanta a Philips per fundar posteriorment l\u2019empresa Verbio S.L. Va rebre la Medalla d\u2019or -el 2002- per la Universitat de Maribor (Eslov\u00e8nia) i\u00a0 la Medalla Narc\u00eds Monturiol -el 2005- \u201cper la seva contribuci\u00f3 destacada al progr\u00e9s cient\u00edfic i tecnol\u00f2gic de Catalunya\u201d.<\/p>\n<p>Quant als premis atorgats pel Jurat (veure <a href=\"https:\/\/lanit.cat\/premis#premis-jurat\">https:\/\/lanit.cat\/premis#premis-jurat<\/a>), el catedr\u00e0tic de la Universitat Polit\u00e8cnica de Catalunya, Ramon Pall\u00e0s Areny, rebia la m\u00e0xima distinci\u00f3: el Premi d\u2019Honor. Professor de l\u2019Escola d&#8217;Enginyeria de Telecomunicaci\u00f3 i Aeroespacial de Castelldefels, Pall\u00e0s \u00e9s pioner en l\u2019ensenyament dels sensors a enginyers electr\u00f2nics plantejat des del punt de vista del disseny de les seves interf\u00edcies electr\u00f2niques. Amb grans aportacions a l\u2019estudi, adquisici\u00f3 i an\u00e0lisi dels senyals bioel\u00e8ctrics associats a l\u2019activitat cardiovascular i respirat\u00f2ria, compta amb una traject\u00f2ria de gran rellev\u00e0ncia internacional en recerca i transfer\u00e8ncia de coneixement amb 90 articles publicats, 20 llibres (en catal\u00e0, castell\u00e0, angl\u00e8s i un tradu\u00eft al xin\u00e8s), 27 patents i 11 premis, als que avui suma un m\u00e9s.<\/p>\n<p>El Premi Salv\u00e0 i Campillo a la Personalitat Destacada (que reconeix la persona o entitat que ha contribu\u00eft de manera notable a la potenciaci\u00f3 o divulgaci\u00f3 de l&#8217;Electr\u00f2nica, les TIC o l&#8217;Audiovisual) ha estat atorgat a Anna N. Schlegel, vicepresidenta de l&#8217;empresa de construcci\u00f3 californiana Procore i cap d&#8217;estrat\u00e8gia de la catalana GPA Innova. El 2020 va ser nomenada la dona m\u00e9s influent del m\u00f3n en tecnologia per la revista Analytics Insight i el 2021 la m\u00e9s admirada per la revista CIO Look. Creu de Sant Jordi el 2021, des del 2020 tamb\u00e9 \u00e9s la cap executiva de l&#8217;ONG Women in Technology amb 5 directives m\u00e9s.<\/p>\n<p>El Premi Joan Clarke al CIO destacat ha volgut recon\u00e8ixer la tasca professional de Merc\u00e8 Buxadera, CIO per al Sud d\u2019Europa del Grup Danone. Amb m\u00e9s de 30 anys de traject\u00f2ria, el 1999 va comen\u00e7ar per la transformaci\u00f3 de vendes i log\u00edstica de Danone Espa\u00f1a, seguint un cam\u00ed que l\u2019ha portada a la gesti\u00f3 global dels sistemes d\u2019informaci\u00f3 per al Sud d\u2019Europa de productes l\u00e0ctics, aig\u00fces i alimentaci\u00f3 especialitzada.<\/p>\n<p><strong>El talent emprenedor de Marta Guardiola i el comprom\u00eds social del Projecte HUGO<\/strong><br \/>\nPel que fa al Premi Salv\u00e0 i Campillo a l\u2019Emprenedoria, el reconeixement ha estat per a Marta Guardiola, co-inventora d&#8217;una tecnologia basada en microones per a la detecci\u00f3 del c\u00e0ncer colorectal. En base a aquesta tecnologia, el 2020 funda MiWEndo Solutions, de la qual \u00e9s presidenta i directora t\u00e8cnica. Medalla de la Reial Acad\u00e8mia d\u2019Enginyeria, Premi Dona TIC 2020 i guardonada per l\u2019Academy for Women Entrepreneurs, entre d\u2019altres.<\/p>\n<p>Quant al Premi Alan Turing al Comprom\u00eds Social, ha estat per al Projecte HUGO, de la companyia Evidenze. A trav\u00e9s d&#8217;una APP, HUGO recull dades de milers de pacients amb esclerosi m\u00faltiple, juntament amb les variables que l&#8217;smartphone emmagatzema autom\u00e0ticament sobre els seus h\u00e0bits de vida i biomarcadors i les enlla\u00e7a amb bases de dades externes. S\u2019aconsegueix aix\u00ed un coneixement total de la patologia aportant evid\u00e8ncies cient\u00edfiques complement\u00e0ries als assajos\u00a0 cl\u00ednics tradicionals.<\/p>\n<p><strong>Premi a la Comunicaci\u00f3 per a L\u2019Altra R\u00e0dio i reconeixement especial a Localret i l\u2019ETSETB-UPC<\/strong><br \/>\nEl jurat d\u2019aquesta 27a Nit tamb\u00e9 ha volgut posar de relleu la tasca divulgativa duta a terme per l\u2019hist\u00f2ric programa de R\u00e0dio 4, L\u2019Altra R\u00e0dio, dirigit i presentat per Cinto Niqui. Amb 42 anys en antena, \u00e9s l\u2019espai deg\u00e0 de la radiodifusi\u00f3 catalana i espanyola dedicat a informar i reflexionar sobre l&#8217;\u00fas i l&#8217;impacte social de les TIC.<\/p>\n<p><strong>\u00a0<\/strong>A banda dels guardons que decideix el Jurat, els organitzadors de la Nit han volgut fer un doble reconeixement especial: al consorci p\u00fablic Localret, que enguany commemora el seu 25\u00e8 aniversari, i a \u00a0l\u2019Escola T\u00e8cnica Superior d\u2019Enginyeria de Telecomunicaci\u00f3 de Barcelona (UPC), que celebra els 50 anys de la seva fundaci\u00f3.<\/p>\n","protected":false},"excerpt":{"rendered":"<p>Asunci\u00f3n Moreno i Elena Bardaj\u00ed s\u00f3n homenatjades com a primeres titulades en Enginyeria de Telecomunicaci\u00f3 i Inform\u00e0tica de Catalunya El catedr\u00e0tic i professor de l\u2019Escola d\u2019Enginyeria de Telecomunicaci\u00f3 i Aeroespacial de Castelldefels, Ramon Pall\u00e0s Areny, rep el Premi d\u2019Honor Telecos.cat i COEINF tamb\u00e9 reconeixen amb els premis Salv\u00e0 i Campillo,\u00a0 Alan Turing i Joan Clarke, [&hellip;]<\/p>\n","protected":false},"author":1,"featured_media":34720,"comment_status":"closed","ping_status":"closed","sticky":false,"template":"","format":"standard","meta":{"_mi_skip_tracking":false,"mc4wp_mailchimp_campaign":[],"jnews-multi-image_gallery":[],"jnews_single_post":[],"jnews_primary_category":[]},"categories":[5694,10820,10821,10825,10],"tags":[8110,194,5144,5155,7686],"_links":{"self":[{"href":"https:\/\/www.monempresarial.com\/ca\/wp-json\/wp\/v2\/posts\/34723"}],"collection":[{"href":"https:\/\/www.monempresarial.com\/ca\/wp-json\/wp\/v2\/posts"}],"about":[{"href":"https:\/\/www.monempresarial.com\/ca\/wp-json\/wp\/v2\/types\/post"}],"author":[{"embeddable":true,"href":"https:\/\/www.monempresarial.com\/ca\/wp-json\/wp\/v2\/users\/1"}],"replies":[{"embeddable":true,"href":"https:\/\/www.monempresarial.com\/ca\/wp-json\/wp\/v2\/comments?post=34723"}],"version-history":[{"count":2,"href":"https:\/\/www.monempresarial.com\/ca\/wp-json\/wp\/v2\/posts\/34723\/revisions"}],"predecessor-version":[{"id":46072,"href":"https:\/\/www.monempresarial.com\/ca\/wp-json\/wp\/v2\/posts\/34723\/revisions\/46072"}],"wp:featuredmedia":[{"embeddable":true,"href":"https:\/\/www.monempresarial.com\/ca\/wp-json\/wp\/v2\/media\/34720"}],"wp:attachment":[{"href":"https:\/\/www.monempresarial.com\/ca\/wp-json\/wp\/v2\/media?parent=34723"}],"wp:term":[{"taxonomy":"category","embeddable":true,"href":"https:\/\/www.monempresarial.com\/ca\/wp-json\/wp\/v2\/categories?post=34723"},{"taxonomy":"post_tag","embeddable":true,"href":"https:\/\/www.monempresarial.com\/ca\/wp-json\/wp\/v2\/tags?post=34723"}],"curies":[{"name":"wp","href":"https:\/\/api.w.org\/{rel}","templated":true}]}}