{"id":34826,"date":"2022-04-08T09:21:05","date_gmt":"2022-04-08T07:21:05","guid":{"rendered":"https:\/\/www.monempresarial.com\/?p=34826"},"modified":"2025-09-24T10:56:29","modified_gmt":"2025-09-24T08:56:29","slug":"fractura-electrica-la-societat-duna-economia-desigual","status":"publish","type":"post","link":"https:\/\/www.monempresarial.com\/ca\/2022\/04\/08\/fractura-electrica-la-societat-duna-economia-desigual\/","title":{"rendered":"Fractura el\u00e8ctrica. La societat d\u2019una economia desigual"},"content":{"rendered":"<p><strong><img decoding=\"async\" loading=\"lazy\" class=\" wp-image-33891 alignright\" src=\"https:\/\/www.monempresarial.com\/wp-content\/uploads\/2021\/10\/xavier-torrens.jpg\" alt=\"\" width=\"201\" height=\"238\" \/><\/strong><\/p>\n<p><strong>La factura de la llum m\u00e9s cara de la hist\u00f2ria genera una factura electritzant que causa un sisme social. La societat es fractura, es provoca la divisi\u00f3 social: uns poden pagar-la, tot i assumir-ne la factura a contracor, i d\u2019altres, en canvi, s\u2019enfonsen en l\u2019exclusi\u00f3. Aix\u00ed, la factura el\u00e8ctrica esdev\u00e9 una fractura el\u00e8ctrica.<\/strong><\/p>\n<h4><span style=\"color: #ae0f09;\">Xavier Torrens.<\/span> Professor de Ci\u00e8ncia Pol\u00edtica a la UB. Polit\u00f2leg i soci\u00f2leg.<\/h4>\n<hr \/>\n<p>Els costos el\u00e8ctrics que v\u00e0rem pagar els consumidors en el nostre rebut de la llum en el transcurs de l\u2019any 2021 van registrar els nivells m\u00e9s alts de la hist\u00f2ria. L\u2019encariment posa una part de la societat en una situaci\u00f3 de risc social. No \u00e9s objecte d\u2019aquesta an\u00e0lisi ni l\u2019oligopoli energ\u00e8tic, que no ha pres les mesures necess\u00e0ries per reduir les tarifes el\u00e8ctriques, ni la millora normativa de la gesti\u00f3 p\u00fablica, que podria fer una bona regulaci\u00f3 d\u2019aquest b\u00e9 essencial. Tampoc ho \u00e9s l\u2019encriptada i enrevessada factura de la llum, que for\u00e7a consumidors no entenen. Em centrar\u00e9 en les repercussions directament humanes de l\u2019encariment de la factura de la llum. O, dit d\u2019una altra manera, com l\u2019elevada factura de la llum obstaculitza la cohesi\u00f3 social.<br \/>\nCertament, el cost de la vida augmenta de manera consecutiva quan la factura de la llum s\u2019encareix sense parar. De retruc, la inflaci\u00f3 va en ascens. I la inflaci\u00f3 dispara els preus. I tot plegat \u00e9s un cop fort a l\u2019economia familiar.<\/p>\n<p><span style=\"color: #ae0f09;\"><strong>INTER\u00c8S GENERAL<\/strong><\/span><br \/>\nQuan els pol\u00edtics parlen d\u2019inter\u00e8s general o d\u2019inter\u00e8s nacional, sovint, una part d\u2019ells ho fa amb prop\u00f2sits electoralistes. Ara b\u00e9, si l\u2019inter\u00e8s general existeix, llavors, sens dubte, rebaixar la factura de la llum \u00e9s un fet d\u2019inter\u00e8s general o d\u2019inter\u00e8s nacional, doncs es tracta d\u2019un b\u00e9 essencial. I, sobretot, ens adonem que \u00e9s essencial quan ens situem en un r\u00e8cord hist\u00f2ric de pujada de la factura.<br \/>\nParlar d\u2019inter\u00e8s general no implica caure en la dicotomia que provoca pol\u00e8mica p\u00fablica entre la nacionalitzaci\u00f3 o la desregulaci\u00f3 d\u2019empreses el\u00e8ctriques, sin\u00f3 que podria adre\u00e7ar-se a fer una millor direcci\u00f3 i gesti\u00f3 p\u00fablica en aquesta pol\u00edtica p\u00fablica espec\u00edfica. Hi ha moltes maneres de defensar l\u2019inter\u00e8s general, per\u00f2 totes passen per encarar la situaci\u00f3 i les circumst\u00e0ncies de les fam\u00edlies m\u00e9s humils que pateixen pobresa energ\u00e8tica.<\/p>\n<p>&nbsp;<\/p>\n<blockquote>\n<h2><span style=\"color: #ae0f09;\"><strong><img decoding=\"async\" loading=\"lazy\" class=\"wp-image-34830 size-full alignright\" src=\"https:\/\/www.monempresarial.com\/wp-content\/uploads\/2022\/04\/icono-1.jpg\" alt=\"\" width=\"182\" height=\"204\" \/><\/strong>Les repercussions de la tarifa regulada del Preu Voluntari per al Petit Consumidor (PVPC) \u00e9s on se situa el focus de l\u2019an\u00e0lisi social. El preu mensual de la llum es va encarir massa l\u2019any 2021 en el context d\u2019una greu crisi sociosanit\u00e0ria i socioecon\u00f2mica<\/span><\/h2>\n<\/blockquote>\n<p><strong style=\"color: #ae0f09;\">PIMES<\/strong><br \/>\n\u00c9s clar, la factura de l\u2019electricitat afecta tothom. La pujada de la llum impacta sobre diversos col\u00b7lectius humans. Compromet, sobretot, els comptes dels aut\u00f2noms, de les microempreses i de les petites i mitjanes empreses (les pimes), una part de les quals acaben repercutint l\u2019augment del cost en un increment dels preus dels seus productes. I, finalment, tot acabar\u00e0 repercutint en la poblaci\u00f3, almenys com a consumidors. Aix\u00ed doncs, l\u2019economia de les llars s\u00f3n el dest\u00ed final de la factura de la llum en la seva globalitat.<br \/>\nL\u2019ascens de les tarifes de l\u2019electricitat i la conseq\u00fcent pujada generalitzada dels preus pot afectar tothom, per\u00f2 el destinatari final de les conseq\u00fc\u00e8ncies negatives s\u00f3n les fam\u00edlies. I mentre que unes acaben assumint la factura a contracor, d\u2019altres s\u2019enfonsen en l\u2019exclusi\u00f3 social amb un major empobriment.<\/p>\n<p><span style=\"color: #ae0f09;\"><strong>PVPC<\/strong><\/span><br \/>\nLes repercussions de la tarifa regulada del Preu Voluntari per al Petit Consumidor (PVPC) \u00e9s on se situa el focus de l\u2019an\u00e0lisi social. El preu mensual de la llum es va encarir massa l\u2019any 2021 en el context d\u2019una greu crisi sociosanit\u00e0ria i socioecon\u00f2mica. Aix\u00f2 fa que les fam\u00edlies socialment m\u00e9s vulnerables es troben amb la crua realitat que no poden fer front a les despeses econ\u00f2miques m\u00e9s elementals: les necessitats b\u00e0siques per a viure.<br \/>\nUnes m\u00ednimes condicions vitals en una societat democr\u00e0tica avan\u00e7ada han de ser garantides per l\u2019estat del benestar. El \u201ccom\u201d ja dep\u00e8n de cada formaci\u00f3 pol\u00edtica: per a uns, cal fer-ho amb la gesti\u00f3 p\u00fablica, per a d\u2019altres, amb la gesti\u00f3 privada i per a uns tercers, amb la gesti\u00f3 social del tercer sector. Sigui com sigui, cal fer-ho si s\u2019\u00e9s una democr\u00e0cia avan\u00e7ada amb estat del benestar. Si no es garanteix un b\u00e9 essencial com la llum, llavors, conceptualment, s\u2019est\u00e0 fent trontollar l\u2019estructura politicojur\u00eddica de l\u2019estat del benestar.<\/p>\n<p>&nbsp;<\/p>\n<blockquote>\n<h2><span style=\"color: #ae0f09;\">La fractura el\u00e8ctrica \u00e9s clara: els qui la pateixen no escalfen el menjar, no es banyen amb aigua calenta, no tenen calefacci\u00f3 a l\u2019hivern, no segueixen la doc\u00e8ncia en l\u00ednia quan les classes deixen de ser presencials, no guarden el menjar en una nevera, no carreguen els aparells digitals, etc.<\/span><\/h2>\n<\/blockquote>\n<p>&nbsp;<\/p>\n<p><span style=\"color: #ae0f09;\"><strong>FAM\u00cdLIES SENSE LLUM<\/strong><\/span><br \/>\nHi ha casos extrems. A finals de novembre de 2021, en l\u2019incendi d\u2019una antiga oficina banc\u00e0ria de Barcelona que estava ocupada per una fam\u00edlia sense recursos, hi van morir quatre persones, dues d\u2019elles nens, degut a la pobresa energ\u00e8tica.<br \/>\nEl 2 d\u2019octubre de 2020, en plena pand\u00e8mia de la covid, van tallar el subministrament el\u00e8ctric de la zona de barraquisme de Madrid coneguda com la Ca\u00f1ada Real. Prop de 3.000 persones, de les quals 1.211 s\u00f3n nens, no tenen llum. \u00c9s un cas al l\u00edmit per\u00f2 real i, per tant, una evid\u00e8ncia cient\u00edfica de la fractura social.<br \/>\nLa fractura el\u00e8ctrica \u00e9s clara: aquestes fam\u00edlies no escalfen el menjar, no es banyen amb aigua calenta, no tenen calefacci\u00f3 a l\u2019hivern, no segueixen la doc\u00e8ncia en l\u00ednia quan les classes deixen de ser presencials, no guarden el menjar en una nevera, no carreguen els aparells digitals, etc. Evidentment, la fractura el\u00e8ctrica vulnera drets humans.<\/p>\n<p><span style=\"color: #ae0f09;\"><strong>MILLORS POL\u00cdTIQUES<\/strong><\/span><br \/>\nEs poden unir els drets socials i la sostenibilitat. Aix\u00ed, per exemple, es pot pal\u00b7liar la pobresa energ\u00e8tica (drets socials) i, alhora, optar per desenvolupar energies renovables (sostenibilitat). Observem que ambd\u00f3s factors poden anar junts per\u00f2 tamb\u00e9 separats. \u00d2bviament, si fem la conjunci\u00f3 de drets socials i sostenibilitat, oferim unes millors pol\u00edtiques per una vida millor.<br \/>\nUna vida millor de la globalitat de les ciutadanes i els ciutadans permet una major estabilitat sociopol\u00edtica i, de retruc, econ\u00f2mica i empresarial. Per tant, la soluci\u00f3 de la pobresa energ\u00e8tica afecta positivament, en primer lloc, als usuaris finals, els col\u00b7lectius afectats. Ara b\u00e9, tamb\u00e9 hi ha sectors concernits, com les petites i mitjanes empreses. Per tant, ens trobem davant d\u2019una pol\u00edtica p\u00fablica transcendental per a la societat en el seu conjunt.<\/p>\n<p><span style=\"color: #ae0f09;\"><strong>UNA VIDA MILLOR<\/strong><\/span><br \/>\nFem mem\u00f2ria hist\u00f2rica de quan va n\u00e9ixer el perm\u00eds anual retribu\u00eft de vacances per als treballadors. Hi havia sectors de la poblaci\u00f3 que n\u2019eren contraris perqu\u00e8 no entenien que es pagu\u00e9s un mes de vacances no treballades. Evidentment, aquesta mesura va afectar positivament les persones assalariades. Ara b\u00e9, tamb\u00e9 va tenir impacte en el conjunt de la societat, doncs el fet que els treballadors tinguessin una vida millor va ser positiu tamb\u00e9 per a les empreses amb un model de negoci que girava al voltant del turisme i l\u2019entreteniment, ja que als treballadors amb vacances pagades se\u2019ls va capacitar per ser tamb\u00e9 consumidors de productes que fins llavors els havien estat vedats.<br \/>\nTres quarts del mateix passa amb les fam\u00edlies amb pobresa energ\u00e8tica. Posar sobre la taula una soluci\u00f3 satisfact\u00f2ria al problema de la factura de el\u00e8ctrica les beneficia tant a elles com al conjunt de la societat, doncs es garanteix que les primeres puguin tenir una vida millor i, per tant, acc\u00e9s a sectors de l\u2019economia i l\u2019empresa que serien inexistents si no es resol primer el rebut de la llum. I a m\u00e9s, aix\u00ed es garanteix la pau social.<\/p>\n<p><span style=\"color: #ae0f09;\"><strong>POBRESA ENERG\u00c8TICA<\/strong><\/span><br \/>\nAix\u00ed doncs, la pobresa energ\u00e8tica \u00e9s una grav\u00edssima xacra que afecta, en primer lloc, els usuaris i les usu\u00e0ries finals de la pol\u00edtica social i laboral. Ara b\u00e9, si solucionem la pobresa energ\u00e8tica, tota la societat en sortim beneficiats, doncs es garanteix una major cohesi\u00f3 social. L\u2019estabilitat social \u00e9s l\u2019entorn adient per una economia creixent, que beneficia tothom.<\/p>\n<p><img decoding=\"async\" loading=\"lazy\" class=\"aligncenter size-full wp-image-34840\" src=\"https:\/\/www.monempresarial.com\/wp-content\/uploads\/2022\/04\/cuadro-factura-cat.jpg\" alt=\"\" width=\"832\" height=\"719\" srcset=\"https:\/\/www.monempresarial.com\/wp-content\/uploads\/2022\/04\/cuadro-factura-cat.jpg 832w, https:\/\/www.monempresarial.com\/wp-content\/uploads\/2022\/04\/cuadro-factura-cat-300x259.jpg 300w, https:\/\/www.monempresarial.com\/wp-content\/uploads\/2022\/04\/cuadro-factura-cat-300x259@2x.jpg 600w\" sizes=\"(max-width: 832px) 100vw, 832px\" \/><\/p>\n","protected":false},"excerpt":{"rendered":"<p>La factura de la llum m\u00e9s cara de la hist\u00f2ria genera una factura electritzant que causa un sisme social. La societat es fractura, es provoca la divisi\u00f3 social: uns poden pagar-la, tot i assumir-ne la factura a contracor, i d\u2019altres, en canvi, s\u2019enfonsen en l\u2019exclusi\u00f3. Aix\u00ed, la factura el\u00e8ctrica esdev\u00e9 una fractura el\u00e8ctrica.<\/p>\n","protected":false},"author":16,"featured_media":34832,"comment_status":"closed","ping_status":"closed","sticky":false,"template":"","format":"standard","meta":{"_mi_skip_tracking":false,"mc4wp_mailchimp_campaign":[],"jnews-multi-image_gallery":[],"jnews_single_post":[],"jnews_primary_category":[]},"categories":[10847,12,10816,13,24],"tags":[434,613,5319,7394,10470],"_links":{"self":[{"href":"https:\/\/www.monempresarial.com\/ca\/wp-json\/wp\/v2\/posts\/34826"}],"collection":[{"href":"https:\/\/www.monempresarial.com\/ca\/wp-json\/wp\/v2\/posts"}],"about":[{"href":"https:\/\/www.monempresarial.com\/ca\/wp-json\/wp\/v2\/types\/post"}],"author":[{"embeddable":true,"href":"https:\/\/www.monempresarial.com\/ca\/wp-json\/wp\/v2\/users\/16"}],"replies":[{"embeddable":true,"href":"https:\/\/www.monempresarial.com\/ca\/wp-json\/wp\/v2\/comments?post=34826"}],"version-history":[{"count":1,"href":"https:\/\/www.monempresarial.com\/ca\/wp-json\/wp\/v2\/posts\/34826\/revisions"}],"predecessor-version":[{"id":47574,"href":"https:\/\/www.monempresarial.com\/ca\/wp-json\/wp\/v2\/posts\/34826\/revisions\/47574"}],"wp:featuredmedia":[{"embeddable":true,"href":"https:\/\/www.monempresarial.com\/ca\/wp-json\/wp\/v2\/media\/34832"}],"wp:attachment":[{"href":"https:\/\/www.monempresarial.com\/ca\/wp-json\/wp\/v2\/media?parent=34826"}],"wp:term":[{"taxonomy":"category","embeddable":true,"href":"https:\/\/www.monempresarial.com\/ca\/wp-json\/wp\/v2\/categories?post=34826"},{"taxonomy":"post_tag","embeddable":true,"href":"https:\/\/www.monempresarial.com\/ca\/wp-json\/wp\/v2\/tags?post=34826"}],"curies":[{"name":"wp","href":"https:\/\/api.w.org\/{rel}","templated":true}]}}