{"id":34960,"date":"2022-04-28T09:00:43","date_gmt":"2022-04-28T07:00:43","guid":{"rendered":"https:\/\/www.monempresarial.com\/2022\/04\/11\/einsularidad-y-energia-bases-para-modelos-energeticos-sostenibles-de-redes-electricas-inteligentes-insulares\/"},"modified":"2025-09-24T10:56:10","modified_gmt":"2025-09-24T08:56:10","slug":"insularitat-i-energia-bases-per-a-models-energetics-sostenibles-de-xarxes-electriques-intel%c2%b7ligents-insulars","status":"publish","type":"post","link":"https:\/\/www.monempresarial.com\/ca\/2022\/04\/28\/insularitat-i-energia-bases-per-a-models-energetics-sostenibles-de-xarxes-electriques-intel%c2%b7ligents-insulars\/","title":{"rendered":"Insularitat i energia. Bases per a models energ\u00e8tics sostenibles de xarxes el\u00e8ctriques intel\u00b7ligents insulars"},"content":{"rendered":"<h4><img decoding=\"async\" loading=\"lazy\" class=\"alignright wp-image-34945\" src=\"https:\/\/www.monempresarial.com\/wp-content\/uploads\/2022\/04\/Yo_en_Pesca.jpg\" alt=\"\" width=\"172\" height=\"306\" srcset=\"https:\/\/www.monempresarial.com\/wp-content\/uploads\/2022\/04\/Yo_en_Pesca.jpg 425w, https:\/\/www.monempresarial.com\/wp-content\/uploads\/2022\/04\/Yo_en_Pesca-169x300.jpg 169w, https:\/\/www.monempresarial.com\/wp-content\/uploads\/2022\/04\/Yo_en_Pesca-169x300@2x.jpg 338w\" sizes=\"(max-width: 172px) 100vw, 172px\" \/>L&#8217;energia \u00e9s un recurs b\u00e0sic per al desenvolupament de qualsevol activitat social i econ\u00f2mica. En el cas dels territoris insulars, atesa la seva condici\u00f3 de comunitats a\u00efllades i la complexitat de la log\u00edstica d&#8217;acc\u00e9s a recursos primaris, aquesta afirmaci\u00f3 tan \u00f2bvia provoca que el disseny dels sistemes energ\u00e8tics hi resulti cr\u00edtic. Les illes han utilitzat tradicionalment hidrocarburs de forma massiva, i no nom\u00e9s per al sector del transport, per la qual cosa la descarbonitzaci\u00f3 amb totes les tecnologies disponibles hi \u00e9s encara m\u00e9s urgent.<\/h4>\n<h4><strong><span style=\"color: #339999; bold; text-transform: uppercase;\">JOS\u00c9 IGNACIO PRADAS POVEDA.<\/span><\/strong> <strong>Enginyer Industrial de l\u2019Estat.<\/strong><\/h4>\n<hr style=\"color: #b72126;\" \/>\n<p>En els models convencionals de generaci\u00f3 centralitzada aplicats a illes, les centrals t\u00e8rmiques tamb\u00e9 solen tenir-hi un paper nuclear. Al seu voltant pivota la generaci\u00f3 el\u00e8ctrica, seguida del transport en alta tensi\u00f3, amb el prop\u00f2sit d&#8217;apropar l&#8217;energia el\u00e8ctrica als consumidors finals a trav\u00e9s de la xarxa de distribuci\u00f3 (en mitjana i baixa tensi\u00f3). Aix\u00ed, els sistemes dels dos arxip\u00e8lags espanyols es van dissenyar amb centrals t\u00e8rmiques de carb\u00f3, fueloil o gasoil amb sobrecapacitat de generaci\u00f3 i amb l\u00ednies d&#8217;alta tensi\u00f3 que vertebraven cadascuna de les illes.<\/p>\n<p><span style=\"color: #339999;\"><strong>MECANISMES PER MIGRAR CAP AL VERD<\/strong><\/span><br \/>\nUna de les principals vies per aconseguir la independ\u00e8ncia i la sostenibilitat energ\u00e8tiques \u00e9s reduir la contribuci\u00f3 de les centrals de combustible f\u00f2ssil i augmentar el pes de les energies renovables. Als dos arxip\u00e8lags espanyols, s&#8217;ha promogut la instal\u00b7laci\u00f3 de parcs e\u00f2lics i horts solars fotovoltaics, per\u00f2 en ess\u00e8ncia sota un esquema d&#8217;evacuaci\u00f3 de l&#8217;energia el\u00e8ctrica generada per mitj\u00e0 de l\u00ednies d&#8217;alta tensi\u00f3. En la distribuci\u00f3 a les subcentrals de transformaci\u00f3, d&#8217;altra banda, nom\u00e9s hi ha hagut canvis menors per adequar-les a aquesta nova capacitat de generaci\u00f3 (de naturalesa intermitent), als increments de demanda associats al creixement urban\u00edstic i, en el cas de les Balears, a nous projectes d&#8217;interconnexi\u00f3 submarina en simbiosi amb la connexi\u00f3 gas\u00edstica de la pen\u00ednsula amb Eivissa i Mallorca, propiciant, a futur, reduir emissions de CO2 i evitar gasos contaminants (NOx, SO2, COV). Un altre aspecte b\u00e0sic d\u2019aquest proc\u00e9s \u00e9s la mitigaci\u00f3 del sobrecost de generaci\u00f3 que suposen els sistemes el\u00e8ctrics extrapeninsulars.<img decoding=\"async\" loading=\"lazy\" class=\"wp-image-34957 alignleft\" src=\"https:\/\/www.monempresarial.com\/wp-content\/uploads\/2022\/04\/ICONO-ENERGIAS-REN-1.jpg\" alt=\"\" width=\"224\" height=\"180\" srcset=\"https:\/\/www.monempresarial.com\/wp-content\/uploads\/2022\/04\/ICONO-ENERGIAS-REN-1.jpg 684w, https:\/\/www.monempresarial.com\/wp-content\/uploads\/2022\/04\/ICONO-ENERGIAS-REN-1-300x240.jpg 300w, https:\/\/www.monempresarial.com\/wp-content\/uploads\/2022\/04\/ICONO-ENERGIAS-REN-1-300x240@2x.jpg 600w\" sizes=\"(max-width: 224px) 100vw, 224px\" \/><br \/>\nLa transici\u00f3 energ\u00e8tica s&#8217;articula mitjan\u00e7ant programes amb fons estructurals i dirigits a la descarbonitzaci\u00f3 dels territoris insulars, a la reducci\u00f3 de la seva depend\u00e8ncia del petroli i cap al compliment de l&#8217;objectiu de neutralitat clim\u00e0tica per a l&#8217;any 2050. Aix\u00ed, a les Balears se n&#8217;han llan\u00e7at dues convocat\u00f2ries anomenades SolBal per finan\u00e7ar instal\u00b7lacions solars fotovoltaiques amb ajudes per valor de 60,7 milions d&#8217;euros per a projectes de 446 MW. A les Can\u00e0ries s&#8217;han promogut parcs e\u00f2lics i solars fotovoltaics (EolCan, EolCan2 i SolCan). En total, els cinc programes han mobilitzat 191 milions d\u2019euros de subvencions per a inversions de 932 milions d\u2019euros que impliquen la posada en marxa d\u2019uns 1.063 MW renovables.<\/p>\n<p><span style=\"color: #339999; font-weight: bold;\">APROFITAMENT M\u00c1XIM DE LA INNOVACI\u00d3 TECNOL\u00d2GICA<\/span><br \/>\n<img decoding=\"async\" loading=\"lazy\" class=\"alignright wp-image-34964\" src=\"https:\/\/www.monempresarial.com\/wp-content\/uploads\/2022\/04\/infografia-catala.jpg\" alt=\"\" width=\"222\" height=\"432\" srcset=\"https:\/\/www.monempresarial.com\/wp-content\/uploads\/2022\/04\/infografia-catala.jpg 327w, https:\/\/www.monempresarial.com\/wp-content\/uploads\/2022\/04\/infografia-catala-154x300.jpg 154w, https:\/\/www.monempresarial.com\/wp-content\/uploads\/2022\/04\/infografia-catala-154x300@2x.jpg 308w\" sizes=\"(max-width: 222px) 100vw, 222px\" \/>La converg\u00e8ncia tecnol\u00f2gica de les TIC i de l&#8217;electr\u00f2nica de pot\u00e8ncia com a element facilitador de xarxes el\u00e8ctriques intel\u00b7ligents en tota la seva extensi\u00f3 requereix un marc regulador que incentivi la inversi\u00f3 en b\u00e9ns d&#8217;equip que permetin compassar generaci\u00f3 i distribuci\u00f3 al consum. Despr\u00e9s de les enormes millores, nom\u00e9s calen els mecanismes adequats d&#8217;incentivaci\u00f3 d&#8217;implantaci\u00f3 que procurin resposta a la demanda o servei de flexibilitat de la demanda perqu\u00e8 les companyies de distribuci\u00f3 hi inverteixin.<br \/>\nAltres expressions serien la generaci\u00f3 distribu\u00efda, l&#8217;autoconsum i l&#8217;emmagatzematge energ\u00e8tic com a pilars d&#8217;un nou paradigma energ\u00e8tic. En aquest nou paradigma, l&#8217;electricitat (generaci\u00f3 de districte, d\u2019illa, d&#8217;habitatge) no requereix d\u2019\u00e9sser transportada en alta tensi\u00f3 fins als punts de consum a causa de la proximitat sobre la base d&#8217;una altra economia de l&#8217;energia basada en estalvi de p\u00e8rdues i menor amortitzaci\u00f3 d&#8217;infraestructures.<br \/>\nLa regulaci\u00f3 hauria d&#8217;afavorir-les totes. Fins ara, tot i guadir, les Balears i les Can\u00e0ries, d&#8217;un clima ideal per al desenvolupament de l&#8217;energia solar fotovoltaica, la base instal\u00b7lada continua sent-hi redu\u00efda a causa dels obstacles regulatoris a l&#8217;autoconsum. A la pr\u00e0ctica, les illes amb prou feines s\u00f3n un laboratori d&#8217;innovaci\u00f3 incipient que acceleri la validaci\u00f3 de noves tecnologies viables en projectes d&#8217;inter\u00e8s com\u00fa (PCI, acr\u00f2nim en angl\u00e8s) amb finan\u00e7ament comunitari de la facilitat Connectar Europa.<br \/>\nEn aquesta noci\u00f3 de servir d&#8217;assaig, el projecte de central hidroel\u00e8ctrica de bombatge reversible Salto de Chira, a l&#8217;illa de La Palma, constitueix una infraestructura essencial del nou model energ\u00e8tic canari basat en energies renovables per avan\u00e7ar cap a la sostenibilitat. El contrast d&#8217;oportunitat perfecta desaprofitada per provar la viabilitat t\u00e8cnica i econ\u00f2mica dels sistemes d&#8217;emmagatzematge de tecnologia nacional \u00e9s Formentera. All\u00e0, s\u2019hi ha de desmantellar una central t\u00e8rmica de gasoil que, cada estiu, s&#8217;ha de refor\u00e7ar amb 12 MW de grups electr\u00f2gens davant l&#8217;augment de la demanda pel turisme estacional.<\/p>\n<p><span style=\"color: #339999; font-weight: bold;\">INICIATIVES MUNDIALS D&#8217;ILLES INTEL\u00b7LIGENTS<\/span><br \/>\nLa ind\u00fastria espanyola de b\u00e9ns d\u2019equip el\u00e8ctrics pot trobar oportunitats per al desenvolupament de negocis internacionals. Tot seguit, s&#8217;exposen dos programes. Conscients de la singularitat de la insularitat \u2014fins i tot amb dimensi\u00f3 ultraperif\u00e8rica\u2014, 13 pa\u00efsos de la Uni\u00f3 Europea van dissenyar el 2017 la iniciativa d&#8217;illes intel\u00b7ligents amb un model d&#8217;estrat\u00e8gia energ\u00e8tica verbalitzat a la declaraci\u00f3 pol\u00edtica sobre energia neta per a les illes de la UE. En aquesta, s\u2019hi reconeix el seu paper com a \u201carquitectes de la seva pr\u00f2pia transici\u00f3 energ\u00e8tica\u201d, aix\u00ed com l&#8217;oportunitat d&#8217;aprofitar aquests territoris com a camp de proves per a tecnologies o pol\u00edtiques de transici\u00f3 energ\u00e8tica que despr\u00e9s es puguin exportar al continent.<br \/>\nLa col\u00b7laboraci\u00f3 publicoprivada de <em>Sustainable Energy for All<\/em> cobreix la problem\u00e0tica energ\u00e8tica dels pa\u00efsos en desenvolupament, molts d&#8217;ells amb territoris insulars, i desenvolupa projectes energ\u00e8tics amb diferents fonts de finan\u00e7ament.<\/p>\n","protected":false},"excerpt":{"rendered":"<p>L&#8217;energia \u00e9s un recurs b\u00e0sic per al desenvolupament de qualsevol activitat social i econ\u00f2mica. En el cas dels territoris insulars, atesa la seva condici\u00f3 de comunitats a\u00efllades i la complexitat de la log\u00edstica d&#8217;acc\u00e9s a recursos primaris, aquesta afirmaci\u00f3 tan \u00f2bvia provoca que el disseny dels sistemes energ\u00e8tics hi resulti cr\u00edtic. Les illes han utilitzat tradicionalment hidrocarburs de forma massiva, i no nom\u00e9s per al sector del transport, per la qual cosa la descarbonitzaci\u00f3 amb totes les tecnologies disponibles hi \u00e9s encara m\u00e9s urgent.<\/p>\n","protected":false},"author":1,"featured_media":16217,"comment_status":"closed","ping_status":"closed","sticky":false,"template":"","format":"standard","meta":{"_mi_skip_tracking":false,"mc4wp_mailchimp_campaign":[],"jnews-multi-image_gallery":[],"jnews_single_post":[],"jnews_primary_category":[]},"categories":[10844,10815,12,10477],"tags":[10476,10481,10482,826,1051,1125],"_links":{"self":[{"href":"https:\/\/www.monempresarial.com\/ca\/wp-json\/wp\/v2\/posts\/34960"}],"collection":[{"href":"https:\/\/www.monempresarial.com\/ca\/wp-json\/wp\/v2\/posts"}],"about":[{"href":"https:\/\/www.monempresarial.com\/ca\/wp-json\/wp\/v2\/types\/post"}],"author":[{"embeddable":true,"href":"https:\/\/www.monempresarial.com\/ca\/wp-json\/wp\/v2\/users\/1"}],"replies":[{"embeddable":true,"href":"https:\/\/www.monempresarial.com\/ca\/wp-json\/wp\/v2\/comments?post=34960"}],"version-history":[{"count":1,"href":"https:\/\/www.monempresarial.com\/ca\/wp-json\/wp\/v2\/posts\/34960\/revisions"}],"predecessor-version":[{"id":47572,"href":"https:\/\/www.monempresarial.com\/ca\/wp-json\/wp\/v2\/posts\/34960\/revisions\/47572"}],"wp:featuredmedia":[{"embeddable":true,"href":"https:\/\/www.monempresarial.com\/ca\/wp-json\/wp\/v2\/media\/16217"}],"wp:attachment":[{"href":"https:\/\/www.monempresarial.com\/ca\/wp-json\/wp\/v2\/media?parent=34960"}],"wp:term":[{"taxonomy":"category","embeddable":true,"href":"https:\/\/www.monempresarial.com\/ca\/wp-json\/wp\/v2\/categories?post=34960"},{"taxonomy":"post_tag","embeddable":true,"href":"https:\/\/www.monempresarial.com\/ca\/wp-json\/wp\/v2\/tags?post=34960"}],"curies":[{"name":"wp","href":"https:\/\/api.w.org\/{rel}","templated":true}]}}