{"id":3500,"date":"2015-03-16T08:00:43","date_gmt":"2015-03-16T07:00:43","guid":{"rendered":"http:\/\/monempresarial.com\/?p=3500"},"modified":"2025-09-16T11:53:57","modified_gmt":"2025-09-16T09:53:57","slug":"poltrones-o-cadires-plegables","status":"publish","type":"post","link":"https:\/\/www.monempresarial.com\/ca\/2015\/03\/16\/poltrones-o-cadires-plegables\/","title":{"rendered":"Poltrones o cadires plegables?<\/span> El l\u00edmit dels mandats a les institucions"},"content":{"rendered":"<h4><img decoding=\"async\" loading=\"lazy\" class=\"alignright size-full wp-image-8863\" src=\"http:\/\/monempresarial.com\/wp-content\/uploads\/2016\/02\/mon-empresarial-005-xavier-torrens.png\" alt=\"mon-empresarial-005-xavier-torrens\" width=\"215\" height=\"275\" \/>A Catalunya (i a Espanya) s\u00f3n molts els pol\u00edtics que s\u2019eternitzen en el seu c\u00e0rrec. Qu\u00e8 ho fa que es produeixi aquesta manca de relleu? I, sobretot, quines conseq\u00fc\u00e8ncies comporta un sistema pol\u00edtic aix\u00ed?<\/h4>\n<h4><a style=\"color: #ae0f09;\" href=\"http:\/\/monempresarial.com\/author\/xtorrens\/\">Xavier Torrens.<\/a> Professor de Ci\u00e8ncia Pol\u00edtica a la UB. Polit\u00f2leg i soci\u00f2leg.<\/h4>\n<hr style=\"color: #b72126;\" \/>\n<p>Al nostre pa\u00eds hi ha dos tipus de pol\u00edtics: els interessats i els interessants. Els interessats s\u00f3n aquells que acostumen a fer-se cr\u00f2nics i que fan pol\u00edtica perqu\u00e8 \u00e9s el seu cam\u00ed per sortir-se\u2019n a la vida i, alguns d\u2019ells, fins i tot s\u00f3n gent de malviure que subsisteix a costa de la ciutadania, ja sigui malbaratant o malversant els diners p\u00fablics que emanen dels impostos. Cap pol\u00edtic no es veu aix\u00ed \u2013ai!\u2013, per\u00f2 s\u00f3n els pol\u00edtics de la poltrona que escanyen recursos.<\/p>\n<p>Els pol\u00edtics interessants, en canvi, s\u00f3n professionals ben formats i que compten amb una traject\u00f2ria laboral d\u2019\u00e8xit en el seu camp abans d\u2019entrar a formar part de les institucions pol\u00edtiques. S\u00f3n una mestra que fa pol\u00edtica educativa, un gestor cultural que fa pol\u00edtica cultural o una metgessa que fa pol\u00edtica de salut i que, quan passa a formar part de les institucions, hi fa transfer\u00e8ncia de coneixements, aportant el seu <i>know-how<\/i> a l\u2019esfera p\u00fablica. Tamb\u00e9 s\u00f3n els pol\u00edtics de les cadires plegables, \u00e9s a dir, aquells que deixen la cadira (els escons o els c\u00e0rrecs p\u00fablics) per tornar a dedicar-se a la seva feina quan pertoca. Perqu\u00e8 amb ells, la pol\u00edtica funciona com una cadira plegable, que es plega i es guarda quan ja no ha de fer m\u00e9s servei sense m\u00e9s dilaci\u00f3.<\/p>\n<blockquote>\n<h2 style=\"color: #939598;\">Clar i catal\u00e0. La pregunta clau \u00e9s: volem pol\u00edtics interessats a fornir les seves arques personals (cofoisme o guanys) o b\u00e9 incentivem pol\u00edtics interessants que s\u00e0piguen liderar els processos pol\u00edtics i dissenyar les pol\u00edtiques p\u00fabliques?<\/h2>\n<\/blockquote>\n<p>Llavors, preguntem-nos: les institucions pol\u00edtiques, qu\u00e8 ofereixen? Poltrones institucionals o b\u00e9 cadires plegables? Perqu\u00e8 els pol\u00edtics de poltrona s\u2019eternitzaran en els c\u00e0rrecs parlamentaris o del govern mentre puguin fer-ho i es rovellaran fins que es facin blocatges institucionals. Per aix\u00f2, cal que els l\u00edmits als mandats provinguin de les pr\u00f2pies institucions. A tall d\u2019exemple, el President dels Estats Units d\u2019Am\u00e8rica nom\u00e9s pot ser-ho per vuit anys. I \u00e9s que limitar els mandats, suprimir els aforaments, eliminar els sobresous i altres mesures en aquest sentit abaixarien la corrupci\u00f3 i reeixirien l\u2019efic\u00e0cia de les pol\u00edtiques p\u00fabliques.<\/p>\n\n<table id=\"tablepress-34\" class=\"tablepress tablepress-id-34\">\n<thead>\n<tr class=\"row-1 odd\">\n\t<th colspan=\"2\" class=\"column-1\"><span style=\"color: #000000; font-weight: bold; text-transform:uppercase;\">Els aforats,<\/span><span style=\"color: #ffffff; font-weight: bold; text-transform:uppercase;\"> UNA FIGURA ANACR\u00d2NICA I PERVERSA  <\/span><\/th>\n<\/tr>\n<\/thead>\n<tbody class=\"row-hover\">\n<tr class=\"row-2 even\">\n\t<td class=\"column-1\"><span style=\"color: #000000; font-weight: bold; text-transform:uppercase;\">A Espanya<\/span> hi ha 17.621 aforats, entre ells, els membres dels Governs central i auton\u00f2mics, els diputats de tots els parlaments, c\u00fapula del Tribunal Suprem i del Tribunal Constitucional, a banda de la fam\u00edlia reial. <br \/>\nEn canvi, als Estats Units, Alemanya o Gran Breta\u00f1a, no n'hi ha cap. <\/td><td class=\"column-2\"><img src=\"http:\/\/monempresarial.com\/wp-content\/uploads\/2015\/03\/monempresarial-001_aforats-espanya2-300x181.png\" alt=\"Nombre d&#039;aforats a Espanya\" width=\"300\" height=\"181\" class=\"alignright size-medium wp-image-3517\" \/><\/td>\n<\/tr>\n<\/tbody>\n<\/table>\n<!-- #tablepress-34 from cache -->\n","protected":false},"excerpt":{"rendered":"<p>A Catalunya (i a Espanya) s\u00f3n molts els pol\u00edtics que s\u2019eternitzen en el seu c\u00e0rrec. Qu\u00e8 ho fa que es produeixi aquesta manca de relleu? I, sobretot, quines conseq\u00fc\u00e8ncies comporta un sistema pol\u00edtic aix\u00ed?<\/p>\n","protected":false},"author":16,"featured_media":3513,"comment_status":"open","ping_status":"open","sticky":false,"template":"","format":"standard","meta":{"_mi_skip_tracking":false,"mc4wp_mailchimp_campaign":[],"jnews-multi-image_gallery":[],"jnews_single_post":[],"jnews_primary_category":[]},"categories":[9,24],"tags":[116,351,364,365,366,5730,6021,6022,6023],"_links":{"self":[{"href":"https:\/\/www.monempresarial.com\/ca\/wp-json\/wp\/v2\/posts\/3500"}],"collection":[{"href":"https:\/\/www.monempresarial.com\/ca\/wp-json\/wp\/v2\/posts"}],"about":[{"href":"https:\/\/www.monempresarial.com\/ca\/wp-json\/wp\/v2\/types\/post"}],"author":[{"embeddable":true,"href":"https:\/\/www.monempresarial.com\/ca\/wp-json\/wp\/v2\/users\/16"}],"replies":[{"embeddable":true,"href":"https:\/\/www.monempresarial.com\/ca\/wp-json\/wp\/v2\/comments?post=3500"}],"version-history":[{"count":1,"href":"https:\/\/www.monempresarial.com\/ca\/wp-json\/wp\/v2\/posts\/3500\/revisions"}],"predecessor-version":[{"id":47147,"href":"https:\/\/www.monempresarial.com\/ca\/wp-json\/wp\/v2\/posts\/3500\/revisions\/47147"}],"wp:featuredmedia":[{"embeddable":true,"href":"https:\/\/www.monempresarial.com\/ca\/wp-json\/wp\/v2\/media\/3513"}],"wp:attachment":[{"href":"https:\/\/www.monempresarial.com\/ca\/wp-json\/wp\/v2\/media?parent=3500"}],"wp:term":[{"taxonomy":"category","embeddable":true,"href":"https:\/\/www.monempresarial.com\/ca\/wp-json\/wp\/v2\/categories?post=3500"},{"taxonomy":"post_tag","embeddable":true,"href":"https:\/\/www.monempresarial.com\/ca\/wp-json\/wp\/v2\/tags?post=3500"}],"curies":[{"name":"wp","href":"https:\/\/api.w.org\/{rel}","templated":true}]}}