{"id":35103,"date":"2022-05-13T09:00:08","date_gmt":"2022-05-13T07:00:08","guid":{"rendered":"https:\/\/www.monempresarial.com\/2022\/04\/19\/el-nuevo-paradigma-las-competencias-profesionales\/"},"modified":"2025-09-24T10:54:10","modified_gmt":"2025-09-24T08:54:10","slug":"el-nou-paradigma-les-competencies-professionals","status":"publish","type":"post","link":"https:\/\/www.monempresarial.com\/ca\/2022\/05\/13\/el-nou-paradigma-les-competencies-professionals\/","title":{"rendered":"El nou paradigma: les compet\u00e8ncies professionals"},"content":{"rendered":"<p><span style=\"color: #663300;\"><strong><img decoding=\"async\" loading=\"lazy\" class=\"alignright wp-image-35097\" src=\"https:\/\/www.monempresarial.com\/wp-content\/uploads\/2022\/04\/Marc_2020-esquerra.jpg\" alt=\"\" width=\"291\" height=\"202\" srcset=\"https:\/\/www.monempresarial.com\/wp-content\/uploads\/2022\/04\/Marc_2020-esquerra.jpg 1395w, https:\/\/www.monempresarial.com\/wp-content\/uploads\/2022\/04\/Marc_2020-esquerra-300x209.jpg 300w, https:\/\/www.monempresarial.com\/wp-content\/uploads\/2022\/04\/Marc_2020-esquerra-1024x713.jpg 1024w, https:\/\/www.monempresarial.com\/wp-content\/uploads\/2022\/04\/Marc_2020-esquerra-300x209@2x.jpg 600w\" sizes=\"(max-width: 291px) 100vw, 291px\" \/>La Llei 25\/2009, coneguda com a llei \u00d2mnibus, va n\u00e9ixer per impulsar una millora global del marc regulador del sector serveis, tot reduint les traves i barreres que hi havia fins aquell moment.<\/strong><\/span><\/p>\n<h4><span style=\"color: #663300; font-weight: bold; text-transform: uppercase;\">MIQUEL DARN\u00c9S I CIRERA. <\/span><strong>President del Consell de Col\u00b7legis d\u2019Enginyers Graduats i Enginyers T\u00e8cnics Industrials de Catalunya.<\/strong><\/h4>\n<hr style=\"color: #b72126;\" \/>\n<p>Des d\u2019aleshores, nom\u00e9s per les obres definides dins l\u2019\u00e0mbit de la LOE (Llei d\u2019Ordenaci\u00f3 de l\u2019Edificaci\u00f3) es demanen de forma expl\u00edcita les atribucions professionals corresponents en cada cas. En la resta de casos, com ara projectes d\u2019activitats o auditories energ\u00e8tiques, entre altres, es fan servir expressions com ara t\u00e8cnic competent, facultatiu competent o t\u00e8cnic responsable. Per tant, aix\u00f2 \u00e9s una porta oberta perqu\u00e8 les reserves d\u2019activitats per determinades actuacions professionals cada cop estiguin m\u00e9s q\u00fcestionades, entre altres, per la Comissi\u00f3 Nacional dels Mercats i la Compet\u00e8ncia, que en els seus informes aposta per una desregularitzaci\u00f3 dels serveis professionals, d\u2019acord amb l\u2019esmentada llei i la t\u00f2nica imperant als pa\u00efsos europeus.<\/p>\n<p>Per\u00f2 nosaltres no ens cansem de repetir que simplificaci\u00f3 administrativa, s\u00ed, per\u00f2 seguretat, tamb\u00e9. I m\u00e9s quan, en el nostre \u00e0mbit, a banda de la seguretat en les instal\u00b7lacions i en els equipaments, tamb\u00e9 hi ha en joc la seguretat de les persones. No es pot passar d\u2019un extrem a l\u2019altre sense c\u00f3rrer riscos importants. Per tant, cal exigir les compet\u00e8ncies necess\u00e0ries als professionals perqu\u00e8 pugin oferir els est\u00e0ndards de qualitat necessaris i, d\u2019aquesta manera, tamb\u00e9 evitar l\u2019intrusisme professional.<\/p>\n<blockquote><p>&nbsp;<\/p>\n<h2><span style=\"color: #602d11;\">Aix\u00ed doncs, estem transitant del paradigma atribucions al paradigma compet\u00e8ncies, que s\u2019adquireixen amb els estudis, l\u2019experi\u00e8ncia i la formaci\u00f3 continua. Per\u00f2 les compet\u00e8ncies s\u2019han de poder acreditar, com passa a Europa, amb les certificacions professionals que ja s\u2019estan oferint a trav\u00e9s dels col\u00b7legis professionals. Amb les certificacions, els col\u00b7legis apostem pel futur, per\u00f2 cal que les administracions i les empreses les posin en valor per al benefici i la seguretat de la societat.<\/span><\/h2>\n<\/blockquote>\n","protected":false},"excerpt":{"rendered":"<p>La Llei 25\/2009, coneguda com a llei \u00d2mnibus, va n\u00e9ixer per impulsar una millora global del marc regulador del sector serveis, tot reduint les traves i barreres que hi havia fins aquell moment.<\/p>\n","protected":false},"author":1,"featured_media":35101,"comment_status":"closed","ping_status":"closed","sticky":false,"template":"","format":"standard","meta":{"_mi_skip_tracking":false,"mc4wp_mailchimp_campaign":[],"jnews-multi-image_gallery":[],"jnews_single_post":[],"jnews_primary_category":[]},"categories":[11,10817,37,10838,4718,46],"tags":[10508,10512,10513,10560,954,1115,1135],"_links":{"self":[{"href":"https:\/\/www.monempresarial.com\/ca\/wp-json\/wp\/v2\/posts\/35103"}],"collection":[{"href":"https:\/\/www.monempresarial.com\/ca\/wp-json\/wp\/v2\/posts"}],"about":[{"href":"https:\/\/www.monempresarial.com\/ca\/wp-json\/wp\/v2\/types\/post"}],"author":[{"embeddable":true,"href":"https:\/\/www.monempresarial.com\/ca\/wp-json\/wp\/v2\/users\/1"}],"replies":[{"embeddable":true,"href":"https:\/\/www.monempresarial.com\/ca\/wp-json\/wp\/v2\/comments?post=35103"}],"version-history":[{"count":1,"href":"https:\/\/www.monempresarial.com\/ca\/wp-json\/wp\/v2\/posts\/35103\/revisions"}],"predecessor-version":[{"id":47565,"href":"https:\/\/www.monempresarial.com\/ca\/wp-json\/wp\/v2\/posts\/35103\/revisions\/47565"}],"wp:featuredmedia":[{"embeddable":true,"href":"https:\/\/www.monempresarial.com\/ca\/wp-json\/wp\/v2\/media\/35101"}],"wp:attachment":[{"href":"https:\/\/www.monempresarial.com\/ca\/wp-json\/wp\/v2\/media?parent=35103"}],"wp:term":[{"taxonomy":"category","embeddable":true,"href":"https:\/\/www.monempresarial.com\/ca\/wp-json\/wp\/v2\/categories?post=35103"},{"taxonomy":"post_tag","embeddable":true,"href":"https:\/\/www.monempresarial.com\/ca\/wp-json\/wp\/v2\/tags?post=35103"}],"curies":[{"name":"wp","href":"https:\/\/api.w.org\/{rel}","templated":true}]}}