{"id":35340,"date":"2022-06-09T09:01:16","date_gmt":"2022-06-09T07:01:16","guid":{"rendered":"https:\/\/www.monempresarial.com\/2022\/05\/05\/genesis-de-un-compromiso-ecologico-tardio\/"},"modified":"2025-09-24T10:52:47","modified_gmt":"2025-09-24T08:52:47","slug":"genesi-dun-compromis-ecologic-tarda","status":"publish","type":"post","link":"https:\/\/www.monempresarial.com\/ca\/2022\/06\/09\/genesi-dun-compromis-ecologic-tarda\/","title":{"rendered":"G\u00e8nesi d\u2019un comprom\u00eds ecol\u00f2gic tard\u00e0"},"content":{"rendered":"<h4><img decoding=\"async\" loading=\"lazy\" class=\" wp-image-19133 alignright\" src=\"https:\/\/www.monempresarial.com\/wp-content\/uploads\/2018\/10\/0023.jpg\" alt=\"\" width=\"312\" height=\"207\" srcset=\"https:\/\/www.monempresarial.com\/wp-content\/uploads\/2018\/10\/0023.jpg 640w, https:\/\/www.monempresarial.com\/wp-content\/uploads\/2018\/10\/0023-300x200.jpg 300w, https:\/\/www.monempresarial.com\/wp-content\/uploads\/2018\/10\/0023-252x167.jpg 252w, https:\/\/www.monempresarial.com\/wp-content\/uploads\/2018\/10\/0023-300x200@2x.jpg 600w, https:\/\/www.monempresarial.com\/wp-content\/uploads\/2018\/10\/0023-252x167@2x.jpg 504w\" sizes=\"(max-width: 312px) 100vw, 312px\" \/><\/h4>\n<p><strong>A la cimera del Clima de 2022, la COP27, celebrada a Xarm al-Xeikh, Egipte, es va declarar formalment el final de l&#8217;era del carb\u00f3. No havia estat possible aconseguir-ho en la de l&#8217;any anterior a Glasgow per les pressions de l&#8217;\u00cdndia i els tripijocs de R\u00fassia i la Xina. Des de la COP28 a la COP36, que s\u2019acaba de celebrar ara, al 2030, s&#8217;han encadenat una s\u00e8rie de passos definitius a la UE i a tot el m\u00f3n per reduir substancialment la producci\u00f3 de les energies f\u00f2ssils. Alhora, s&#8217;han complert amb escreix els objectius plantejats per augmentar l&#8217;\u00fas de les energies renovables que les substitueixen. Hi ha hagut diners i s\u2019han fet servir correctament. D&#8217;aquesta manera, es comen\u00e7a a tancar un par\u00e8ntesi de fort desequilibri energ\u00e8tic, forjat durant els darrers dos-cents anys des de la Revoluci\u00f3 Industrial.<\/strong><\/p>\n<p><span style=\"color: #d65a06;\"><strong>JOSEP-FRANCESC VALLS. <\/strong><\/span><strong>Director de la C\u00e0tedra Escenaris de futur, <em>retail<\/em>, turisme i serveis de la BSM-UPF.<\/strong><\/p>\n<hr style=\"color: #b72126;\" \/>\n<p>\u2014Em pregunto pels aven\u00e7os en mat\u00e8ria energ\u00e8tics realitzats a la d\u00e8cada del 2020-2030 \u2014obro el col\u00b7loqui, un cop els cinc ponents s&#8217;han assegut al voltant de la taula presidencial i els assistents s&#8217;han incorporat a la sala.<br \/>\n\u2014Han estat m\u00e9s de dos segles de creixement econ\u00f2mic exponencial els que han passat entre la Revoluci\u00f3 Industrial i l&#8217;actualitat. Durant aquest per\u00edode tot s&#8217;ha basat en energies no renovables que han generat contaminaci\u00f3 atmosf\u00e8rica a trav\u00e9s de les emissions de CO2 i han escalfat el planeta \u2014introdueix el tema la convidada especial, f\u00edsica nuclear\u2014. La m\u00e0quina de vapor -alimentada amb carb\u00f3-, l&#8217;electricitat -emanada de les hidroel\u00e8ctriques-, i el petroli i el gas natural -de combusti\u00f3 f\u00f2ssil-, han protagonitzat aquest temps, millorant extraordin\u00e0riament l&#8217;\u00e0rdua for\u00e7a humana, animal, el foc, el vent i les onades dels milers d&#8217;anys pret\u00e8rits de la humanitat. Gr\u00e0cies a la gesti\u00f3 d&#8217;aquestes energies, van n\u00e9ixer els conceptes de treball, salari, productivitat, riquesa, classes mitjanes, estat del benestar i molts altres beneficis per a una gran part de la poblaci\u00f3; \u00e9s clar que, juntament amb ells, es van esgotar tamb\u00e9 les reserves de combustible, es va provocar l&#8217;efecte hivernacle i va augmentar alhora la contaminaci\u00f3 local, la pluja \u00e0cida i la desforestaci\u00f3. A m\u00e9s, les pugnes per accedir a les mat\u00e8ries primeres van comportar m\u00e9s desigualtats entre els pobles, fins al punt que s&#8217;ha arriscat moltes vegades la pau mundial.<\/p>\n<p><span style=\"color: #d65a06;\"><strong>COMEN\u00c7A EL COMPTE ENRERE<\/strong><\/span><br \/>\n<img decoding=\"async\" loading=\"lazy\" class=\"alignright wp-image-35347\" src=\"https:\/\/www.monempresarial.com\/wp-content\/uploads\/2022\/05\/dada-catala.jpg\" alt=\"\" width=\"221\" height=\"223\" srcset=\"https:\/\/www.monempresarial.com\/wp-content\/uploads\/2022\/05\/dada-catala.jpg 521w, https:\/\/www.monempresarial.com\/wp-content\/uploads\/2022\/05\/dada-catala-298x300.jpg 298w, https:\/\/www.monempresarial.com\/wp-content\/uploads\/2022\/05\/dada-catala-150x150.jpg 150w, https:\/\/www.monempresarial.com\/wp-content\/uploads\/2022\/05\/dada-catala-150x150@2x.jpg 300w\" sizes=\"(max-width: 221px) 100vw, 221px\" \/>Juntament amb la f\u00edsica que ha pres la paraula en primer lloc, han estat convidats al col\u00b7loqui dos l\u00edders dels Verds, un exdirector general d&#8217;Energia de la UE i un empresari energ\u00e8tic. Ple al Paranimf: alumnes interessats, professors de facultats diverses, directius de les empreses que participen en projectes energ\u00e8tics amb la universitat i pol\u00edtics de gran espectre.<\/p>\n<p>Interv\u00e9 la primera de les dues l\u00edders dels Verds:<br \/>\n\u2014Hi ha dues maneres de viure: la basada en el malbaratament de mat\u00e8ries primeres, que condueix a la sobreproducci\u00f3 creixent i a la destrucci\u00f3 del planeta; i la fonamentada en l\u2019\u00fas d\u2019energies netes, que encamina cap a l\u2019equilibri ecol\u00f2gic. Des del 2010, es tractava d&#8217;evitar que el 2050 l&#8217;escalfament de la Terra super\u00e9s els 1,5 o 2 graus i el nivell d&#8217;aigua segu\u00eds elevant-se. Al ritme que an\u00e0vem, la primera cosa resultava inevitable; respecte a la segona, entre el 1900 i el 2018, les aig\u00fces havien pujat ja 20 cent\u00edmetres i, sense actuacions dr\u00e0stiques, s&#8217;elevarien entre 40 o 80 cent\u00edmetres m\u00e9s. Calia frenar en sec l&#8217;augment de les emissions de CO2 i d&#8217;altres gasos d&#8217;efecte hivernacle al primer m\u00f3n i, alhora, ajudar la resta de pa\u00efsos a complir tamb\u00e9 els compromisos del clima aportant quantitats moltes vegades repetides i finalment desemborsades: uns 100.000 milions de d\u00f2lars.<br \/>\n\u2014Des de la d\u00e8cada de 1990 \u2014afegeix la segona membre dels Verds\u2014, el Club de Roma i altres institucions multilaterals impulsen un gran nombre de cimeres i reunions per cridar l&#8217;atenci\u00f3 davant d&#8217;aquests estats catastr\u00f2fics que s&#8217;acosten. Els objectius es mostren cada cop m\u00e9s clars: 1) continuar creixent econ\u00f2micament; 2) reduir la producci\u00f3 i l\u2019\u00fas de les energies contaminants; i 3) substituir-les per energies renovables.<\/p>\n<blockquote>\n<h2 style=\"color: #d65a06;\"><span style=\"color: #d65a06;\"><img decoding=\"async\" loading=\"lazy\" class=\"alignright wp-image-35329\" src=\"https:\/\/www.monempresarial.com\/wp-content\/uploads\/2022\/05\/icono-diana-1.jpg\" alt=\"\" width=\"159\" height=\"189\" srcset=\"https:\/\/www.monempresarial.com\/wp-content\/uploads\/2022\/05\/icono-diana-1.jpg 380w, https:\/\/www.monempresarial.com\/wp-content\/uploads\/2022\/05\/icono-diana-1-252x300.jpg 252w\" sizes=\"(max-width: 159px) 100vw, 159px\" \/>Des de la d\u00e8cada de 1990, el Club de Roma i altres institucions multilaterals van impulsar un gran nombre de cimeres i reunions per cridar l\u2019atenci\u00f3 davant dels estats catastr\u00f2fics que s\u2019acostaven. Unes trobades que van resultar una mica dubitatives fins que, el 2024, es va produir la mutaci\u00f3 i la UE i la majoria dels organismes multilaterals van insuflar sumes voluminoses en la transformaci\u00f3 energ\u00e8tica<\/span><\/h2>\n<\/blockquote>\n<p><span style=\"color: #d65a06;\"><strong>L&#8217;EFECTE 2024 DEL CLIMA<\/strong><\/span><br \/>\nL&#8217;holografia del moderador de l&#8217;acte es passeja per sobre de l&#8217;escenari, mentre que, a la pantalla 3D, hi apareixen gr\u00e0fics i animaci\u00f3 diversa que complementen les explicacions:<br \/>\n\u2014Durant el decenni 2020-2030 \u2014afirma el moderador\u2014, s&#8217;han accelerat totes tres tasques. La primera, les renovables han passat de representar el 13% el 2020 a prop del 18% el 2030, dos punts per sobre de les previsions. Aix\u00f2 ha augmentat el PIB mundial un 0,4%, superant els millors pron\u00f2stics. La implantaci\u00f3 massiva d&#8217;energies renovables i alternatives ha generat la creaci\u00f3 de milions de nous llocs de treball al seu voltant, i alhora s&#8217;han redu\u00eft despeses, com ara en l\u2019\u00e0mbit sanitari. La segona, la gran majoria dels pa\u00efsos han pres mesures dr\u00e0stiques \u2014fins i tot en el cas de la Xina, R\u00fassia i l&#8217;\u00cdndia des del 2024\u2014 per redre\u00e7ar l&#8217;empremta ecol\u00f2gica; alhora, el mercat de CO2, que penalitza l&#8217;\u00fas de les energies brutes, ha esdevingut el motor financer de la transformaci\u00f3. I la tercera, es disparen les energies renovables \u2013e\u00f2lica, nuclear, solar, biomassa\u2013, es redueix el transport aeri, circulen molts menys cotxes per les carreteres i autopistes, s&#8217;han precintat gaireb\u00e9 totes les centrals de carb\u00f3 del m\u00f3n, el 70% dels autom\u00f2bils s\u00f3n el\u00e8ctrics i els humans han pres consci\u00e8ncia del cost energ\u00e8tic de la majoria dels productes que consumeixen.<br \/>\nM\u00fasica de fons, petillant de te per a tots, moments de relax.<br \/>\n\u2014En el cas espanyol \u2014prossegueix el moderador\u2014, en el Pla Nacional Integrat d&#8217;Energia i Clima, PNIEC 2021-2030, s\u2019hi van fixar els objectius seg\u00fcents: reduir totes aquelles fonts que generen efecte hivernacle en un 21%; incrementar l&#8217;energia renovable sobre el consum total d&#8217;energia un 42%, sobretot pel que fa a la solar, tant t\u00e8rmica com fotovoltaica, i l&#8217;e\u00f2lica; millorar l&#8217;efici\u00e8ncia energ\u00e8tica en un 39,6% i insuflar un 74% d&#8217;energia renovable a la generaci\u00f3 el\u00e8ctrica.<br \/>\nEs van assolir totes les metes.<br \/>\nA la taula, hi arriba una pregunta des del p\u00fablic:<br \/>\n\u2014Quan es percep efectivament el canvi de mentalitat cap a la transformaci\u00f3 energ\u00e8tica?<br \/>\n\u2014Durant els primers anys de la d\u00e8cada \u2014respon l&#8217;exdirector general d&#8217;Energia de la UE\u2014, les cimeres del clima van resultar una mica dubitatives, per\u00f2 la UE i la majoria dels organismes multilaterals van insuflar sumes voluminoses en la transformaci\u00f3 energ\u00e8tica. Va ser el 2024 quan es va produir la mutaci\u00f3. A m\u00e9s de l\u2019esquerra, gaireb\u00e9 tots els partits conservadors ho van veure clar. Nom\u00e9s van quedar fora del consens la dreta radical i els feixismes, just en el moment que van comen\u00e7ar a perdre vots per tot arreu. Per aix\u00f2, a marxes for\u00e7ades, aquests darrers sis anys s&#8217;han superat amb escreix els objectius que l&#8217;Ag\u00e8ncia Internacional de l&#8217;Energia preveia per al 2040. Entre reconduir l&#8217;energia o entrar en un cicle fosc de decad\u00e8ncia per d\u00e8cades o segles, es va optar per el primer.<\/p>\n<p><img decoding=\"async\" loading=\"lazy\" class=\"aligncenter wp-image-35333\" src=\"https:\/\/www.monempresarial.com\/wp-content\/uploads\/2022\/05\/icono-molinos.jpg\" alt=\"\" width=\"615\" height=\"270\" srcset=\"https:\/\/www.monempresarial.com\/wp-content\/uploads\/2022\/05\/icono-molinos.jpg 1150w, https:\/\/www.monempresarial.com\/wp-content\/uploads\/2022\/05\/icono-molinos-300x132.jpg 300w, https:\/\/www.monempresarial.com\/wp-content\/uploads\/2022\/05\/icono-molinos-1024x451.jpg 1024w, https:\/\/www.monempresarial.com\/wp-content\/uploads\/2022\/05\/icono-molinos-300x132@2x.jpg 600w\" sizes=\"(max-width: 615px) 100vw, 615px\" \/><br \/>\nUn antic rector assistent a l\u2019acte descriu l\u2019efecte 2024 del clima com un moment d\u2019\u201ceuf\u00f2ria i la sensaci\u00f3 d\u2019iniciar una nova etapa hist\u00f2rica\u201d; el mateix, expressa, que quan es van signar els Tractats de Roma o els Acords de Bretton Woods.<br \/>\n\u2014Si no hagu\u00e9s estat per la consci\u00e8ncia popular \u2014postil\u00b7la la segona representant dels Verds\u2014, no s&#8217;hauria produ\u00eft la transformaci\u00f3 energ\u00e8tica. Em refereixo a la llum natural davant de l&#8217;artificial, les bombetes de baix consum, la desconnexi\u00f3 dels aparells, el canvi d&#8217;h\u00e0bits alimentaris, el reciclatge de residus, el trasllat al lloguer i els cotxes el\u00e8ctrics\u2026<br \/>\n\u2014\u2026 i si no hagu\u00e9s estat per la consci\u00e8ncia empresarial \u2014afegeix el quart ponent, director d&#8217;una empresa que participa en un projecte de la universitat\u2014, tampoc no s&#8217;hauria aconseguit l&#8217;efecte 2024 del clima. En molts casos, ens vam posar al capdavant de la transformaci\u00f3, nosaltres i les nostres associacions patronals.<\/p>\n<p><span style=\"color: #d65a06;\"><strong>TRENS NOCTURNS ENTRE LES CIUTATS EUROPEES PRINCIPALS<\/strong><\/span><br \/>\n<img decoding=\"async\" loading=\"lazy\" class=\"alignright wp-image-35335\" src=\"https:\/\/www.monempresarial.com\/wp-content\/uploads\/2022\/05\/icono-bombilla.jpg\" alt=\"\" width=\"116\" height=\"181\" srcset=\"https:\/\/www.monempresarial.com\/wp-content\/uploads\/2022\/05\/icono-bombilla.jpg 311w, https:\/\/www.monempresarial.com\/wp-content\/uploads\/2022\/05\/icono-bombilla-192x300.jpg 192w\" sizes=\"(max-width: 116px) 100vw, 116px\" \/>El moderador prossegueix amb el seu informe i a les pantalles s&#8217;hi avan\u00e7a una nova profusi\u00f3 de dades i imatges:<br \/>\n\u2014Els partits Verds \u2014afegeix\u2014 lideren avui gaireb\u00e9 tots els governs de la UE o els tinten d&#8217;aquest color. S\u00f3n el grup hegem\u00f2nic al Parlament Europeu. L&#8217;alemany, que governa a Berl\u00edn des del 2021, va aconseguir impulsar el 2024 els trens r\u00e0pids nocturns entre les grans ciutats europees. Aquesta mesura per si sola ha redu\u00eft el 15% dels vols dins d\u2019Europa i el 10% dels fluxos automobil\u00edstics.<br \/>\nApareixen a les pantalles nombroses escenes d&#8217;esfor\u00e7os pel clima i les conseq\u00fc\u00e8ncies.<br \/>\nUna altra pregunta des del p\u00fablic:<br \/>\n\u2014Antoine Lavoisier, el pare de la qu\u00edmica moderna, va dir que \u201cl&#8217;energia no es crea ni es destrueix, nom\u00e9s es transforma\u2026\u201d. Per\u00f2 alguna part d&#8217;ella es perd pel cam\u00ed, no?<br \/>\n\u2014L&#8217;efici\u00e8ncia energ\u00e8tica consisteix a facilitar el proc\u00e9s de la transformaci\u00f3, sense minva. La digitalitzaci\u00f3 exerceix un paper fonamental en la perfecci\u00f3 del proc\u00e9s. D&#8217;altra banda, la f\u00edsica qu\u00e0ntica \u2014respon el f\u00edsic nuclear\u2014 obre oportunitats infinites a l&#8217;energia dels \u00e0toms i els sub\u00e0toms. T\u00e8cnicament estem en condicions de no perdre gens ni mica d&#8217;energia.<\/p>\n<blockquote>\n<h2 style=\"color: #d65a06;\"><span style=\"color: #d65a06;\"><img decoding=\"async\" loading=\"lazy\" class=\"alignleft wp-image-35331\" src=\"https:\/\/www.monempresarial.com\/wp-content\/uploads\/2022\/05\/icono-tren.jpg\" alt=\"\" width=\"178\" height=\"174\" srcset=\"https:\/\/www.monempresarial.com\/wp-content\/uploads\/2022\/05\/icono-tren.jpg 552w, https:\/\/www.monempresarial.com\/wp-content\/uploads\/2022\/05\/icono-tren-300x293.jpg 300w\" sizes=\"(max-width: 178px) 100vw, 178px\" \/>Els partits Verds lideren el 2030 gaireb\u00e9 tots els governs de la UE o els tinten d&#8217;aquest color. S\u00f3n el grup hegem\u00f2nic al Parlament Europeu. L&#8217;alemany, que governa a Berl\u00edn des del 2021, va aconseguir impulsar el 2024 els trens r\u00e0pids nocturns entre les grans ciutats europees. Aquesta mesura per si sola ha redu\u00eft el 15% dels vols dins d\u2019Europa i el 10% dels fluxos automobil\u00edstics<\/span><\/h2>\n<\/blockquote>\n<p>De fons sona la can\u00e7\u00f3 de Jorge Dresler, \u201cTodo se transforma\u201d: \u201cTu beso se hizo calor\/ Luego el calor, movimiento. Luego gota de sudor\/Que se hizo vapor, luego viento. Cada uno da lo que recibe\/Y luego recibe lo que da. Nada es m\u00e1s simple\/ No hay otra norma. Nada se pierde\/Todo se transforma\u201d\u2026<br \/>\nUna enquesta publicada la setmana passada confirma que els ecologistes i els empresaris del sector, cadasc\u00fa per la seva banda, es consideren for\u00e7a satisfets dels \u00e8xits; la majoria dels ciutadans, tamb\u00e9.<br \/>\nTanco l&#8217;acte. Agraeixo als ponents i als assistents la seva pres\u00e8ncia i inter\u00e8s. Passem al c\u00f2ctel compost de Nolodrinks, hidromels i kombutxes, les begudes de moda.<\/p>\n<p>&nbsp;<\/p>\n<p><img decoding=\"async\" loading=\"lazy\" class=\"aligncenter wp-image-35343\" src=\"https:\/\/www.monempresarial.com\/wp-content\/uploads\/2022\/05\/infografia-3-objectius.jpg\" alt=\"\" width=\"463\" height=\"586\" srcset=\"https:\/\/www.monempresarial.com\/wp-content\/uploads\/2022\/05\/infografia-3-objectius.jpg 510w, https:\/\/www.monempresarial.com\/wp-content\/uploads\/2022\/05\/infografia-3-objectius-237x300.jpg 237w, https:\/\/www.monempresarial.com\/wp-content\/uploads\/2022\/05\/infografia-3-objectius-237x300@2x.jpg 474w\" sizes=\"(max-width: 463px) 100vw, 463px\" \/><\/p>\n","protected":false},"excerpt":{"rendered":"<p>A la cimera del Clima de 2022, la COP27, celebrada a Xarm al-Xeikh, Egipte, es va declarar formalment el final de l&#8217;era del carb\u00f3. No havia estat possible aconseguir-ho en la de l&#8217;any anterior a Glasgow per les pressions de l&#8217;\u00cdndia i els tripijocs de R\u00fassia i la Xina. Des de la COP28 a la COP36, que s\u2019acaba de celebrar ara, al 2030, s&#8217;han encadenat una s\u00e8rie de passos definitius a la UE i a tot el m\u00f3n per reduir substancialment la producci\u00f3 de les energies f\u00f2ssils. Alhora, s&#8217;han complert amb escreix els objectius plantejats per augmentar l&#8217;\u00fas de les energies renovables que les substitueixen. Hi ha hagut diners i s\u2019han fet servir correctament. D&#8217;aquesta manera, es comen\u00e7a a tancar un par\u00e8ntesi de fort desequilibri energ\u00e8tic, forjat durant els darrers dos-cents anys des de la Revoluci\u00f3 Industrial.  <\/p>\n","protected":false},"author":34,"featured_media":35338,"comment_status":"closed","ping_status":"closed","sticky":false,"template":"","format":"standard","meta":{"_mi_skip_tracking":false,"mc4wp_mailchimp_campaign":[],"jnews-multi-image_gallery":[],"jnews_single_post":[],"jnews_primary_category":[]},"categories":[10846,10816,12,7418],"tags":[737,895,4839,10542,10563,328],"_links":{"self":[{"href":"https:\/\/www.monempresarial.com\/ca\/wp-json\/wp\/v2\/posts\/35340"}],"collection":[{"href":"https:\/\/www.monempresarial.com\/ca\/wp-json\/wp\/v2\/posts"}],"about":[{"href":"https:\/\/www.monempresarial.com\/ca\/wp-json\/wp\/v2\/types\/post"}],"author":[{"embeddable":true,"href":"https:\/\/www.monempresarial.com\/ca\/wp-json\/wp\/v2\/users\/34"}],"replies":[{"embeddable":true,"href":"https:\/\/www.monempresarial.com\/ca\/wp-json\/wp\/v2\/comments?post=35340"}],"version-history":[{"count":1,"href":"https:\/\/www.monempresarial.com\/ca\/wp-json\/wp\/v2\/posts\/35340\/revisions"}],"predecessor-version":[{"id":47557,"href":"https:\/\/www.monempresarial.com\/ca\/wp-json\/wp\/v2\/posts\/35340\/revisions\/47557"}],"wp:featuredmedia":[{"embeddable":true,"href":"https:\/\/www.monempresarial.com\/ca\/wp-json\/wp\/v2\/media\/35338"}],"wp:attachment":[{"href":"https:\/\/www.monempresarial.com\/ca\/wp-json\/wp\/v2\/media?parent=35340"}],"wp:term":[{"taxonomy":"category","embeddable":true,"href":"https:\/\/www.monempresarial.com\/ca\/wp-json\/wp\/v2\/categories?post=35340"},{"taxonomy":"post_tag","embeddable":true,"href":"https:\/\/www.monempresarial.com\/ca\/wp-json\/wp\/v2\/tags?post=35340"}],"curies":[{"name":"wp","href":"https:\/\/api.w.org\/{rel}","templated":true}]}}