{"id":35434,"date":"2022-05-20T09:00:10","date_gmt":"2022-05-20T07:00:10","guid":{"rendered":"https:\/\/www.monempresarial.com\/2022\/05\/06\/la-factura-electrica-dafo-las-energias-renovables-2\/"},"modified":"2025-09-24T10:53:08","modified_gmt":"2025-09-24T08:53:08","slug":"la-factura-electrica-dafo-les-energies-renovables","status":"publish","type":"post","link":"https:\/\/www.monempresarial.com\/ca\/2022\/05\/20\/la-factura-electrica-dafo-les-energies-renovables\/","title":{"rendered":"Les energies renovables. DAFO"},"content":{"rendered":"<p><span style=\"color: #000000;\"><strong><span style=\"color: #88576b;\"><img decoding=\"async\" loading=\"lazy\" class=\" wp-image-35430 alignright\" src=\"https:\/\/www.monempresarial.com\/wp-content\/uploads\/2022\/05\/FOTO-WR-hi-150x150.jpg\" alt=\"\" width=\"150\" height=\"150\" srcset=\"https:\/\/www.monempresarial.com\/wp-content\/uploads\/2022\/05\/FOTO-WR-hi-150x150.jpg 150w, https:\/\/www.monempresarial.com\/wp-content\/uploads\/2022\/05\/FOTO-WR-hi.jpg 192w\" sizes=\"(max-width: 150px) 100vw, 150px\" \/>Wolfram Rozas.<\/span> Director del Programa Executiu de <em>Big Data &amp; Analytics<\/em>, Intel\u00b7lig\u00e8ncia Artificial i <em>Smart Energy<\/em> d\u2019EOI Business School.<\/strong><\/span><\/p>\n<hr style=\"color: #b72126;\" \/>\n<div style=\"background-color: #88576b; text-align: center;\"><span style=\"color: #ffffff; font-weight: bold; font-size: 20px;\">DEBILITATS<\/span><\/div>\n<ul>\n<li>Les <strong>fonts d\u2019emmagatzematge:<\/strong> encara <strong>no s\u00f3n cost-eficients<\/strong>.<\/li>\n<li>Els <strong>canvis reguladors<\/strong>, que poden dificultar-ne l\u2019adopci\u00f3 (van darrere de la <em>tech<\/em>).<\/li>\n<li>L&#8217;<strong>elevada inversi\u00f3 que comporta la instal\u00b7laci\u00f3 d&#8217;unitats de generaci\u00f3<\/strong> basades en energies renovables en les fases inicials.<\/li>\n<li>El <strong>per\u00edode de recuperaci\u00f3 de la inversi\u00f3<\/strong>, que continua essent llarg (8-10 anys de mitjana per a microgrids dom\u00e8stiques).<\/li>\n<li>La <strong>forta depend\u00e8ncia de les energies f\u00f2ssils<\/strong> per generar l\u2019energia que demana la societat.<\/li>\n<li>El <strong>model de remuneraci\u00f3 de generaci\u00f3<\/strong>, que ha d\u2019evolucionar. Ha de garantir que les renovables siguin rendibles i que la factura energ\u00e8tica s&#8217;abarateixi.<\/li>\n<li>El <strong>desplegament complicat de la infraestructura del vehicle el\u00e8ctric<\/strong>, cosa que en dificulta l&#8217;extensi\u00f3.<\/li>\n<\/ul>\n<div style=\"background-color: #88576b; text-align: center;\"><span style=\"color: #ffffff; font-weight: bold; font-size: 20px;\">AMENACES<\/span><\/div>\n<ul>\n<li>El <strong>canvi<\/strong> <strong>clim\u00e0tic<\/strong> far\u00e0 que la gesti\u00f3 dels sistemes de generaci\u00f3, transmissi\u00f3 i distribuci\u00f3 energ\u00e8tica sigui m\u00e9s complexa.<\/li>\n<li>La possibilitat que apareguin <strong>jugadors dominants<\/strong> en mercats de demanda o d\u2019oferta.<\/li>\n<li>La <strong>manca d&#8217;acc\u00e9s senzill i generalitzat a les dades de generaci\u00f3 i c\u00e0rrega al nostre pa\u00eds<\/strong>, cosa que dificulta la investigaci\u00f3 en millora de gesti\u00f3 de sistemes renovables.<\/li>\n<li>L&#8217;<strong>escassetat de talent qualificat <\/strong>en noves tecnologies de l&#8217;energia, tecnologies digitals del sector o solucions digitals d&#8217;operaci\u00f3 o per al consumidor.<\/li>\n<li>El fet que l\u2019energia \u00e9s un <strong>sector estrat\u00e8gic<\/strong> que pot estar <strong>condicionat per<\/strong> <strong>vaivens o situacions pol\u00edtiques<\/strong>.<\/li>\n<li>La <strong>in\u00e8rcia de la regulaci\u00f3<\/strong>, que afavoreix el model centralitzat davant de la generaci\u00f3 distribu\u00efda.<\/li>\n<\/ul>\n<div style=\"background-color: #88576b; text-align: center;\"><span style=\"color: #ffffff; font-weight: bold; font-size: 20px;\">FORTALESES<\/span><\/div>\n<ul>\n<li>La <strong>necessitat de reduir les emissions de gasos d\u2019efecte hivernacle<\/strong> per poder complir els Objectius de Desenvolupament Sostenible.<\/li>\n<li>Els <strong>fons Next Generation<\/strong>, que tenen com a un dels seus objectius la Transici\u00f3 Energ\u00e8tica. Tamb\u00e9 el <strong>desenvolupament de l&#8217;Espanya Buidada<\/strong>, que es podria accelerar amb l&#8217;impuls de la generaci\u00f3 distribu\u00efda.<\/li>\n<li>La <strong>potenciaci\u00f3 de l&#8217;electrificaci\u00f3<\/strong> amb l&#8217;<strong>extensi\u00f3 del vehicle el\u00e8ctric<\/strong>, per exemple. Tesla i Amazon en s\u00f3n dos casos d&#8217;\u00e8xit provats.<\/li>\n<li>La <strong>independ\u00e8ncia<\/strong> de les fonts renovables <strong>de les turbul\u00e8ncies del mercat d\u2019altres fonts d\u2019energia<\/strong> com, per exemple, el gas natural.<\/li>\n<li>L&#8217;<strong>extensi\u00f3 de l&#8217;autoconsum<\/strong>, cosa que potencia la instal\u00b7laci\u00f3 de microgrids que reduiran el preu de l&#8217;energia i esmorteiran els preus punta.<\/li>\n<\/ul>\n<div style=\"background-color: #88576b; text-align: center;\"><span style=\"color: #ffffff; font-weight: bold; font-size: 20px;\">OPORTUNITATS<\/span><\/div>\n<ul>\n<li>Les <strong>noves fonts de generaci\u00f3 renovable<\/strong>, com ara les marines (mareomotriu i energia de les ones) i geot\u00e8rmica, unides a un impuls de l&#8217;extensi\u00f3 de les fonts solar i e\u00f2lica.<\/li>\n<li>Els <strong>nous esquemes de flexibilitat<\/strong> basats en comunitats energ\u00e8tiques que es puguin desenvolupar a l&#8217;Espanya Buidada.<\/li>\n<li>Els <strong>nous jugadors del mercat<\/strong>, tant per la banda de la demanda (coalicions de prosumidors) com de l&#8217;oferta (comunitats\/plantes virtuals de generaci\u00f3), que crearan un mercat m\u00e9s l\u00edquid.<\/li>\n<li>Els <strong>nous sistemes d\u2019emmagatzematge<\/strong>, que limitaran la depend\u00e8ncia de la xarxa (sistemes d\u2019emmagatzematge de calor, bateries de metalls l\u00edquids, hidrogen, criog\u00e8nic, aire comprimit).<\/li>\n<li>L&#8217;<strong>aplicaci\u00f3 de tecnologies digitals<\/strong> (<em>big data<\/em>, Intel\u00b7lig\u00e8ncia Artificial, <em>Internet of Things<\/em>, Blockchain, Computaci\u00f3 Qu\u00e0ntica) que assisteixin a la gesti\u00f3 d&#8217;un ecosistema el\u00e8ctric molt m\u00e9s complex.<\/li>\n<li>El <strong>sistema europeu d&#8217;intercanvis de drets d&#8217;emissi\u00f3 de gasos d&#8217;efecte hivernacle<\/strong> (EU-FTS) ha arrencat la <strong>fase 4<\/strong>, un fet que suposa un augment molt acusat del preu per tona equivalent de CO2.<\/li>\n<li>L&#8217;aparici\u00f3 de <strong>nous models de negoci<\/strong> basats en la generaci\u00f3 distribu\u00efda, com ara les microgrids o les centrals virtuals.<\/li>\n<li>El foment de la <strong>interconnexi\u00f3 de transmissi\u00f3 amb altres pa\u00efsos dels mercats associats<\/strong> que, en un futur, ser\u00e0 rellevant.<\/li>\n<\/ul>\n","protected":false},"excerpt":{"rendered":"<p>Las energ\u00edas renovables<\/p>\n","protected":false},"author":1,"featured_media":35433,"comment_status":"closed","ping_status":"closed","sticky":false,"template":"","format":"standard","meta":{"_mi_skip_tracking":false,"mc4wp_mailchimp_campaign":[],"jnews-multi-image_gallery":[],"jnews_single_post":[],"jnews_primary_category":[]},"categories":[34,10816,10848,12],"tags":[329,2418,2793,10096,10455,10553,10556],"_links":{"self":[{"href":"https:\/\/www.monempresarial.com\/ca\/wp-json\/wp\/v2\/posts\/35434"}],"collection":[{"href":"https:\/\/www.monempresarial.com\/ca\/wp-json\/wp\/v2\/posts"}],"about":[{"href":"https:\/\/www.monempresarial.com\/ca\/wp-json\/wp\/v2\/types\/post"}],"author":[{"embeddable":true,"href":"https:\/\/www.monempresarial.com\/ca\/wp-json\/wp\/v2\/users\/1"}],"replies":[{"embeddable":true,"href":"https:\/\/www.monempresarial.com\/ca\/wp-json\/wp\/v2\/comments?post=35434"}],"version-history":[{"count":1,"href":"https:\/\/www.monempresarial.com\/ca\/wp-json\/wp\/v2\/posts\/35434\/revisions"}],"predecessor-version":[{"id":47559,"href":"https:\/\/www.monempresarial.com\/ca\/wp-json\/wp\/v2\/posts\/35434\/revisions\/47559"}],"wp:featuredmedia":[{"embeddable":true,"href":"https:\/\/www.monempresarial.com\/ca\/wp-json\/wp\/v2\/media\/35433"}],"wp:attachment":[{"href":"https:\/\/www.monempresarial.com\/ca\/wp-json\/wp\/v2\/media?parent=35434"}],"wp:term":[{"taxonomy":"category","embeddable":true,"href":"https:\/\/www.monempresarial.com\/ca\/wp-json\/wp\/v2\/categories?post=35434"},{"taxonomy":"post_tag","embeddable":true,"href":"https:\/\/www.monempresarial.com\/ca\/wp-json\/wp\/v2\/tags?post=35434"}],"curies":[{"name":"wp","href":"https:\/\/api.w.org\/{rel}","templated":true}]}}